{"id":250518,"date":"2025-02-19T07:45:18","date_gmt":"2025-02-19T06:45:18","guid":{"rendered":"https:\/\/www.iphone-ticker.de\/?p=250518"},"modified":"2025-02-19T07:46:28","modified_gmt":"2025-02-19T06:46:28","slug":"kommt-heute-das-iphone-se-oder-das-iphone-16e","status":"publish","type":"post","link":"https:\/\/www.iphone-ticker.de\/kommt-heute-das-iphone-se-oder-das-iphone-16e-250518\/","title":{"rendered":"Kommt heute das iPhone SE oder das iPhone 16E?"},"content":{"rendered":"<p>Heute werden wir wohl definitiv die neue Generation des iPhone SE zu sehen bekommen. Ihr erinnert euch: Der Apple-Chef Tim Cook hat in der vergangenen Woche <a href=\"https:\/\/www.ifun.de\/ein-mittwoch-apple-kuendigt-neue-hardware-fuer-den-19-februar-an-248639\/\" title=\"Ein Mittwoch: Apple k\u00fcndigt neue Hardware f\u00fcr den 19. Februar an\">angek\u00fcndigt<\/a>, dass es am heutigen Mittwoch eine Produktvorstellung gibt. Ein ungew\u00f6hnlicher Schritt f\u00fcr das Unternehmen, normalerweise h\u00e4lt sich Apple mit dergleichen ja so weit wie m\u00f6glich zur\u00fcck.<\/p>\n<blockquote class=\"twitter-tweet\">\n<p lang=\"en\" dir=\"ltr\">Get ready to meet the newest member of the family.<\/p>\n<p>Wednesday, February 19. <a href=\"https:\/\/twitter.com\/hashtag\/AppleLaunch?src=hash&amp;ref_src=twsrc%5Etfw\">#AppleLaunch<\/a> <a href=\"https:\/\/t.co\/0ML0NfMedu\">pic.twitter.com\/0ML0NfMedu<\/a><\/p>\n<p>&mdash; Tim Cook (@tim_cook) <a href=\"https:\/\/twitter.com\/tim_cook\/status\/1890068457825394918?ref_src=twsrc%5Etfw\">February 13, 2025<\/a><\/p><\/blockquote>\n<p> <script async src=\"https:\/\/platform.twitter.com\/widgets.js\" charset=\"utf-8\"><\/script><\/p>\n<p>Dementsprechend kann man auch spekulieren, was Cook zu diesem ungew\u00f6hnlichen Schritt bewogen hat. Wollte das Unternehmen lediglich die Luft aus den Ger\u00fcchten um den Start des neuen iPhone-Modells nehmen, oder spielen hier weitere Gr\u00fcnde eine Rolle? Schon direkt nach der omin\u00f6sen Ank\u00fcndigung in der vergangenen Woche wurde ja dar\u00fcber spekuliert, ob die Formulierung \u201e Das neueste Mitglied in der Familie\u201c so auszulegen ist, dass Apple mit dem grundlegenden Wechsel von der Home-Taste auf einen vollfl\u00e4chigen Bildschirm mit Gesichtserkennung auch gleich eine Umbenennung des Telefons vornimmt.<\/p>\n<p>Schon vor einiger Zeit sind ja <a href=\"https:\/\/www.iphone-ticker.de\/noch-im-fruehjahr-wird-aus-dem-iphone-se-4-das-iphone-16e-247848\/\" title=\"Noch im Fr\u00fchjahr: Wird aus dem iPhone SE 4 das iPhone 16E?\">Ger\u00fcchte<\/a> um eine Namens\u00e4nderung zu \u201eiPhone 16E\u201c aufgekommen. Kurz vor der f\u00fcr heute erwarteten Ank\u00fcndigung des neuen iPhone-Modells sind weitere Hinweise dieser Richtung aufgetaucht. So wurde angeblich inzwischen auch eine Verpackung des neuen Ger\u00e4ts gesichtet, auf der sich der Produktname \u201eiPhone 16E\u201c anstelle von \u201eiPhone SE\u201c findet.<\/p>\n<blockquote class=\"twitter-tweet\">\n<p lang=\"en\" dir=\"ltr\">According to the latest information available online, it seems that someone who has seen the boxes of the new iPhone SE 4 has revealed that the official name will be iPhone 16E. Additionally, the design is expected to be based on the iPhone 16 rather than the iPhone 14, but\u2026 <a href=\"https:\/\/t.co\/CcrEXBbcuv\">pic.twitter.com\/CcrEXBbcuv<\/a><\/p>\n<p>&mdash; Majin Bu (@MajinBuOfficial) <a href=\"https:\/\/twitter.com\/MajinBuOfficial\/status\/1891857914849116175?ref_src=twsrc%5Etfw\">February 18, 2025<\/a><\/p><\/blockquote>\n<p> <script async src=\"https:\/\/platform.twitter.com\/widgets.js\" charset=\"utf-8\"><\/script><\/p>\n<h2>Erste H\u00fcllen f\u00fcr das &#8222;iPhone 16E&#8220; bereits im Verkauf<\/h2>\n<p>Auch verwenden einzelne Hersteller von Zubeh\u00f6r wie etwa H\u00fcllen diese Produktbezeichnung bereits f\u00fcr ihre <a rel=\"noindex, nofollow\" href=\"http:\/\/www.ifun.de\/amzn\/B0DR253JJY\">Angebote auf Amazon<\/a>. Die ersten Cases f\u00fcr das neue iPhone SE (oder auch iPhone 16E) sind jedenfalls jetzt schon zur sofortigen Lieferung verf\u00fcgbar.<\/p>\n<p><a href=\"https:\/\/images.iphone-ticker.de\/wp-content\/uploads\/2025\/02\/iphone-16e-case.jpg\"><img loading=\"lazy\" decoding=\"async\" src=\"https:\/\/images.iphone-ticker.de\/wp-content\/uploads\/2025\/02\/iphone-16e-case-700x396.jpg\" alt=\"Iphone 16e Case\" width=\"700\" height=\"396\" class=\"alignnone size-large wp-image-250520\" srcset=\"https:\/\/images.iphone-ticker.de\/wp-content\/uploads\/2025\/02\/iphone-16e-case-700x396.jpg 700w, https:\/\/images.iphone-ticker.de\/wp-content\/uploads\/2025\/02\/iphone-16e-case-500x283.jpg 500w, https:\/\/images.iphone-ticker.de\/wp-content\/uploads\/2025\/02\/iphone-16e-case.jpg 1400w\" sizes=\"auto, (max-width: 700px) 100vw, 700px\" \/><\/a><\/p>\n<p>Es wird mittlerweile auch erwartet, dass sich das neue Apple-Telefon optisch eher an die Modellreihe iPhone 16 anlehnt, also nicht wie bislang vermutet, an die Modellreihe iPhone 14. Allerdings sollen hier die neuesten technischen Errungenschaften wie Apples \u201eDynamic Island\u201c und auch die Taste f\u00fcr die Kamerasteuerung fehlen. Dies d\u00fcrfte allerdings niemanden wundern, nicht nur weil sich das Ger\u00e4t deutlich von Apple-Topmodellen absetzen muss, sondern vor allem, weil sich der erwartete g\u00fcnstige Preis nur durch den Verzicht auf die neuesten Technikdetails erzielen l\u00e4sst.<\/p>\n<h2>Um wieviel Uhr kommt das neue iPhone SE?<\/h2>\n<p>Bez\u00fcglich der Uhrzeit f\u00fcr die heutige Neuvorstellung ist bislang noch alles offen. Standard bei Apple w\u00e4re ja 19 Uhr nach unserer Zeit, dies war in der Vergangenheit jedoch vorrangig im Zusammenhang mit gro\u00df angelegten Events der Fall. Stille Ank\u00fcndigungen per Pressemitteilung haben wir oft auch schon am fr\u00fchen Nachmittag deutscher Zeit gesehen.<img loading=\"lazy\" decoding=\"async\" src=\"https:\/\/vg02.met.vgwort.de\/na\/efefaadbab0646b192cce25a39203eb8\" width=\"1\" height=\"1\" no-lazy class=\"tracking\"><\/p>\n","protected":false},"excerpt":{"rendered":"<a href=\"https:\/\/www.iphone-ticker.de\/kommt-heute-das-iphone-se-oder-das-iphone-16e-250518\/\"><img width=\"150\" height=\"150\" src=\"https:\/\/images.iphone-ticker.de\/wp-content\/uploads\/2025\/02\/iphone-16e-case-150x150.jpg\" class=\"alignright tfe wp-post-image\" alt=\"Iphone 16e Case\" decoding=\"async\" loading=\"lazy\" \/><\/a><p>Heute werden wir wohl definitiv die neue Generation des iPhone SE zu sehen bekommen. Ihr erinnert euch: Der Apple-Chef Tim Cook hat in der vergangenen Woche angek\u00fcndigt, dass es am heutigen Mittwoch eine Produktvorstellung gibt. Ein ungew\u00f6hnlicher Schritt f\u00fcr das Unternehmen, normalerweise h\u00e4lt sich Apple mit dergleichen ja so weit wie m\u00f6glich zur\u00fcck. Get ready [&hellip;]<\/p>\n","protected":false},"author":2,"featured_media":250520,"comment_status":"open","ping_status":"closed","sticky":false,"template":"","format":"standard","meta":{"footnotes":""},"categories":[749],"tags":[7032,3321],"class_list":["post-250518","post","type-post","status-publish","format-standard","has-post-thumbnail","hentry","category-iphone-2","tag-iphone-16e","tag-iphone-se"],"aioseo_notices":[],"subheadline":["Produkt ist klar, die Namensgebung nicht"],"featured_image":["https:\/\/images.iphone-ticker.de\/wp-content\/uploads\/2025\/01\/iphone-16-e.png"],"rest_api_enabler":{"subheadline":"Produkt ist klar, die Namensgebung nicht","featured_image":"https:\/\/images.iphone-ticker.de\/wp-content\/uploads\/2025\/01\/iphone-16-e.png"},"_links":{"self":[{"href":"https:\/\/www.iphone-ticker.de\/apiv2\/wp\/v2\/posts\/250518","targetHints":{"allow":["GET"]}}],"collection":[{"href":"https:\/\/www.iphone-ticker.de\/apiv2\/wp\/v2\/posts"}],"about":[{"href":"https:\/\/www.iphone-ticker.de\/apiv2\/wp\/v2\/types\/post"}],"author":[{"embeddable":true,"href":"https:\/\/www.iphone-ticker.de\/apiv2\/wp\/v2\/users\/2"}],"replies":[{"embeddable":true,"href":"https:\/\/www.iphone-ticker.de\/apiv2\/wp\/v2\/comments?post=250518"}],"version-history":[{"count":5,"href":"https:\/\/www.iphone-ticker.de\/apiv2\/wp\/v2\/posts\/250518\/revisions"}],"predecessor-version":[{"id":250526,"href":"https:\/\/www.iphone-ticker.de\/apiv2\/wp\/v2\/posts\/250518\/revisions\/250526"}],"wp:featuredmedia":[{"embeddable":true,"href":"https:\/\/www.iphone-ticker.de\/apiv2\/wp\/v2\/media\/250520"}],"wp:attachment":[{"href":"https:\/\/www.iphone-ticker.de\/apiv2\/wp\/v2\/media?parent=250518"}],"wp:term":[{"taxonomy":"category","embeddable":true,"href":"https:\/\/www.iphone-ticker.de\/apiv2\/wp\/v2\/categories?post=250518"},{"taxonomy":"post_tag","embeddable":true,"href":"https:\/\/www.iphone-ticker.de\/apiv2\/wp\/v2\/tags?post=250518"}],"curies":[{"name":"wp","href":"https:\/\/api.w.org\/{rel}","templated":true}]}}