{"id":249781,"date":"2025-02-06T09:06:04","date_gmt":"2025-02-06T08:06:04","guid":{"rendered":"https:\/\/www.iphone-ticker.de\/?p=249781"},"modified":"2025-02-06T09:47:23","modified_gmt":"2025-02-06T08:47:23","slug":"bei-sonos-muessen-12-prozent-der-belegschaft-gehen","status":"publish","type":"post","link":"https:\/\/www.iphone-ticker.de\/bei-sonos-muessen-12-prozent-der-belegschaft-gehen-249781\/","title":{"rendered":"Bei Sonos m\u00fcssen 12 Prozent der Belegschaft gehen"},"content":{"rendered":"<p><a href=\"https:\/\/www.jdoqocy.com\/click-7465401-13081492\" title=\"Sonos\">Sonos<\/a> will zwar in K\u00fcrze <a href=\"https:\/\/www.ifun.de\/streaming-box-von-sonos-soll-mehr-als-nur-ein-neues-apple-tv-werden-248018\/\" title=\"Streaming-Box von Sonos soll mehr als nur ein neues Apple TV werden\">neue Hardware<\/a> ank\u00fcndigen, den im vergangenen Jahr mit dem Wechsel auf eine neue App eingel\u00e4uteten Tiefpunkt hat das Unternehmen aber l\u00e4ngst nicht \u00fcberschritten. Wie der neue Sonos-Chef Tom Conrad <a href=\"https:\/\/www.sonos.com\/de-de\/newsroom\/sonos-announces-restructuring\">mitteilt<\/a>, muss das Unternehmen rund 200 Mitarbeiter entlassen. Das sind ungef\u00e4hr 12 Prozent der gesamten Belegschaft.<\/p>\n<p>Ziel der Aktion sei es, das Unternehmen k\u00fcnftig schlanker und fokussierter aufzustellen. Das Produktmanagement werde fortan in eigenst\u00e4ndige Gruppen f\u00fcr Hardware, Software, Design, Qualit\u00e4t und den sonstigen Betrieb umstrukturiert, anstatt separate Gesch\u00e4ftsbereiche f\u00fcr die einzelnen Produktkategorien zu erhalten. Auf diese Weise kann man Entscheidungsprozesse vereinfachen und die Priorisierung von Produkten verbessern.<\/p>\n<p><a href=\"https:\/\/images.iphone-ticker.de\/wp-content\/uploads\/2025\/02\/sonos-entlassungen.jpg\"><img loading=\"lazy\" decoding=\"async\" src=\"https:\/\/images.iphone-ticker.de\/wp-content\/uploads\/2025\/02\/sonos-entlassungen-700x380.jpg\" alt=\"Sonos Entlassungen\" width=\"700\" height=\"380\" class=\"alignnone size-large wp-image-249783\" srcset=\"https:\/\/images.iphone-ticker.de\/wp-content\/uploads\/2025\/02\/sonos-entlassungen-700x380.jpg 700w, https:\/\/images.iphone-ticker.de\/wp-content\/uploads\/2025\/02\/sonos-entlassungen-500x271.jpg 500w, https:\/\/images.iphone-ticker.de\/wp-content\/uploads\/2025\/02\/sonos-entlassungen.jpg 1400w\" sizes=\"auto, (max-width: 700px) 100vw, 700px\" \/><\/a><\/p>\n<p>Die betroffenen Mitarbeiter sollen mit Abfindungen bedacht werden und intensive Unterst\u00fctzung bei der Suche nach neuen Arbeitspl\u00e4tzen erhalten. Im Unternehmen selbst soll dann ab n\u00e4chster Woche darum gehen, die Zukunft von Sonos zu planen.<\/p>\n<h2>Sonos k\u00e4mpft weiter um das Vertrauen seiner Kunden<\/h2>\n<p>Mit dem Wechsel auf die neue App ist es Sonos im vergangenen Jahr gelungen, seinen Ruf als Top-Anbieter im Audiobereich zu verspielen und zudem das Vertrauen zahlreicher langj\u00e4hriger Kunden verspielt. Grund f\u00fcr die \u00fcberhastete Einf\u00fchrung der neuen Sonos-App war offenbar die Tatsache, dass die alte Gesch\u00e4ftsleitung mit dem Kopfh\u00f6rer Sonos Ace neue M\u00e4rkte erschlie\u00dfen wollte. Dies scheint, wenn \u00fcberhaupt, dann nur m\u00e4\u00dfig gelungen. Der erst seit wenigen Monaten erh\u00e4ltliche Kopfh\u00f6rer von Sonos wird mittlerweile st\u00e4ndig <a rel=\"noindex, nofollow\" href=\"http:\/\/www.ifun.de\/amzn\/B0D37H1T6H\">mit deutlichem Preisnachlass<\/a> angeboten, was auf schlechte Verkaufszahlen schlie\u00dfen l\u00e4sst.<\/p>\n<p>Die wichtigste Aufgabe des neuen Firmenchefs d\u00fcrfte es auch in diesem Jahr sein, das Vertrauen seiner Kunden zur\u00fcckzugewinnen. Dazu bedarf es allerdings auch noch intensiver Arbeit auf Software-Seite, auch wenn der Hersteller inzwischen zahlreiche Fehler in der neuen App ausgeb\u00fcgelt und verloren gegangene Funktionen wiederhergestellt hat, l\u00e4sst die Zuverl\u00e4ssigkeit im Gegensatz zum altbekannten und lange Zeit von uns empfohlenen Sonos-System weiterhin deutlich zu w\u00fcnschen \u00fcbrig.<img loading=\"lazy\" decoding=\"async\" src=\"https:\/\/vg08.met.vgwort.de\/na\/357b21699e2a4fb1a842f299bfc16279\" width=\"1\" height=\"1\" no-lazy class=\"tracking\"><\/p>\n","protected":false},"excerpt":{"rendered":"<a href=\"https:\/\/www.iphone-ticker.de\/bei-sonos-muessen-12-prozent-der-belegschaft-gehen-249781\/\"><img width=\"150\" height=\"150\" src=\"https:\/\/images.iphone-ticker.de\/wp-content\/uploads\/2025\/02\/sonos-entlassungen-150x150.jpg\" class=\"alignright tfe wp-post-image\" alt=\"Sonos Entlassungen\" decoding=\"async\" loading=\"lazy\" \/><\/a><p>Sonos will zwar in K\u00fcrze neue Hardware ank\u00fcndigen, den im vergangenen Jahr mit dem Wechsel auf eine neue App eingel\u00e4uteten Tiefpunkt hat das Unternehmen aber l\u00e4ngst nicht \u00fcberschritten. Wie der neue Sonos-Chef Tom Conrad mitteilt, muss das Unternehmen rund 200 Mitarbeiter entlassen. Das sind ungef\u00e4hr 12 Prozent der gesamten Belegschaft. Ziel der Aktion sei es, [&hellip;]<\/p>\n","protected":false},"author":2,"featured_media":249783,"comment_status":"open","ping_status":"closed","sticky":false,"template":"","format":"standard","meta":{"footnotes":""},"categories":[1],"tags":[713],"class_list":["post-249781","post","type-post","status-publish","format-standard","has-post-thumbnail","hentry","category-news","tag-sonos"],"aioseo_notices":[],"subheadline":["Aufarbeitung des App-Fiaskos"],"featured_image":["https:\/\/images.iphone-ticker.de\/wp-content\/uploads\/2024\/07\/sonos-kaputt-feature.jpg"],"rest_api_enabler":{"subheadline":"Aufarbeitung des App-Fiaskos","featured_image":"https:\/\/images.iphone-ticker.de\/wp-content\/uploads\/2024\/07\/sonos-kaputt-feature.jpg"},"_links":{"self":[{"href":"https:\/\/www.iphone-ticker.de\/apiv2\/wp\/v2\/posts\/249781","targetHints":{"allow":["GET"]}}],"collection":[{"href":"https:\/\/www.iphone-ticker.de\/apiv2\/wp\/v2\/posts"}],"about":[{"href":"https:\/\/www.iphone-ticker.de\/apiv2\/wp\/v2\/types\/post"}],"author":[{"embeddable":true,"href":"https:\/\/www.iphone-ticker.de\/apiv2\/wp\/v2\/users\/2"}],"replies":[{"embeddable":true,"href":"https:\/\/www.iphone-ticker.de\/apiv2\/wp\/v2\/comments?post=249781"}],"version-history":[{"count":4,"href":"https:\/\/www.iphone-ticker.de\/apiv2\/wp\/v2\/posts\/249781\/revisions"}],"predecessor-version":[{"id":249789,"href":"https:\/\/www.iphone-ticker.de\/apiv2\/wp\/v2\/posts\/249781\/revisions\/249789"}],"wp:featuredmedia":[{"embeddable":true,"href":"https:\/\/www.iphone-ticker.de\/apiv2\/wp\/v2\/media\/249783"}],"wp:attachment":[{"href":"https:\/\/www.iphone-ticker.de\/apiv2\/wp\/v2\/media?parent=249781"}],"wp:term":[{"taxonomy":"category","embeddable":true,"href":"https:\/\/www.iphone-ticker.de\/apiv2\/wp\/v2\/categories?post=249781"},{"taxonomy":"post_tag","embeddable":true,"href":"https:\/\/www.iphone-ticker.de\/apiv2\/wp\/v2\/tags?post=249781"}],"curies":[{"name":"wp","href":"https:\/\/api.w.org\/{rel}","templated":true}]}}