{"id":249731,"date":"2025-02-05T13:23:54","date_gmt":"2025-02-05T12:23:54","guid":{"rendered":"https:\/\/www.iphone-ticker.de\/?p=249731"},"modified":"2025-02-05T13:24:49","modified_gmt":"2025-02-05T12:24:49","slug":"airpods-pro-2-bei-der-telekom-fuer-214-euro-erhaeltlich","status":"publish","type":"post","link":"https:\/\/www.iphone-ticker.de\/airpods-pro-2-bei-der-telekom-fuer-214-euro-erhaeltlich-249731\/","title":{"rendered":"AirPods Pro 2 bei der Telekom f\u00fcr 214 Euro erh\u00e4ltlich"},"content":{"rendered":"<p>Wir haben die AirPods Pro der zweiten Generation zwar auch schon unter 200 Euro gesehen, ein derart g\u00fcnstiger Preis ist jedoch \u00e4u\u00dferst selten. Momentan bekommt man die Ohrh\u00f6rer <a href=\"https:\/\/shop.telekom.de\/geraete\/apple-airpods-pro-2-generation-mit-magsafe-ladecase-usb-c-weiss?adfcd=1741347799.8yvuzpOu3E2tDS0AZf2T-w.MTkzMjIyNSwxNzUyOTM1&amp;wt_mc=ac_mfmmpoek_399545%3A2204213%3A7030881%3A44879455\">f\u00fcr 214 Euro bei der Telekom<\/a>, was ebenfalls ein hervorragendes Angebot ist. Die Aktion d\u00fcrfte allerdings nur \u00fcber einen begrenzten Zeitraum hinweg laufen.<\/p>\n<p>Wer die AirPods Pro in der aktuellen Version <a href=\"https:\/\/apple.sjv.io\/qBXdg\">direkt bei Apple<\/a> kauft, muss stolze 279 Euro bezahlen. Sofern man nicht unbedingt Wert auf die bei Apple kostenlos angebotene Gravur der Ladeh\u00fclle legt, kann man in der Regel mindestens 40 Euro sparen. <a rel=\"noindex, nofollow\" href=\"http:\/\/www.ifun.de\/amzn\/B0CHWZ9TZS\">Amazon<\/a> bietet die AirPods Pro 2 beispielsweise dauerhaft zu Preisen unter 240 Euro an.<\/p>\n<p><a href=\"https:\/\/images.iphone-ticker.de\/wp-content\/uploads\/2025\/02\/airpods-pro-2-telekom.jpg\"><img loading=\"lazy\" decoding=\"async\" src=\"https:\/\/images.iphone-ticker.de\/wp-content\/uploads\/2025\/02\/airpods-pro-2-telekom-700x445.jpg\" alt=\"Airpods Pro 2 Telekom\" width=\"700\" height=\"445\" class=\"alignnone size-large wp-image-249734\" srcset=\"https:\/\/images.iphone-ticker.de\/wp-content\/uploads\/2025\/02\/airpods-pro-2-telekom-700x445.jpg 700w, https:\/\/images.iphone-ticker.de\/wp-content\/uploads\/2025\/02\/airpods-pro-2-telekom-500x318.jpg 500w, https:\/\/images.iphone-ticker.de\/wp-content\/uploads\/2025\/02\/airpods-pro-2-telekom.jpg 1400w\" sizes=\"auto, (max-width: 700px) 100vw, 700px\" \/><\/a><\/p>\n<p>Die Ohrh\u00f6rer sind mit Apples H2-Chip ausgestattet und unterst\u00fctzen die drei Wiedergabemodi aktive Ger\u00e4uscherkennung, adaptives Audio und Transparenzmodus. Das im Lieferumfang enthaltene Ladecase l\u00e4sst sich kabellos oder \u00fcber USB-C aufladen und verf\u00fcgt \u00fcber einen Lautsprecher f\u00fcr die Objektsuche mithilfe von Apples \u201eWo ist?\u201c.<\/p>\n<h2>Weiterhin das Top-Modell unter den AirPods<\/h2>\n<p>Bei den AirPods Pro 2 handelt es sich zwar nicht um das neueste, aber das derzeit leistungsf\u00e4higste Modell aus Apples AirPods-Programm. Die AirPods Pro 2 wurden bereits im September 2022 vorgestellt und ein Jahr sp\u00e4ter minimal \u00fcberarbeitet und mit einer USB-C-Ladeh\u00fclle ausgestattet.<\/p>\n<p>Wiederum ein Jahr sp\u00e4ter kamen im September 2024 die AirPods 4 auf den Markt, die zwar neuer sind, aber vom Leistungsumfang her nicht mit dem Pro-Modell konkurrieren k\u00f6nnen. Die AirPods Pro verf\u00fcgen nicht nur \u00fcber eine l\u00e4ngere Akkulaufzeit, sondern unterst\u00fctzen bislang als einzige Ohrh\u00f6rer von Apple die auf einem mit den Ohrh\u00f6rern ausgef\u00fchrten H\u00f6rtest basierenden H\u00f6rhilfefunktionen.<\/p>\n<p><div class=\"responsive-video\"><iframe loading=\"lazy\" title=\"AirPods Pro | Adaptive Audio. Now playing. | Apple\" width=\"500\" height=\"281\" src=\"https:\/\/www.youtube-nocookie.com\/embed\/ql6mhhHCldY?feature=oembed\" frameborder=\"0\" allow=\"accelerometer; autoplay; clipboard-write; encrypted-media; gyroscope; picture-in-picture; web-share\" referrerpolicy=\"strict-origin-when-cross-origin\" allowfullscreen><\/iframe><\/div><\/p>\n<h2>Alle AirPods-Modelle im Vergleich<\/h2>\n<p>Wenn ihr die Leistungsdaten und den Funktionsumfang der aktuell von Apple angebotenen AirPods-Modelle vergleichen wollt, werft einen Blick <a href=\"https:\/\/www.apple.com\/de\/airpods\/compare\/\">auf diese Webseite von Apple<\/a>.<img loading=\"lazy\" decoding=\"async\" src=\"https:\/\/vg08.met.vgwort.de\/na\/1ed963915d6d46f290af3d43018a0665\" width=\"1\" height=\"1\" no-lazy class=\"tracking\"><\/p>\n<p><h8>Danke Oliver<\/h8><\/p>\n","protected":false},"excerpt":{"rendered":"<a href=\"https:\/\/www.iphone-ticker.de\/airpods-pro-2-bei-der-telekom-fuer-214-euro-erhaeltlich-249731\/\"><img width=\"150\" height=\"150\" src=\"https:\/\/images.iphone-ticker.de\/wp-content\/uploads\/2025\/02\/airpods-pro-feature-150x150.jpg\" class=\"alignright tfe wp-post-image\" alt=\"Airpods Pro Feature\" decoding=\"async\" loading=\"lazy\" \/><\/a><p>Wir haben die AirPods Pro der zweiten Generation zwar auch schon unter 200 Euro gesehen, ein derart g\u00fcnstiger Preis ist jedoch \u00e4u\u00dferst selten. Momentan bekommt man die Ohrh\u00f6rer f\u00fcr 214 Euro bei der Telekom, was ebenfalls ein hervorragendes Angebot ist. Die Aktion d\u00fcrfte allerdings nur \u00fcber einen begrenzten Zeitraum hinweg laufen. Wer die AirPods Pro [&hellip;]<\/p>\n","protected":false},"author":2,"featured_media":249735,"comment_status":"open","ping_status":"closed","sticky":false,"template":"","format":"standard","meta":{"footnotes":""},"categories":[1],"tags":[6200],"class_list":["post-249731","post","type-post","status-publish","format-standard","has-post-thumbnail","hentry","category-news","tag-airpods-pro-2"],"aioseo_notices":[],"subheadline":["Momentan der Bestpreis"],"featured_image":["https:\/\/images.iphone-ticker.de\/wp-content\/uploads\/2025\/02\/airpods-pro-feature.jpg"],"rest_api_enabler":{"subheadline":"Momentan der Bestpreis","featured_image":"https:\/\/images.iphone-ticker.de\/wp-content\/uploads\/2025\/02\/airpods-pro-feature.jpg"},"_links":{"self":[{"href":"https:\/\/www.iphone-ticker.de\/apiv2\/wp\/v2\/posts\/249731","targetHints":{"allow":["GET"]}}],"collection":[{"href":"https:\/\/www.iphone-ticker.de\/apiv2\/wp\/v2\/posts"}],"about":[{"href":"https:\/\/www.iphone-ticker.de\/apiv2\/wp\/v2\/types\/post"}],"author":[{"embeddable":true,"href":"https:\/\/www.iphone-ticker.de\/apiv2\/wp\/v2\/users\/2"}],"replies":[{"embeddable":true,"href":"https:\/\/www.iphone-ticker.de\/apiv2\/wp\/v2\/comments?post=249731"}],"version-history":[{"count":4,"href":"https:\/\/www.iphone-ticker.de\/apiv2\/wp\/v2\/posts\/249731\/revisions"}],"predecessor-version":[{"id":249739,"href":"https:\/\/www.iphone-ticker.de\/apiv2\/wp\/v2\/posts\/249731\/revisions\/249739"}],"wp:featuredmedia":[{"embeddable":true,"href":"https:\/\/www.iphone-ticker.de\/apiv2\/wp\/v2\/media\/249735"}],"wp:attachment":[{"href":"https:\/\/www.iphone-ticker.de\/apiv2\/wp\/v2\/media?parent=249731"}],"wp:term":[{"taxonomy":"category","embeddable":true,"href":"https:\/\/www.iphone-ticker.de\/apiv2\/wp\/v2\/categories?post=249731"},{"taxonomy":"post_tag","embeddable":true,"href":"https:\/\/www.iphone-ticker.de\/apiv2\/wp\/v2\/tags?post=249731"}],"curies":[{"name":"wp","href":"https:\/\/api.w.org\/{rel}","templated":true}]}}