{"id":249562,"date":"2025-02-03T12:27:32","date_gmt":"2025-02-03T11:27:32","guid":{"rendered":"https:\/\/www.iphone-ticker.de\/?p=249562"},"modified":"2025-02-11T07:56:47","modified_gmt":"2025-02-11T06:56:47","slug":"e-auto-ladestationen-als-einfallstor-fuer-hacker","status":"publish","type":"post","link":"https:\/\/www.iphone-ticker.de\/e-auto-ladestationen-als-einfallstor-fuer-hacker-249562\/","title":{"rendered":"E-Auto-Ladestationen als Einfallstor f\u00fcr Hacker"},"content":{"rendered":"<p>Der SWR hat in seinem Beitrag \u201e<a href=\"https:\/\/www.swr.de\/swraktuell\/baden-wuerttemberg\/stuttgart\/e-lade-saeulen-gefaehrliches-einfallstor-100.html\">Sind Lades\u00e4ule und Wallbox ein Einfallstor f\u00fcr Cyberkriminelle?<\/a>\u201c ein Thema aufgegriffen, das wohl in der Tat deutlich zu wenig Beachtung findet. Sowohl private Ladepunkte als auch \u00f6ffentliche Ladestationen bergen unter Umst\u00e4nden ungeahnte Risiken.<\/p>\n<p>Besitzer von privaten Ladestationen sollten sich Sicherheitsforschern zufolge definitiv \u00fcberlegen, ob und auf welche Weise sie diese in ihr lokales Netzwerk einbinden wollen. Oft sind die Ger\u00e4te frei und teils sogar direkt von der Stra\u00dfe aus zug\u00e4nglich, was sich f\u00fcr Hacker als mit nur wenig H\u00fcrden verbundener Einstieg in private Netze darstellen kann. Die Hardware selbst sei in der Regel nur schlecht vor mechanischer Manipulation gesichert und zum Teil l\u00e4sst sich der Zugang dar\u00fcber auch ohne weitere Schutzmechanismen durch eine einfache Kabelverbindung bewerkstelligen.<\/p>\n<p><video poster=\"\" preload=\"auto\" controls=\"controls\" width=\"100%\"><source src=\"https:\/\/pdodswr-a.akamaihd.net\/swr\/swraktuell\/bw\/tv\/einzelbeitraege\/2182722.avc-540.mp4#t=0.5\" \/><\/video><\/p>\n<h2>Bedrohung f\u00fcr Stromnetze<\/h2>\n<p>Im Zusammenhang mit \u00f6ffentlichen Ladepunkten werden in dem SWR-Beitrag zwei verschiedene Bedrohungsszenarien angesprochen. Zum einen wird davor gewarnt, dass Betr\u00fcger die auf den Lades\u00e4ulen angebrachten QR-Codes durch eigene ersetzen k\u00f6nnten, \u00fcber die man dann beispielsweise mit finanziellen Betrugsabsichten auf manipulierte Webseiten geleitet wird.<\/p>\n<p>Deutlich gr\u00f6\u00dferer Schaden k\u00f6nne aber entstehen, wenn es ein Angreifer darauf anlegt, sich \u00fcber eine Lades\u00e4ule Zugang zum System eines Netzbetreibers zu verschaffen. Auf diesem Weg k\u00f6nne ein Hacker eine gr\u00f6\u00dfere Anzahl von Lades\u00e4ulen unter seine Kontrolle bringen und nicht nur finanziellen Schaden, sondern im schlimmsten Fall auch regionale Stromausf\u00e4lle provozieren.<\/p>\n<h2>Fachleute sollen sich vernetzen<\/h2>\n<p>Die vom SWR zitierten Erkenntnisse basieren auf einer Veranstaltung des Arbeitskreises <a href=\"https:\/\/www.cybersecurity-region-stuttgart.de\/\">Cybersecurity Region Stuttgart<\/a>, der mit monatlichen Treffen auf Gefahren im Bereich der IT-Sicherheit aufmerksam machen und daf\u00fcr sorgen will, dass sich in diesem Bereich t\u00e4tige Fachleute austauschen und vernetzen.<img loading=\"lazy\" decoding=\"async\" src=\"https:\/\/vg08.met.vgwort.de\/na\/610690b4fbee42e0a0bd32b6029d6e1c\" width=\"1\" height=\"1\" no-lazy class=\"tracking\"><\/p>\n","protected":false},"excerpt":{"rendered":"<a href=\"https:\/\/www.iphone-ticker.de\/e-auto-ladestationen-als-einfallstor-fuer-hacker-249562\/\"><img width=\"150\" height=\"150\" src=\"https:\/\/images.iphone-ticker.de\/wp-content\/uploads\/2025\/02\/wallbox-feature-150x150.jpg\" class=\"alignright tfe wp-post-image\" alt=\"Wallbox Feature\" decoding=\"async\" loading=\"lazy\" \/><\/a><p>Der SWR hat in seinem Beitrag \u201eSind Lades\u00e4ule und Wallbox ein Einfallstor f\u00fcr Cyberkriminelle?\u201c ein Thema aufgegriffen, das wohl in der Tat deutlich zu wenig Beachtung findet. Sowohl private Ladepunkte als auch \u00f6ffentliche Ladestationen bergen unter Umst\u00e4nden ungeahnte Risiken. Besitzer von privaten Ladestationen sollten sich Sicherheitsforschern zufolge definitiv \u00fcberlegen, ob und auf welche Weise sie [&hellip;]<\/p>\n","protected":false},"author":2,"featured_media":249566,"comment_status":"open","ping_status":"closed","sticky":false,"template":"","format":"standard","meta":{"footnotes":""},"categories":[1,1975],"tags":[7020,587],"class_list":["post-249562","post","type-post","status-publish","format-standard","has-post-thumbnail","hentry","category-news","category-feature","tag-elektromobilitaet","tag-ladestation"],"aioseo_notices":[],"featured_image":["https:\/\/images.iphone-ticker.de\/wp-content\/uploads\/2025\/02\/wallbox-feature.jpg"],"subheadline":["Private und \u00f6ffentliche Ladepunkte gef\u00e4hrdet","Private und \u00f6ffentliche Ladepunkte gef\u00e4hrdet"],"rest_api_enabler":{"featured_image":"https:\/\/images.iphone-ticker.de\/wp-content\/uploads\/2025\/02\/wallbox-feature.jpg","subheadline":["Private und \u00f6ffentliche Ladepunkte gef\u00e4hrdet","Private und \u00f6ffentliche Ladepunkte gef\u00e4hrdet"]},"_links":{"self":[{"href":"https:\/\/www.iphone-ticker.de\/apiv2\/wp\/v2\/posts\/249562","targetHints":{"allow":["GET"]}}],"collection":[{"href":"https:\/\/www.iphone-ticker.de\/apiv2\/wp\/v2\/posts"}],"about":[{"href":"https:\/\/www.iphone-ticker.de\/apiv2\/wp\/v2\/types\/post"}],"author":[{"embeddable":true,"href":"https:\/\/www.iphone-ticker.de\/apiv2\/wp\/v2\/users\/2"}],"replies":[{"embeddable":true,"href":"https:\/\/www.iphone-ticker.de\/apiv2\/wp\/v2\/comments?post=249562"}],"version-history":[{"count":4,"href":"https:\/\/www.iphone-ticker.de\/apiv2\/wp\/v2\/posts\/249562\/revisions"}],"predecessor-version":[{"id":249571,"href":"https:\/\/www.iphone-ticker.de\/apiv2\/wp\/v2\/posts\/249562\/revisions\/249571"}],"wp:featuredmedia":[{"embeddable":true,"href":"https:\/\/www.iphone-ticker.de\/apiv2\/wp\/v2\/media\/249566"}],"wp:attachment":[{"href":"https:\/\/www.iphone-ticker.de\/apiv2\/wp\/v2\/media?parent=249562"}],"wp:term":[{"taxonomy":"category","embeddable":true,"href":"https:\/\/www.iphone-ticker.de\/apiv2\/wp\/v2\/categories?post=249562"},{"taxonomy":"post_tag","embeddable":true,"href":"https:\/\/www.iphone-ticker.de\/apiv2\/wp\/v2\/tags?post=249562"}],"curies":[{"name":"wp","href":"https:\/\/api.w.org\/{rel}","templated":true}]}}