{"id":248658,"date":"2025-01-17T07:54:58","date_gmt":"2025-01-17T06:54:58","guid":{"rendered":"https:\/\/www.iphone-ticker.de\/?p=248658"},"modified":"2025-01-17T07:55:43","modified_gmt":"2025-01-17T06:55:43","slug":"slowakei-nationales-handyverbot-an-schulen-bis-zur-9-klasse","status":"publish","type":"post","link":"https:\/\/www.iphone-ticker.de\/slowakei-nationales-handyverbot-an-schulen-bis-zur-9-klasse-248658\/","title":{"rendered":"Slowakei: Nationales Handyverbot an Schulen bis zur 9. Klasse"},"content":{"rendered":"<p>Da wir es erst gestern mit vergleichbaren <a href=\"https:\/\/www.iphone-ticker.de\/umfassendes-handyverbot-an-berliner-schulen-gefordert-248599\/\">Vorst\u00f6\u00dfen aus der Hauptstadt<\/a> zu tun hatten, kann der Blick \u00fcber den europ\u00e4ischen Tellerrand nicht schaden: In der Slowakei gilt seit dem neuen Jahr ein generelles Handyverbot bis zur 9. Klasse.<\/p>\n<p><a href=\"https:\/\/images.iphone-ticker.de\/wp-content\/uploads\/2025\/01\/schulvorgaben-slowakei-square.png\"><img loading=\"lazy\" decoding=\"async\" class=\"aligncenter size-medium wp-image-248660\" src=\"https:\/\/images.iphone-ticker.de\/wp-content\/uploads\/2025\/01\/schulvorgaben-slowakei-square-500x247.png\" alt=\"Schulvorgaben Slowakei Square\" width=\"500\" height=\"247\" srcset=\"https:\/\/images.iphone-ticker.de\/wp-content\/uploads\/2025\/01\/schulvorgaben-slowakei-square-500x247.png 500w, https:\/\/images.iphone-ticker.de\/wp-content\/uploads\/2025\/01\/schulvorgaben-slowakei-square-700x346.png 700w, https:\/\/images.iphone-ticker.de\/wp-content\/uploads\/2025\/01\/schulvorgaben-slowakei-square.png 994w\" sizes=\"auto, (max-width: 500px) 100vw, 500px\" \/><\/a><\/p>\n<h6 class=\"p1\">Verbot in den unteren Klassenstufen, Ausnahmen ab der 4. Klasse m\u00f6glich.<\/h6>\n<p>Das slowakische Bildungsministerium hat <a href=\"https:\/\/www.minedu.sk\/ministri-skolstva-eu-diskutovali-o-mobiloch-v-skolach-slovensko-predstavilo-novu-regulaciu\/\">konkrete Vorgaben<\/a> zur Regulierung von Mobiltelefonen an Grundschulen ver\u00f6ffentlicht (<a href=\"https:\/\/www.minedu.sk\/data\/att\/4dd\/31672.0c6aa4.pdf\">PDF-Download<\/a>), die zum 1. Januar in Kraft getreten sind. F\u00fcr die Umsetzung stehen dabei f\u00fcnf unterschiedliche Ans\u00e4tze zur Auswahl.<\/p>\n<p>M\u00f6gliche Regelungen umfassen etwa das Verstauen von Handys in Sch\u00fclerschlie\u00dff\u00e4chern oder deren Abgabe an Lehrkr\u00e4fte w\u00e4hrend des Unterrichts. Insbesondere soll auf eine enge Kommunikation mit Eltern und Sch\u00fclern geachtet werden, um die Vorteile einer Technologie-freien Umgebung sowie die Risiken von Cybermobbing und die positiven Auswirkungen auf das soziale Verhalten und die psychische Gesundheit der Kinder zu verdeutlichen.<\/p>\n<h2>Strikte Einschr\u00e4nkungen f\u00fcr j\u00fcngere Sch\u00fcler<\/h2>\n<p>Ein zentraler Bestandteil der neuen Regelung betrifft die Nutzung von Mobiltelefonen an Grundschulen. Sch\u00fcler der ersten bis dritten Jahrgangsstufe d\u00fcrfen w\u00e4hrend des Unterrichts, der Pausen und im gesamten Schulgeb\u00e4ude keine Handys benutzen.<\/p>\n<p>Ab der vierten Klasse k\u00f6nnen Ausnahmen gelten, sofern diese im staatlichen Bildungsprogramm vorgesehen sind oder eine Lehrkraft dies f\u00fcr Unterrichtszwecke erlaubt. Zudem werden besondere Regelungen f\u00fcr Sch\u00fcler mit gesundheitlichen Einschr\u00e4nkungen getroffen.<\/p>\n<ul>\n<li class=\"p1\">F\u00fcr die 1. bis 3. Klasse gilt ein vollst\u00e4ndiges Verbot der Nutzung von Mobiltelefonen (auch in den Pausen).<\/li>\n<li class=\"p1\">F\u00fcr die 4. bis 9. Klasse sind Ausnahmen m\u00f6glich, wenn dies vom staatlichen Bildungsprogramm vorgeschrieben ist oder durch eine Lehrkraft f\u00fcr Bildungszwecke entschieden wird.<\/li>\n<\/ul>\n<h2>Fortbildung f\u00fcr Lehrkr\u00e4fte geplant<\/h2>\n<p>Um die Regelungen effektiv umzusetzen, hat das Ministerium ein Fortbildungsprogramm f\u00fcr Lehrkr\u00e4fte und schulische Unterst\u00fctzungsteams entwickelt. Dieses umfasst sowohl langfristige Kurse als auch kompakte Webinare \u00fcber den sicheren Einsatz digitaler Technologien. Das Ziel ist es, Schulen bei der Schaffung eines sicheren und ruhigen Lernumfelds zu unterst\u00fctzen.<\/p>\n<p>Die Initiative basiert auf internationalen Studien und Empfehlungen der UNESCO sowie Erkenntnissen aus der Psychologie und P\u00e4dagogik. Sie soll einen Beitrag zur St\u00e4rkung der mentalen Gesundheit und sozialen Kompetenzen von Kindern leisten.<\/p>\n<p>Dass die neuen Ma\u00dfnahmen in der Praxis offenbar ganz gut angenommen werden, legt <a href=\"https:\/\/www.deutschlandfunk.de\/immer-mehr-laender-in-europa-jetzt-verbietet-auch-slowakei-handys-an-schulen-100.html\">ein aktueller Beitrag des Deutschlandfunks<\/a> nahe:<\/p>\n<audio class=\"wp-audio-shortcode\" id=\"audio-248658-1\" preload=\"none\" style=\"width: 100%;\" controls=\"controls\"><source type=\"audio\/mpeg\" src=\"https:\/\/download.deutschlandfunk.de\/file\/dradio\/2025\/01\/17\/immer_mehr_laender_in_europa_jetzt_verbietet_auch_slowakei_dlf_20250117_0525_3b811471.mp3?_=1\" \/><a href=\"https:\/\/download.deutschlandfunk.de\/file\/dradio\/2025\/01\/17\/immer_mehr_laender_in_europa_jetzt_verbietet_auch_slowakei_dlf_20250117_0525_3b811471.mp3\">https:\/\/download.deutschlandfunk.de\/file\/dradio\/2025\/01\/17\/immer_mehr_laender_in_europa_jetzt_verbietet_auch_slowakei_dlf_20250117_0525_3b811471.mp3<\/a><\/audio>\n<p><img loading=\"lazy\" decoding=\"async\" src=\"https:\/\/vg05.met.vgwort.de\/na\/ce7ed8721085478d9fcad4b7e71a5889\" width=\"1\" height=\"1\" no-lazy class=\"tracking\"><\/p>\n","protected":false},"excerpt":{"rendered":"<a href=\"https:\/\/www.iphone-ticker.de\/slowakei-nationales-handyverbot-an-schulen-bis-zur-9-klasse-248658\/\"><img width=\"150\" height=\"150\" src=\"https:\/\/images.iphone-ticker.de\/wp-content\/uploads\/2025\/01\/schulvorgaben-slowakei-square-150x150.png\" class=\"alignright tfe wp-post-image\" alt=\"Schulvorgaben Slowakei Square\" decoding=\"async\" loading=\"lazy\" \/><\/a><p>Da wir es erst gestern mit vergleichbaren Vorst\u00f6\u00dfen aus der Hauptstadt zu tun hatten, kann der Blick \u00fcber den europ\u00e4ischen Tellerrand nicht schaden: In der Slowakei gilt seit dem neuen Jahr ein generelles Handyverbot bis zur 9. Klasse. Verbot in den unteren Klassenstufen, Ausnahmen ab der 4. Klasse m\u00f6glich. Das slowakische Bildungsministerium hat konkrete Vorgaben [&hellip;]<\/p>\n","protected":false},"author":1,"featured_media":248660,"comment_status":"open","ping_status":"closed","sticky":false,"template":"","format":"standard","meta":{"footnotes":""},"categories":[1],"tags":[485,292,147,456],"class_list":["post-248658","post","type-post","status-publish","format-standard","has-post-thumbnail","hentry","category-news","tag-bildung","tag-europa","tag-recht","tag-schule"],"aioseo_notices":[],"subheadline":["Neue Regelungen seit 2025"],"featured_image":["https:\/\/images.iphone-ticker.de\/wp-content\/uploads\/2025\/01\/handy-schule.jpg"],"rest_api_enabler":{"subheadline":"Neue Regelungen seit 2025","featured_image":"https:\/\/images.iphone-ticker.de\/wp-content\/uploads\/2025\/01\/handy-schule.jpg"},"_links":{"self":[{"href":"https:\/\/www.iphone-ticker.de\/apiv2\/wp\/v2\/posts\/248658","targetHints":{"allow":["GET"]}}],"collection":[{"href":"https:\/\/www.iphone-ticker.de\/apiv2\/wp\/v2\/posts"}],"about":[{"href":"https:\/\/www.iphone-ticker.de\/apiv2\/wp\/v2\/types\/post"}],"author":[{"embeddable":true,"href":"https:\/\/www.iphone-ticker.de\/apiv2\/wp\/v2\/users\/1"}],"replies":[{"embeddable":true,"href":"https:\/\/www.iphone-ticker.de\/apiv2\/wp\/v2\/comments?post=248658"}],"version-history":[{"count":2,"href":"https:\/\/www.iphone-ticker.de\/apiv2\/wp\/v2\/posts\/248658\/revisions"}],"predecessor-version":[{"id":248664,"href":"https:\/\/www.iphone-ticker.de\/apiv2\/wp\/v2\/posts\/248658\/revisions\/248664"}],"wp:featuredmedia":[{"embeddable":true,"href":"https:\/\/www.iphone-ticker.de\/apiv2\/wp\/v2\/media\/248660"}],"wp:attachment":[{"href":"https:\/\/www.iphone-ticker.de\/apiv2\/wp\/v2\/media?parent=248658"}],"wp:term":[{"taxonomy":"category","embeddable":true,"href":"https:\/\/www.iphone-ticker.de\/apiv2\/wp\/v2\/categories?post=248658"},{"taxonomy":"post_tag","embeddable":true,"href":"https:\/\/www.iphone-ticker.de\/apiv2\/wp\/v2\/tags?post=248658"}],"curies":[{"name":"wp","href":"https:\/\/api.w.org\/{rel}","templated":true}]}}