{"id":248438,"date":"2025-01-14T17:31:43","date_gmt":"2025-01-14T16:31:43","guid":{"rendered":"https:\/\/www.iphone-ticker.de\/?p=248438"},"modified":"2025-01-23T07:30:45","modified_gmt":"2025-01-23T06:30:45","slug":"carplay-2-neue-einblicke-und-anhaltende-verzoegerungen","status":"publish","type":"post","link":"https:\/\/www.iphone-ticker.de\/carplay-2-neue-einblicke-und-anhaltende-verzoegerungen-248438\/","title":{"rendered":"CarPlay 2: Neue Einblicke und anhaltende Verz\u00f6gerungen"},"content":{"rendered":"<p class=\"p1\">Apple arbeitet weiterhin an der n\u00e4chsten Generation von CarPlay. Der hauseigenen L\u00f6sung zur Integration des iPhones in die Entertainmentsysteme der Automobilhersteller.<\/p>\n<p><a href=\"https:\/\/images.iphone-ticker.de\/wp-content\/uploads\/2025\/01\/carplay-2-design-square.jpg\"><img loading=\"lazy\" decoding=\"async\" src=\"https:\/\/images.iphone-ticker.de\/wp-content\/uploads\/2025\/01\/carplay-2-design-square-500x280.jpg\" alt=\"Carplay 2 Design Square\" width=\"500\" height=\"280\" class=\"aligncenter size-medium wp-image-248447\" srcset=\"https:\/\/images.iphone-ticker.de\/wp-content\/uploads\/2025\/01\/carplay-2-design-square-500x280.jpg 500w, https:\/\/images.iphone-ticker.de\/wp-content\/uploads\/2025\/01\/carplay-2-design-square-700x392.jpg 700w, https:\/\/images.iphone-ticker.de\/wp-content\/uploads\/2025\/01\/carplay-2-design-square-1536x859.jpg 1536w, https:\/\/images.iphone-ticker.de\/wp-content\/uploads\/2025\/01\/carplay-2-design-square-2048x1146.jpg 2048w\" sizes=\"auto, (max-width: 500px) 100vw, 500px\" \/><\/a><\/p>\n<p class=\"p1\">Obwohl die Einf\u00fchrung laut fr\u00fcheren Ank\u00fcndigungen des Konzerns bereits <a href=\"https:\/\/www.iphone-ticker.de\/carplay-2-0-apple-hat-noch-einen-monat-zeit-246098\/\">f\u00fcr 2024 geplant war<\/a>, sind entsprechende Modelle bislang nicht verf\u00fcgbar. J\u00fcngste Informationen und geleakte Bilder geben jedoch einen aktuellen Eindruck von der Entwicklung und den Herausforderungen des Projekts.<\/p>\n<h2 class=\"p3\">Widgets im Fokus<\/h2>\n<p class=\"p1\">Neue Bilder, die aus <a href=\"https:\/\/euipo.europa.eu\/eSearch\/#advanced\/designs\">einer EU-Datenbank<\/a> stammen, zeigen die geplante Widget-Oberfl\u00e4che von CarPlay 2. Diese erinnert stark an die Widget-Integration, die Nutzer bereits von iOS, iPadOS und macOS kennen.<\/p>\n<p><a href=\"https:\/\/images.iphone-ticker.de\/wp-content\/uploads\/2025\/01\/widgets-0-carplay.png\"><img loading=\"lazy\" decoding=\"async\" class=\"aligncenter size-large wp-image-248441\" src=\"https:\/\/images.iphone-ticker.de\/wp-content\/uploads\/2025\/01\/widgets-0-carplay-700x265.png\" alt=\"Widgets 0 Carplay\" width=\"700\" height=\"265\" srcset=\"https:\/\/images.iphone-ticker.de\/wp-content\/uploads\/2025\/01\/widgets-0-carplay-700x265.png 700w, https:\/\/images.iphone-ticker.de\/wp-content\/uploads\/2025\/01\/widgets-0-carplay-500x189.png 500w, https:\/\/images.iphone-ticker.de\/wp-content\/uploads\/2025\/01\/widgets-0-carplay-1536x580.png 1536w, https:\/\/images.iphone-ticker.de\/wp-content\/uploads\/2025\/01\/widgets-0-carplay-2048x774.png 2048w\" sizes=\"auto, (max-width: 700px) 100vw, 700px\" \/><\/a><\/p>\n<p class=\"p1\">Zu den Funktionen geh\u00f6ren Widgets f\u00fcr die Uhrzeit, das Wetter, Kalenderereignisse sowie eine Kombination aus Navigation und Musikwiedergabe. Wie beim bisherigen CarPlay bleibt die linke Bildschirmseite f\u00fcr die App-\u00dcbersicht reserviert.<\/p>\n<p><a href=\"https:\/\/images.iphone-ticker.de\/wp-content\/uploads\/2025\/01\/widgets-3-carplay.png\"><img loading=\"lazy\" decoding=\"async\" class=\"aligncenter size-large wp-image-248442\" src=\"https:\/\/images.iphone-ticker.de\/wp-content\/uploads\/2025\/01\/widgets-3-carplay-700x265.png\" alt=\"Widgets 3 Carplay\" width=\"700\" height=\"265\" srcset=\"https:\/\/images.iphone-ticker.de\/wp-content\/uploads\/2025\/01\/widgets-3-carplay-700x265.png 700w, https:\/\/images.iphone-ticker.de\/wp-content\/uploads\/2025\/01\/widgets-3-carplay-500x189.png 500w, https:\/\/images.iphone-ticker.de\/wp-content\/uploads\/2025\/01\/widgets-3-carplay-1536x580.png 1536w, https:\/\/images.iphone-ticker.de\/wp-content\/uploads\/2025\/01\/widgets-3-carplay-2048x774.png 2048w\" sizes=\"auto, (max-width: 700px) 100vw, 700px\" \/><\/a><\/p>\n<p class=\"p1\">Die \u00c4hnlichkeit zur bestehenden Apple-Widget-Struktur auf iPhone und iPad wirft Fragen auf, warum diese Funktionen nicht bereits in der bisherigen CarPlay-Version verf\u00fcgbar sind.<\/p>\n<p><a href=\"https:\/\/images.iphone-ticker.de\/wp-content\/uploads\/2025\/01\/widgets-1-carplay.png\"><img loading=\"lazy\" decoding=\"async\" class=\"aligncenter size-large wp-image-248443\" src=\"https:\/\/images.iphone-ticker.de\/wp-content\/uploads\/2025\/01\/widgets-1-carplay-700x265.png\" alt=\"Widgets 1 Carplay\" width=\"700\" height=\"265\" srcset=\"https:\/\/images.iphone-ticker.de\/wp-content\/uploads\/2025\/01\/widgets-1-carplay-700x265.png 700w, https:\/\/images.iphone-ticker.de\/wp-content\/uploads\/2025\/01\/widgets-1-carplay-500x189.png 500w, https:\/\/images.iphone-ticker.de\/wp-content\/uploads\/2025\/01\/widgets-1-carplay-1536x580.png 1536w, https:\/\/images.iphone-ticker.de\/wp-content\/uploads\/2025\/01\/widgets-1-carplay-2048x774.png 2048w\" sizes=\"auto, (max-width: 700px) 100vw, 700px\" \/><\/a><\/p>\n<h2 class=\"p3\">Anpassungen f\u00fcr jedes Fahrzeugmodell als H\u00fcrde<\/h2>\n<p class=\"p1\">Ein Hauptproblem f\u00fcr die Verz\u00f6gerungen liegt in den technischen Anforderungen. Anders als die aktuelle Version, die sich nahtlos in viele Fahrzeuge integriert, erfordert CarPlay 2 ma\u00dfgeschneiderte Anpassungen f\u00fcr jedes Fahrzeugmodell. Das bedeutet, dass Apple mit jedem Automobilhersteller individuell zusammenarbeiten muss, was den Entwicklungsprozess erheblich verlangsamt.<\/p>\n<p class=\"p1\">Hinzu kommt die Skepsis vieler Hersteller, die Kontrolle \u00fcber zentrale Elemente ihrer Fahrzeuge an Apple abzugeben. W\u00e4hrend CarPlay 2 Apple eine st\u00e4rkere Rolle im Fahrzeugcockpit verschaffen k\u00f6nnte, bleibt unklar, wie viele Hersteller diese Zusammenarbeit \u00fcberhaupt eingehen werden.<\/p>\n<p><a href=\"https:\/\/images.iphone-ticker.de\/wp-content\/uploads\/2025\/01\/widgets-2-carplay.png\"><img loading=\"lazy\" decoding=\"async\" class=\"aligncenter size-large wp-image-248444\" src=\"https:\/\/images.iphone-ticker.de\/wp-content\/uploads\/2025\/01\/widgets-2-carplay-700x265.png\" alt=\"Widgets 2 Carplay\" width=\"700\" height=\"265\" srcset=\"https:\/\/images.iphone-ticker.de\/wp-content\/uploads\/2025\/01\/widgets-2-carplay-700x265.png 700w, https:\/\/images.iphone-ticker.de\/wp-content\/uploads\/2025\/01\/widgets-2-carplay-500x189.png 500w, https:\/\/images.iphone-ticker.de\/wp-content\/uploads\/2025\/01\/widgets-2-carplay-1536x580.png 1536w, https:\/\/images.iphone-ticker.de\/wp-content\/uploads\/2025\/01\/widgets-2-carplay-2048x774.png 2048w\" sizes=\"auto, (max-width: 700px) 100vw, 700px\" \/><\/a><\/p>\n<p class=\"p1\">Obwohl die neue Version von CarPlay schon seit der <a href=\"https:\/\/www.iphone-ticker.de\/carplay-2023-apple-uebernimmt-das-armaturenbrett-192288\/\">ersten Ank\u00fcndigung 2022<\/a> sehr vielversprechend wirkt, m\u00fcssen wir uns nach Einsch\u00e4tzung des Wirtschaftsnachrichten-Dienstes Bloomberg darauf einstellen, dass technische und partnerschaftliche H\u00fcrden die Einf\u00fchrung weiter verz\u00f6gern werden.<\/p>\n<p><img loading=\"lazy\" decoding=\"async\" src=\"https:\/\/vg05.met.vgwort.de\/na\/cb5e1b313d494f85b195de52b89b85f2\" width=\"1\" height=\"1\" no-lazy class=\"tracking\"><\/p>\n","protected":false},"excerpt":{"rendered":"<a href=\"https:\/\/www.iphone-ticker.de\/carplay-2-neue-einblicke-und-anhaltende-verzoegerungen-248438\/\"><img width=\"150\" height=\"150\" src=\"https:\/\/images.iphone-ticker.de\/wp-content\/uploads\/2025\/01\/widgets-2-carplay-150x150.png\" class=\"alignright tfe wp-post-image\" alt=\"Widgets 2 Carplay\" decoding=\"async\" loading=\"lazy\" \/><\/a><p>Apple arbeitet weiterhin an der n\u00e4chsten Generation von CarPlay. Der hauseigenen L\u00f6sung zur Integration des iPhones in die Entertainmentsysteme der Automobilhersteller. Obwohl die Einf\u00fchrung laut fr\u00fcheren Ank\u00fcndigungen des Konzerns bereits f\u00fcr 2024 geplant war, sind entsprechende Modelle bislang nicht verf\u00fcgbar. J\u00fcngste Informationen und geleakte Bilder geben jedoch einen aktuellen Eindruck von der Entwicklung und den [&hellip;]<\/p>\n","protected":false},"author":1,"featured_media":248444,"comment_status":"open","ping_status":"closed","sticky":false,"template":"","format":"standard","meta":{"footnotes":""},"categories":[1,1975],"tags":[3914,35,2463,654],"class_list":["post-248438","post","type-post","status-publish","format-standard","has-post-thumbnail","hentry","category-news","category-feature","tag-apps","tag-auto","tag-carplay","tag-widget"],"aioseo_notices":[],"featured_image":["https:\/\/images.iphone-ticker.de\/wp-content\/uploads\/2025\/01\/carplay-widgets-feature.jpg"],"subheadline":["Widgets im Fokus"],"rest_api_enabler":{"featured_image":"https:\/\/images.iphone-ticker.de\/wp-content\/uploads\/2025\/01\/carplay-widgets-feature.jpg","subheadline":"Widgets im Fokus"},"_links":{"self":[{"href":"https:\/\/www.iphone-ticker.de\/apiv2\/wp\/v2\/posts\/248438","targetHints":{"allow":["GET"]}}],"collection":[{"href":"https:\/\/www.iphone-ticker.de\/apiv2\/wp\/v2\/posts"}],"about":[{"href":"https:\/\/www.iphone-ticker.de\/apiv2\/wp\/v2\/types\/post"}],"author":[{"embeddable":true,"href":"https:\/\/www.iphone-ticker.de\/apiv2\/wp\/v2\/users\/1"}],"replies":[{"embeddable":true,"href":"https:\/\/www.iphone-ticker.de\/apiv2\/wp\/v2\/comments?post=248438"}],"version-history":[{"count":2,"href":"https:\/\/www.iphone-ticker.de\/apiv2\/wp\/v2\/posts\/248438\/revisions"}],"predecessor-version":[{"id":248449,"href":"https:\/\/www.iphone-ticker.de\/apiv2\/wp\/v2\/posts\/248438\/revisions\/248449"}],"wp:featuredmedia":[{"embeddable":true,"href":"https:\/\/www.iphone-ticker.de\/apiv2\/wp\/v2\/media\/248444"}],"wp:attachment":[{"href":"https:\/\/www.iphone-ticker.de\/apiv2\/wp\/v2\/media?parent=248438"}],"wp:term":[{"taxonomy":"category","embeddable":true,"href":"https:\/\/www.iphone-ticker.de\/apiv2\/wp\/v2\/categories?post=248438"},{"taxonomy":"post_tag","embeddable":true,"href":"https:\/\/www.iphone-ticker.de\/apiv2\/wp\/v2\/tags?post=248438"}],"curies":[{"name":"wp","href":"https:\/\/api.w.org\/{rel}","templated":true}]}}