{"id":248196,"date":"2025-01-09T17:07:09","date_gmt":"2025-01-09T16:07:09","guid":{"rendered":"https:\/\/www.iphone-ticker.de\/?p=248196"},"modified":"2025-01-09T17:39:02","modified_gmt":"2025-01-09T16:39:02","slug":"das-iphone-ist-volljaehrig","status":"publish","type":"post","link":"https:\/\/www.iphone-ticker.de\/das-iphone-ist-volljaehrig-248196\/","title":{"rendered":"Das iPhone ist vollj\u00e4hrig"},"content":{"rendered":"<p>Vor genau 18 Jahren hat der damalige Apple-Chef Steve Jobs das iPhone vorgestellt. Wir nehmen diesen Jahrestag immer wieder gerne zum Anlass, um uns noch einmal die Produktpr\u00e4sentation von damals anzusehen. Steve Jobs war in absoluter Bestform und l\u00e4sst das Publikum daran teilhaben, wie er diesen Tag herbeigesehnt hat.<\/p>\n<p>Wer wenig Zeit mit sich bringt, kann die ersten 80 Sekunden im Video <a href=\"https:\/\/youtu.be\/x7qPAY9JqE4?si=kSCarmNiu-8Bg628&amp;t=79\">\u00fcberspringen<\/a>, um sich das Highlight der Pr\u00e4sentation anzusehen. Der Apple-Chef stellt nicht nur eines, sondern gleich drei neue Produkte vor.<\/p>\n<p><div class=\"responsive-video\"><iframe loading=\"lazy\" title=\"Steve Jobs Introducing The iPhone At MacWorld 2007\" width=\"500\" height=\"281\" src=\"https:\/\/www.youtube-nocookie.com\/embed\/x7qPAY9JqE4?feature=oembed\" frameborder=\"0\" allow=\"accelerometer; autoplay; clipboard-write; encrypted-media; gyroscope; picture-in-picture; web-share\" referrerpolicy=\"strict-origin-when-cross-origin\" allowfullscreen><\/iframe><\/div><\/p>\n<p>Heute ist das alles Geschichte. Das iPhone hat sich zu einem Quasi-Standard entwickelt und Apple ist l\u00e4ngst nicht mehr das rebellische Unternehmen alter Tage. W\u00e4hrend Jobs f\u00fcr seine Gier nach Innovation und Aussagen im Sinne von \u201eIt\u2019s not about money but products\u201c bekannt war, versucht sein Nachfolger, sich durch <a href=\"https:\/\/www.ifun.de\/tim-cook-millionenspende-fuer-trumps-amtseinfuehrung-246213\/\">Spenden<\/a> bei Politikern anzubiedern, und ist peinlichst darauf bedacht, die Erwartungen von Anlegern zu erf\u00fcllen.<\/p>\n<p>Zur\u00fcck zum iPhone. \u00dcber die technischen Spezifikationen der ersten iPhone-Generation kann man heute h\u00f6chstens m\u00fcde l\u00e4cheln. Der Bildschirm war gerade mal 3,5 Zoll gro\u00df und der verf\u00fcgbare Speicherplatz auf 4 Gigabyte begrenzt. Die erste Generation des iPhone wurde noch ohne GPS-Sensor ausgeliefert und hatte lediglich eine 2-Megapixel-Kamera an Bord.<\/p>\n<h2>In Deutschland erstmal nur bei der Telekom<\/h2>\n<p><a href=\"https:\/\/images.iphone-ticker.de\/wp-content\/uploads\/2025\/01\/iphone-verkaufsstart-koeln_upscayl_2x_upscayl-standard-4x.png\"><img loading=\"lazy\" decoding=\"async\" src=\"https:\/\/images.iphone-ticker.de\/wp-content\/uploads\/2025\/01\/iphone-verkaufsstart-koeln_upscayl_2x_upscayl-standard-4x-700x452.png\" alt=\"Iphone Verkaufsstart Koeln Upscayl 2x Upscayl Standard 4x\" width=\"700\" height=\"452\" class=\"alignnone size-large wp-image-248199\" srcset=\"https:\/\/images.iphone-ticker.de\/wp-content\/uploads\/2025\/01\/iphone-verkaufsstart-koeln_upscayl_2x_upscayl-standard-4x-700x452.png 700w, https:\/\/images.iphone-ticker.de\/wp-content\/uploads\/2025\/01\/iphone-verkaufsstart-koeln_upscayl_2x_upscayl-standard-4x-500x323.png 500w, https:\/\/images.iphone-ticker.de\/wp-content\/uploads\/2025\/01\/iphone-verkaufsstart-koeln_upscayl_2x_upscayl-standard-4x.png 1000w\" sizes=\"auto, (max-width: 700px) 100vw, 700px\" \/><\/a><\/p>\n<h6>iPhone-Verkaufsstart in Deutschland<\/h6>\n<p>Nach der ersten Pr\u00e4sentation in der \u00d6ffentlichkeit vor genau 18 Jahren hat es nochmal zehn Monate gedauert, bis das Ger\u00e4t offiziell auch in Deutschland erh\u00e4ltlich war. Zu Beginn war die Telekom damals der exklusive iPhone-Vertriebspartner von Apple und Steve Jobs ist f\u00fcr die Ank\u00fcndigung dieser Kooperation eigens zu einer gemeinsamen Pressekonferenz nach Deutschland gereist.<\/p>\n<p>Erst drei Jahre sp\u00e4ter war das iPhone in Deutschland auch bei Vodafone und O2 erh\u00e4ltlich, gefolgt vom frei und mit beliebigen Vertr\u00e4gen nutzbaren Ger\u00e4ten.<img loading=\"lazy\" decoding=\"async\" src=\"https:\/\/vg08.met.vgwort.de\/na\/c49fd73f6e95441c84eec063c51b2f00\" width=\"1\" height=\"1\" no-lazy class=\"tracking\"><\/p>\n","protected":false},"excerpt":{"rendered":"<a href=\"https:\/\/www.iphone-ticker.de\/das-iphone-ist-volljaehrig-248196\/\"><img width=\"150\" height=\"150\" src=\"https:\/\/images.iphone-ticker.de\/wp-content\/uploads\/2025\/01\/iphone-verkaufsstart-koeln_upscayl_2x_upscayl-standard-4x-150x150.png\" class=\"alignright tfe wp-post-image\" alt=\"Iphone Verkaufsstart Koeln Upscayl 2x Upscayl Standard 4x\" decoding=\"async\" loading=\"lazy\" \/><\/a><p>Vor genau 18 Jahren hat der damalige Apple-Chef Steve Jobs das iPhone vorgestellt. Wir nehmen diesen Jahrestag immer wieder gerne zum Anlass, um uns noch einmal die Produktpr\u00e4sentation von damals anzusehen. Steve Jobs war in absoluter Bestform und l\u00e4sst das Publikum daran teilhaben, wie er diesen Tag herbeigesehnt hat. Wer wenig Zeit mit sich bringt, [&hellip;]<\/p>\n","protected":false},"author":2,"featured_media":248199,"comment_status":"open","ping_status":"closed","sticky":false,"template":"","format":"standard","meta":{"footnotes":""},"categories":[749],"tags":[],"class_list":["post-248196","post","type-post","status-publish","format-standard","has-post-thumbnail","hentry","category-iphone-2"],"aioseo_notices":[],"subheadline":["Heute vor 18 Jahren vorgestellt"],"featured_image":["https:\/\/images.iphone-ticker.de\/wp-content\/uploads\/2023\/09\/iphone-telekom-feature.jpg"],"rest_api_enabler":{"subheadline":"Heute vor 18 Jahren vorgestellt","featured_image":"https:\/\/images.iphone-ticker.de\/wp-content\/uploads\/2023\/09\/iphone-telekom-feature.jpg"},"_links":{"self":[{"href":"https:\/\/www.iphone-ticker.de\/apiv2\/wp\/v2\/posts\/248196","targetHints":{"allow":["GET"]}}],"collection":[{"href":"https:\/\/www.iphone-ticker.de\/apiv2\/wp\/v2\/posts"}],"about":[{"href":"https:\/\/www.iphone-ticker.de\/apiv2\/wp\/v2\/types\/post"}],"author":[{"embeddable":true,"href":"https:\/\/www.iphone-ticker.de\/apiv2\/wp\/v2\/users\/2"}],"replies":[{"embeddable":true,"href":"https:\/\/www.iphone-ticker.de\/apiv2\/wp\/v2\/comments?post=248196"}],"version-history":[{"count":5,"href":"https:\/\/www.iphone-ticker.de\/apiv2\/wp\/v2\/posts\/248196\/revisions"}],"predecessor-version":[{"id":248204,"href":"https:\/\/www.iphone-ticker.de\/apiv2\/wp\/v2\/posts\/248196\/revisions\/248204"}],"wp:featuredmedia":[{"embeddable":true,"href":"https:\/\/www.iphone-ticker.de\/apiv2\/wp\/v2\/media\/248199"}],"wp:attachment":[{"href":"https:\/\/www.iphone-ticker.de\/apiv2\/wp\/v2\/media?parent=248196"}],"wp:term":[{"taxonomy":"category","embeddable":true,"href":"https:\/\/www.iphone-ticker.de\/apiv2\/wp\/v2\/categories?post=248196"},{"taxonomy":"post_tag","embeddable":true,"href":"https:\/\/www.iphone-ticker.de\/apiv2\/wp\/v2\/tags?post=248196"}],"curies":[{"name":"wp","href":"https:\/\/api.w.org\/{rel}","templated":true}]}}