{"id":247945,"date":"2025-01-06T13:57:06","date_gmt":"2025-01-06T12:57:06","guid":{"rendered":"https:\/\/www.iphone-ticker.de\/?p=247945"},"modified":"2025-01-07T06:45:01","modified_gmt":"2025-01-07T05:45:01","slug":"zur-stunde-der-wintervoegel-nabu-vogelwelt-runderneuert","status":"publish","type":"post","link":"https:\/\/www.iphone-ticker.de\/zur-stunde-der-wintervoegel-nabu-vogelwelt-runderneuert-247945\/","title":{"rendered":"Zur &#8222;Stunde der Winterv\u00f6gel&#8220;: NABU Vogelwelt runderneuert"},"content":{"rendered":"<p class=\"p1\">Vom 10. bis 12. Januar 2025 findet die f\u00fcnfzehnte \u201e<a href=\"https:\/\/www.nabu.de\/imperia\/md\/content\/nabude\/vogelschutz\/sdw\/241021-sdw25-kalender.ics\">Stunde der Winterv\u00f6gel<\/a>\u201c statt \u2013 eine Aktion des Naturschutzbundes Deutschland (NABU) und seines bayerischen Partners Landesbund f\u00fcr Vogel- und Naturschutz (LBV).<\/p>\n<p><a href=\"https:\/\/images.iphone-ticker.de\/wp-content\/uploads\/2025\/01\/241112-nabu_sdw25_1534x1390.jpg\"><img loading=\"lazy\" decoding=\"async\" class=\"aligncenter size-medium wp-image-247948\" src=\"https:\/\/images.iphone-ticker.de\/wp-content\/uploads\/2025\/01\/241112-nabu_sdw25_1534x1390-500x453.jpg\" alt=\"241112 Nabu Sdw25 1534x1390\" width=\"500\" height=\"453\" srcset=\"https:\/\/images.iphone-ticker.de\/wp-content\/uploads\/2025\/01\/241112-nabu_sdw25_1534x1390-500x453.jpg 500w, https:\/\/images.iphone-ticker.de\/wp-content\/uploads\/2025\/01\/241112-nabu_sdw25_1534x1390-700x634.jpg 700w, https:\/\/images.iphone-ticker.de\/wp-content\/uploads\/2025\/01\/241112-nabu_sdw25_1534x1390.jpg 1534w\" sizes=\"auto, (max-width: 500px) 100vw, 500px\" \/><\/a><\/p>\n<p class=\"p1\">Ziel ist es, bundesweit V\u00f6gel im eigenen Garten, auf dem Balkon oder im Park zu beobachten und die Ergebnisse zu melden. Die Teilnahme erfordert lediglich eine Stunde Zeit und soll dabei helfen, Daten \u00fcber die Best\u00e4nde h\u00e4ufiger Vogelarten wie Meisen, Finken, Rotkehlchen und Spatzen zu sammeln.<\/p>\n<p class=\"p1\">Die gesammelten Daten sollen dabei helfen, Ver\u00e4nderungen in den Best\u00e4nden fr\u00fchzeitig zu erkennen. Die Meldefrist l\u00e4uft bis zum 20. Januar 2025.<\/p>\n<h2 class=\"p3\">NABU-App \u201eVogelwelt\u201c<b><\/b><\/h2>\n<p class=\"p1\">Parallel zur Aktion bietet der NABU eine vollst\u00e4ndig \u00fcberarbeitete Version seiner <a href=\"https:\/\/www.nabu.de\/natur-und-landschaft\/natur-erleben\/spiele-apps-klingeltoene\/vogelwelt.html\">kostenlosen App \u201eVogelwelt\u201c<\/a> an. Diese App soll Nutzern die Bestimmung und Erfassung von Vogelarten erleichtern. Laut NABU enth\u00e4lt die Basisversion der App Informationen zu 308 Vogelarten, darunter Bilder, Beschreibungen und Verbreitungskarten. Erweiterte Funktionen wie Vogelstimmen, Videos und 3D-Modelle k\u00f6nnen durch kostenpflichtige In-App-K\u00e4ufe hinzugef\u00fcgt werden.<\/p>\n<p><a href=\"https:\/\/images.iphone-ticker.de\/wp-content\/uploads\/2025\/01\/nabu-vogelwelt.png\"><img loading=\"lazy\" decoding=\"async\" class=\"aligncenter size-large wp-image-247946\" src=\"https:\/\/images.iphone-ticker.de\/wp-content\/uploads\/2025\/01\/nabu-vogelwelt-700x476.png\" alt=\"Nabu Vogelwelt\" width=\"700\" height=\"476\" srcset=\"https:\/\/images.iphone-ticker.de\/wp-content\/uploads\/2025\/01\/nabu-vogelwelt-700x476.png 700w, https:\/\/images.iphone-ticker.de\/wp-content\/uploads\/2025\/01\/nabu-vogelwelt-500x340.png 500w, https:\/\/images.iphone-ticker.de\/wp-content\/uploads\/2025\/01\/nabu-vogelwelt.png 1516w\" sizes=\"auto, (max-width: 700px) 100vw, 700px\" \/><\/a><\/p>\n<p class=\"p1\">Neben der Identifikation von V\u00f6geln erm\u00f6glicht die App das Erstellen und Exportieren eigener Beobachtungslisten. Eine Suchfunktion sowie Filteroptionen sollen besonders Anf\u00e4ngern beim Einstieg in die Vogelbeobachtung helfen.<\/p>\n<h2 class=\"p3\">Erweiterte Funktionen gegen Bezahlung<b><\/b><\/h2>\n<p class=\"p1\">Die kostenlose Basisversion der App bietet unter anderem eine Galerieansicht und eine alphabetische Sortierung der Arten. Wer tiefer in die Materie einsteigen m\u00f6chte, kann zus\u00e4tzliche Inhalte erwerben. Dazu geh\u00f6ren beispielsweise Tonaufnahmen von Vogelstimmen, Videos und 3D-Modelle. Die Preise f\u00fcr diese Zusatzfunktionen bewegen sich zwischen 2,99 Euro und 24,99 Euro, abh\u00e4ngig vom Paket und Umfang.<\/p>\n<p class=\"p1\">Eine automatische Vogelstimmen- und Bilderkennung kann zudem im Abonnement genutzt werden. Diese kostet laut NABU 1,99 Euro im Monat oder 9,99 Euro im Jahr. Die Einnahmen aus den kostenpflichtigen Erweiterungen sollen teilweise in Naturschutzprojekte des NABU flie\u00dfen.<\/p>\n<!-- WP-Appbox (Version: 4.5.12 \/\/ Store: appstore \/\/ ID: 1363748556) -->\t<!-- app-link -->\n\t<div id=\"article-single-app-preview\">\n\t\t<div id=\"article-single-app-preview-header\">\n\t\t\t<span class=\"title\">Laden im App Store<\/span>\n\t\t<\/div>\n\t\t<div id=\"article-single-app-preview-content\">\n\t\t\t<div id=\"article-single-app-preview-img\"><img loading=\"lazy\" decoding=\"async\" src=\"\/\/www.iphone-ticker.de\/wp-content\/cache\/wp-appbox\/b60cbb0016aca5129b10c2f4705540f6\/ai-8baa6cc809af2886747e3ab28f414b4d\" alt=\"NABU Vogelwelt\"  height=\"72\" width=\"72\" class=\"asl-icon-img\" \/><\/div>\n\t\t\t<div id=\"article-single-app-preview-desc\">\n\t\t\t\t<span class=\"name\">NABU Vogelwelt<\/span><br \/>\n\t\t\t\t<span class=\"seller\">Entwickler: <a target=\"_blank\" rel=\"nofollow\" href=\"https:\/\/apps.apple.com\/de\/developer\/sunbird-images-ohg\/id1772908503\">Sunbird Images OHG<\/a><\/span>\n\t\t\t<\/div>\n\t\t\t<a target=\"_blank\" rel=\"nofollow\" href=\"https:\/\/apps.apple.com\/de\/app\/nabu-vogelwelt\/id1363748556\"><div id=\"article-single-app-preview-download\">Preis: Kostenlos<sup>+<\/sup><br \/>\n\t\t\t<span class=\"size\">Laden<\/span><\/div><\/a>\n\t\t<\/div>\n\t\t<!-- <div id=\"article-single-app-preview-footer\"><\/div>\t-->\n\t<\/div>\n\t<!-- app-link\/ende --><!-- \/WP-Appbox -->\n<p><div class=\"responsive-video\"><iframe loading=\"lazy\" title=\"Top 10: Diese V\u00f6gel kommen ans Futterhaus\" width=\"500\" height=\"281\" src=\"https:\/\/www.youtube-nocookie.com\/embed\/OP429yGZMoQ?feature=oembed\" frameborder=\"0\" allow=\"accelerometer; autoplay; clipboard-write; encrypted-media; gyroscope; picture-in-picture; web-share\" referrerpolicy=\"strict-origin-when-cross-origin\" allowfullscreen><\/iframe><\/div><\/p>\n<p><img loading=\"lazy\" decoding=\"async\" src=\"https:\/\/vg05.met.vgwort.de\/na\/8bae629c1686424ab2ef7ab3372bcdd9\" width=\"1\" height=\"1\" no-lazy class=\"tracking\"><\/p>\n","protected":false},"excerpt":{"rendered":"<a href=\"https:\/\/www.iphone-ticker.de\/zur-stunde-der-wintervoegel-nabu-vogelwelt-runderneuert-247945\/\"><img width=\"150\" height=\"150\" src=\"https:\/\/images.iphone-ticker.de\/wp-content\/uploads\/2025\/01\/nabu-wintervoegel-feature-150x150.jpg\" class=\"alignright tfe wp-post-image\" alt=\"Nabu Wintervoegel Feature\" decoding=\"async\" loading=\"lazy\" \/><\/a><p>Vom 10. bis 12. Januar 2025 findet die f\u00fcnfzehnte \u201eStunde der Winterv\u00f6gel\u201c statt \u2013 eine Aktion des Naturschutzbundes Deutschland (NABU) und seines bayerischen Partners Landesbund f\u00fcr Vogel- und Naturschutz (LBV). Ziel ist es, bundesweit V\u00f6gel im eigenen Garten, auf dem Balkon oder im Park zu beobachten und die Ergebnisse zu melden. Die Teilnahme erfordert lediglich [&hellip;]<\/p>\n","protected":false},"author":1,"featured_media":247949,"comment_status":"open","ping_status":"closed","sticky":false,"template":"","format":"standard","meta":{"footnotes":""},"categories":[1],"tags":[3914,4374,549,4805],"class_list":["post-247945","post","type-post","status-publish","format-standard","has-post-thumbnail","hentry","category-news","tag-apps","tag-nabu","tag-natur","tag-voegel"],"aioseo_notices":[],"subheadline":["Vogelz\u00e4hlung mit digitalem Helfer"],"featured_image":["https:\/\/images.iphone-ticker.de\/wp-content\/uploads\/2025\/01\/nabu-wintervoegel-feature.jpg"],"rest_api_enabler":{"subheadline":"Vogelz\u00e4hlung mit digitalem Helfer","featured_image":"https:\/\/images.iphone-ticker.de\/wp-content\/uploads\/2025\/01\/nabu-wintervoegel-feature.jpg"},"_links":{"self":[{"href":"https:\/\/www.iphone-ticker.de\/apiv2\/wp\/v2\/posts\/247945","targetHints":{"allow":["GET"]}}],"collection":[{"href":"https:\/\/www.iphone-ticker.de\/apiv2\/wp\/v2\/posts"}],"about":[{"href":"https:\/\/www.iphone-ticker.de\/apiv2\/wp\/v2\/types\/post"}],"author":[{"embeddable":true,"href":"https:\/\/www.iphone-ticker.de\/apiv2\/wp\/v2\/users\/1"}],"replies":[{"embeddable":true,"href":"https:\/\/www.iphone-ticker.de\/apiv2\/wp\/v2\/comments?post=247945"}],"version-history":[{"count":2,"href":"https:\/\/www.iphone-ticker.de\/apiv2\/wp\/v2\/posts\/247945\/revisions"}],"predecessor-version":[{"id":248013,"href":"https:\/\/www.iphone-ticker.de\/apiv2\/wp\/v2\/posts\/247945\/revisions\/248013"}],"wp:featuredmedia":[{"embeddable":true,"href":"https:\/\/www.iphone-ticker.de\/apiv2\/wp\/v2\/media\/247949"}],"wp:attachment":[{"href":"https:\/\/www.iphone-ticker.de\/apiv2\/wp\/v2\/media?parent=247945"}],"wp:term":[{"taxonomy":"category","embeddable":true,"href":"https:\/\/www.iphone-ticker.de\/apiv2\/wp\/v2\/categories?post=247945"},{"taxonomy":"post_tag","embeddable":true,"href":"https:\/\/www.iphone-ticker.de\/apiv2\/wp\/v2\/tags?post=247945"}],"curies":[{"name":"wp","href":"https:\/\/api.w.org\/{rel}","templated":true}]}}