{"id":247109,"date":"2024-12-13T18:06:27","date_gmt":"2024-12-13T17:06:27","guid":{"rendered":"https:\/\/www.iphone-ticker.de\/?p=247109"},"modified":"2024-12-13T18:07:05","modified_gmt":"2024-12-13T17:07:05","slug":"usb-c-regelung-apple-muss-vor-jahresende-drei-iphones-aus-dem-programm-nehmen","status":"publish","type":"post","link":"https:\/\/www.iphone-ticker.de\/usb-c-regelung-apple-muss-vor-jahresende-drei-iphones-aus-dem-programm-nehmen-247109\/","title":{"rendered":"USB-C-Regelung: Apple muss drei iPhones aus dem Programm nehmen"},"content":{"rendered":"<p>Zum Jahresende tritt die EU-Regelung f\u00fcr ein einheitliches Ladekabel in Kraft. Vom 28. Dezember an d\u00fcrfen in den L\u00e4ndern der Europ\u00e4ischen Union keine Smartphones mehr ohne USB-C-Anschluss f\u00fcr das kabelgebundene Laden verkauft werden. Diese Vorgabe betrifft auch Apple, da das Unternehmen momentan noch drei iPhone-Modelle im Programm hat, die anstelle von USB-C mit einem Lightning-Anschluss ausgestattet sind.<\/p>\n<p>Aktuell kann man im <a href=\"https:\/\/apple.sjv.io\/jWQevM\" title=\"Apple Onlineshop\">Apple Store<\/a> neben der neuesten iPhone-Generation auch noch verschiedene \u00e4ltere Modelle kaufen, darunter mit dem iPhone 14, dem iPhone 14 Plus und dem iPhone SE der dritten Generation auch drei Modelle aus dem Jahr 2022. Eben diese drei Ger\u00e4te verf\u00fcgen noch \u00fcber den alten Lightning-Anschluss und entsprechen somit nicht der Regelung f\u00fcr ein einheitliches Ladekabel.<\/p>\n<p>W\u00e4hrend der Wegfall der beiden iPhone-14-Modelle kaum ins Gewicht fallen d\u00fcrfte, hinterl\u00e4sst das iPhone SE als kompaktes und vor allem auch g\u00fcnstigstes Ger\u00e4t schon eher eine L\u00fccke im Produktangebot von Apple. <\/p>\n<p><a href=\"https:\/\/images.iphone-ticker.de\/wp-content\/uploads\/2022\/03\/iphone-se-uebersicht.jpg\"><img loading=\"lazy\" decoding=\"async\" src=\"https:\/\/images.iphone-ticker.de\/wp-content\/uploads\/2022\/03\/iphone-se-uebersicht-700x400.jpg\" alt=\"Iphone Se Uebersicht\" width=\"700\" height=\"400\" class=\"alignnone size-large wp-image-187269\" srcset=\"https:\/\/images.iphone-ticker.de\/wp-content\/uploads\/2022\/03\/iphone-se-uebersicht-700x400.jpg 700w, https:\/\/images.iphone-ticker.de\/wp-content\/uploads\/2022\/03\/iphone-se-uebersicht-500x286.jpg 500w, https:\/\/images.iphone-ticker.de\/wp-content\/uploads\/2022\/03\/iphone-se-uebersicht-1536x877.jpg 1536w, https:\/\/images.iphone-ticker.de\/wp-content\/uploads\/2022\/03\/iphone-se-uebersicht.jpg 1775w\" sizes=\"auto, (max-width: 700px) 100vw, 700px\" \/><\/a><\/p>\n<h6>Leistungs\u00fcbersicht des iPhone SE 3<\/h6>\n<p>Da die Ver\u00f6ffentlichung der vierten Generation des iPhone SE im Fr\u00fchjahr als sicher gilt, stellt sich die Frage, ob hier ein besseres Timing m\u00f6glich gewesen w\u00e4re. Vermutlich haben jedoch verkaufsstrategische Gr\u00fcnde verhindert, dass Apple das neue iPhone SE zeitgleich mit den Modellen des iPhone 16 auf den Markt bringt.<\/p>\n<h2>Neues iPhone SE wohl erst im M\u00e4rz<\/h2>\n<p>Aktuell <a href=\"https:\/\/www.iphone-ticker.de\/iphone-se-4-was-vom-naechsten-modell-erwartet-wird-245954\/\" title=\"iPhone SE 4: Was vom n\u00e4chsten Modell erwartet wird\">sieht es so aus<\/a>, dass das iPhone SE der vierten Generation im M\u00e4rz 2025 auf den Markt kommt. Apple wird sich mit diesem Ger\u00e4t wohl nicht nur vom Lightning-Anschluss verabschieden, sondern auch die Home-Taste ausmustern und fortan mit der kompletten iPhone-Produktpalette auf die Gesichtserkennung Face-ID setzen. In der Folge bleibt mehr Platz f\u00fcr das Display, das k\u00fcnftig voraussichtlich 6 Zoll statt der bisher aktuellen 4,7 Zoll messen wird.<\/p>\n<p>Apple hat selbst noch nichts dazu verlauten lassen, wie mit der kommenden EU-Vorgabe verfahren wird. Es sieht allerdings so aus, als w\u00fcrden die betroffenen Ger\u00e4te au\u00dferhalb der EU erstmal weiter verkauft werden. Dem franz\u00f6sischen Apple-Blog <a href=\"https:\/\/www.igen.fr\/iphone\/2024\/12\/apple-va-arreter-la-vente-des-iphone-se-et-iphone-14-dans-lunion-europeenne-147523\">iGen<\/a> zufolge ist nur geplant, die beiden iPhone-14-Modelle und das iPhone SE zum Jahreswechsel nicht mehr \u00fcber die Onlineshops und Ladengesch\u00e4fte von Apple in der EU anzubieten.<img loading=\"lazy\" decoding=\"async\" src=\"https:\/\/vg07.met.vgwort.de\/na\/3550344d2b8a4d73b6a303168f767c55\" width=\"1\" height=\"1\" no-lazy class=\"tracking\"><\/p>\n","protected":false},"excerpt":{"rendered":"<a href=\"https:\/\/www.iphone-ticker.de\/usb-c-regelung-apple-muss-vor-jahresende-drei-iphones-aus-dem-programm-nehmen-247109\/\"><img decoding=\"async\" width=\"150\" src=\"https:\/\/images.iphone-ticker.de\/wp-content\/uploads\/2022\/03\/iphone-se-uebersicht-700x400.jpg\" class=\"alignright wp-post-image tfe\" alt=\"Iphone Se Uebersicht\" title=\"\" \/><\/a><p>Zum Jahresende tritt die EU-Regelung f\u00fcr ein einheitliches Ladekabel in Kraft. Vom 28. Dezember an d\u00fcrfen in den L\u00e4ndern der Europ\u00e4ischen Union keine Smartphones mehr ohne USB-C-Anschluss f\u00fcr das kabelgebundene Laden verkauft werden. Diese Vorgabe betrifft auch Apple, da das Unternehmen momentan noch drei iPhone-Modelle im Programm hat, die anstelle von USB-C mit einem Lightning-Anschluss [&hellip;]<\/p>\n","protected":false},"author":2,"featured_media":0,"comment_status":"open","ping_status":"closed","sticky":false,"template":"","format":"standard","meta":{"footnotes":""},"categories":[749],"tags":[6730,344,3140],"class_list":["post-247109","post","type-post","status-publish","format-standard","hentry","category-iphone-2","tag-europaeische-union","tag-iphone","tag-usb-c"],"aioseo_notices":[],"subheadline":["Stichtag 28. Dezember"],"featured_image":["https:\/\/images.iphone-ticker.de\/wp-content\/uploads\/2022\/03\/syncwire-iphone-se-huelle-feature.jpg"],"rest_api_enabler":{"subheadline":"Stichtag 28. Dezember","featured_image":"https:\/\/images.iphone-ticker.de\/wp-content\/uploads\/2022\/03\/syncwire-iphone-se-huelle-feature.jpg"},"_links":{"self":[{"href":"https:\/\/www.iphone-ticker.de\/apiv2\/wp\/v2\/posts\/247109","targetHints":{"allow":["GET"]}}],"collection":[{"href":"https:\/\/www.iphone-ticker.de\/apiv2\/wp\/v2\/posts"}],"about":[{"href":"https:\/\/www.iphone-ticker.de\/apiv2\/wp\/v2\/types\/post"}],"author":[{"embeddable":true,"href":"https:\/\/www.iphone-ticker.de\/apiv2\/wp\/v2\/users\/2"}],"replies":[{"embeddable":true,"href":"https:\/\/www.iphone-ticker.de\/apiv2\/wp\/v2\/comments?post=247109"}],"version-history":[{"count":5,"href":"https:\/\/www.iphone-ticker.de\/apiv2\/wp\/v2\/posts\/247109\/revisions"}],"predecessor-version":[{"id":247116,"href":"https:\/\/www.iphone-ticker.de\/apiv2\/wp\/v2\/posts\/247109\/revisions\/247116"}],"wp:attachment":[{"href":"https:\/\/www.iphone-ticker.de\/apiv2\/wp\/v2\/media?parent=247109"}],"wp:term":[{"taxonomy":"category","embeddable":true,"href":"https:\/\/www.iphone-ticker.de\/apiv2\/wp\/v2\/categories?post=247109"},{"taxonomy":"post_tag","embeddable":true,"href":"https:\/\/www.iphone-ticker.de\/apiv2\/wp\/v2\/tags?post=247109"}],"curies":[{"name":"wp","href":"https:\/\/api.w.org\/{rel}","templated":true}]}}