{"id":24557,"date":"2011-09-02T21:04:30","date_gmt":"2011-09-02T19:04:30","guid":{"rendered":"http:\/\/www.iphone-ticker.de\/?p=24557"},"modified":"2011-09-02T21:04:30","modified_gmt":"2011-09-02T19:04:30","slug":"zdf-mediathek-app","status":"publish","type":"post","link":"https:\/\/www.iphone-ticker.de\/zdf-mediathek-app-24557\/","title":{"rendered":"ZDF: Die Mediathek-App kommt am Montag"},"content":{"rendered":"<p>Na Bitte. Das Warten auf die iOS-Applikation zur ZDF-Mediathek hat <a href=\"http:\/\/www.ifun.de\/zdf-mediathek-nach-ostern-mit-eigener-app-11551\/\">endlich<\/a> ein Ende. Eine Woche nach <a href=\"http:\/\/www.iphone-ticker.de\/zdf-mediathek-app-im-herbst-24364\/\">unserem Presse-Gespr\u00e4ch<\/a> mit den Verantwortlichen des Zweiten Deutschen Fernsehens steht nun fest: Am Montag wird der kostenlose Download f\u00fcr iPhone und iPad im deutschen AppStore aufschlagen und die ebenfalls empfehlenswerte <a rel=\"noindex, nofollow\" href=\"http:\/\/www.ifun.de\/app\/405028510\">ARTE-Mediathek<\/a> erg\u00e4nzen. <a href=\"http:\/\/twitter.com\/#!\/ZDFonline\/status\/109179725892694016\">Auf Twitter<\/a> wollen sich die Mainzer zwar noch nicht auf einen Wochentag festlegen, deuten mit ihrem &#8222;N\u00e4chste Woche haben wir appsolut coole News f\u00fcr Euch&#8220; jedoch schon auf den inzwischen best\u00e4tigten 5. September hin. <\/p>\n<p><img loading=\"lazy\" decoding=\"async\" src=\"http:\/\/www.iphone-ticker.de\/wp-content\/uploads\/2011\/09\/zdfonline.jpg\" alt=\"\" title=\"zdfonline\" width=\"464\" height=\"128\" class=\"aligncenter size-full wp-image-24558\" srcset=\"https:\/\/images.iphone-ticker.de\/wp-content\/uploads\/2011\/09\/zdfonline.jpg 464w, https:\/\/images.iphone-ticker.de\/wp-content\/uploads\/2011\/09\/zdfonline-300x82.jpg 300w\" sizes=\"auto, (max-width: 464px) 100vw, 464px\" \/><\/p>\n","protected":false},"excerpt":{"rendered":"<a href=\"https:\/\/www.iphone-ticker.de\/zdf-mediathek-app-24557\/\"><img decoding=\"async\" width=\"150\" src=\"http:\/\/www.iphone-ticker.de\/wp-content\/uploads\/2011\/09\/zdfonline.jpg\" class=\"alignright wp-post-image tfe\" alt=\"\" title=\"zdfonline\" \/><\/a><p>Na Bitte. Das Warten auf die iOS-Applikation zur ZDF-Mediathek hat endlich ein Ende. Eine Woche nach unserem Presse-Gespr\u00e4ch mit den Verantwortlichen des Zweiten Deutschen Fernsehens steht nun fest: Am Montag wird der kostenlose Download f\u00fcr iPhone und iPad im deutschen AppStore aufschlagen und die ebenfalls empfehlenswerte ARTE-Mediathek erg\u00e4nzen. Auf Twitter wollen sich die Mainzer zwar [&hellip;]<\/p>\n","protected":false},"author":1,"featured_media":0,"comment_status":"open","ping_status":"closed","sticky":false,"template":"","format":"standard","meta":{"footnotes":""},"categories":[1],"tags":[666,3914,413,171,434],"class_list":["post-24557","post","type-post","status-publish","format-standard","hentry","category-news","tag-app-store","tag-apps","tag-fernsehen","tag-tv","tag-zdf"],"aioseo_notices":[],"rest_api_enabler":[],"_links":{"self":[{"href":"https:\/\/www.iphone-ticker.de\/apiv2\/wp\/v2\/posts\/24557","targetHints":{"allow":["GET"]}}],"collection":[{"href":"https:\/\/www.iphone-ticker.de\/apiv2\/wp\/v2\/posts"}],"about":[{"href":"https:\/\/www.iphone-ticker.de\/apiv2\/wp\/v2\/types\/post"}],"author":[{"embeddable":true,"href":"https:\/\/www.iphone-ticker.de\/apiv2\/wp\/v2\/users\/1"}],"replies":[{"embeddable":true,"href":"https:\/\/www.iphone-ticker.de\/apiv2\/wp\/v2\/comments?post=24557"}],"version-history":[{"count":1,"href":"https:\/\/www.iphone-ticker.de\/apiv2\/wp\/v2\/posts\/24557\/revisions"}],"predecessor-version":[{"id":24559,"href":"https:\/\/www.iphone-ticker.de\/apiv2\/wp\/v2\/posts\/24557\/revisions\/24559"}],"wp:attachment":[{"href":"https:\/\/www.iphone-ticker.de\/apiv2\/wp\/v2\/media?parent=24557"}],"wp:term":[{"taxonomy":"category","embeddable":true,"href":"https:\/\/www.iphone-ticker.de\/apiv2\/wp\/v2\/categories?post=24557"},{"taxonomy":"post_tag","embeddable":true,"href":"https:\/\/www.iphone-ticker.de\/apiv2\/wp\/v2\/tags?post=24557"}],"curies":[{"name":"wp","href":"https:\/\/api.w.org\/{rel}","templated":true}]}}