{"id":245144,"date":"2024-11-08T12:56:26","date_gmt":"2024-11-08T11:56:26","guid":{"rendered":"https:\/\/www.iphone-ticker.de\/?p=245144"},"modified":"2024-11-18T07:28:14","modified_gmt":"2024-11-18T06:28:14","slug":"fuer-iphone-airpods-und-watch-15-watt-ladecube-zum-halben-preis","status":"publish","type":"post","link":"https:\/\/www.iphone-ticker.de\/fuer-iphone-airpods-und-watch-15-watt-ladecube-zum-halben-preis-245144\/","title":{"rendered":"F\u00fcr iPhone, AirPods und Watch: 15-Watt-Ladecube zum halben Preis"},"content":{"rendered":"<p class=\"p1\">Im Zubeh\u00f6r-Bereich gibt und gab es diese Woche ein paar wirkliche Schn\u00e4ppchen. Wir haben vorhin erst die <a rel=\"noindex, nofollow\" href=\"http:\/\/www.ifun.de\/amzn\/B0CQNVWCGJ\">VEGER Mini Powerbank<\/a>, die wir im Anschluss an unseren <a href=\"https:\/\/www.iphone-ticker.de\/zum-halben-preis-veger-mini-fuer-iphone-und-apple-watch-244809\/\">Artikel vom Montag<\/a> direkt selbst geordert haben, in Empfang genommen und ausgepackt.<\/p>\n<p class=\"p1\">Der Akku mit Lightning- und USB-C-Kabel, Ladepuck f\u00fcr die Apple Watch und guten Leistungswerten ist f\u00fcr die aktuellen 14 Euro nahezu geschenkt. Der erste Eindruck ist sehr gut. Auch die LED-Anzeige macht eine gute Figur. Noch nicht aufgeschlagen ist <a rel=\"noindex, nofollow\" href=\"http:\/\/www.ifun.de\/amzn\/B0CGCR138W\">das Apple-Watch-Ladeger\u00e4t<\/a> \u2013 hier liefern wir unsere Eindr\u00fccke vielleicht noch mal etwas ausf\u00fchrlicher nach.<\/p>\n<h2>15-Watt-Ladecube zum halben Preis<\/h2>\n<p class=\"p1\">Heute wollen wir kurz auf <a rel=\"noindex, nofollow\" href=\"http:\/\/www.ifun.de\/amzn\/B0CZMMCP6C\">diese Ladestation von LISEN<\/a> aufmerksam machen \u2013 falls noch jemand eine Ger\u00e4te-Basis f\u00fcr den Arbeitsplatz oder Schreibtisch ben\u00f6tigt.<\/p>\n<p><a href=\"https:\/\/images.iphone-ticker.de\/wp-content\/uploads\/2024\/11\/ladecube-small.jpg\"><img loading=\"lazy\" decoding=\"async\" class=\"aligncenter size-large wp-image-245147\" src=\"https:\/\/images.iphone-ticker.de\/wp-content\/uploads\/2024\/11\/ladecube-small-700x700.jpg\" alt=\"Ladecube Small\" width=\"700\" height=\"700\" srcset=\"https:\/\/images.iphone-ticker.de\/wp-content\/uploads\/2024\/11\/ladecube-small-700x700.jpg 700w, https:\/\/images.iphone-ticker.de\/wp-content\/uploads\/2024\/11\/ladecube-small-500x500.jpg 500w, https:\/\/images.iphone-ticker.de\/wp-content\/uploads\/2024\/11\/ladecube-small-150x150.jpg 150w, https:\/\/images.iphone-ticker.de\/wp-content\/uploads\/2024\/11\/ladecube-small.jpg 1500w\" sizes=\"auto, (max-width: 700px) 100vw, 700px\" \/><\/a><\/p>\n<p class=\"p1\">Das 3-in-1-Ger\u00e4t l\u00e4dt iPhone, Apple Watch und AirPods gleichzeitig und kabellos und ist derzeit mit einem Rabatt von mehr als 50 Prozent erh\u00e4ltlich. Diesen Rabatt kann beanspruchen, wer die beiden aktuell laufenden Angebotsaktionen miteinander kombiniert.<\/p>\n<p>Daf\u00fcr gibt es dann keine lahme Ladekr\u00fccke, sondern eine induktive Ladeleistung in H\u00f6he von 15 Watt, also dem aktuellen iPhone-Maximalwert. Die Apple Watch wird mit 2,5 Watt und die AirPods mit 3 Watt geladen.<\/p>\n<h2>\u00dcber kombinierbare Rabatte<\/h2>\n<p class=\"p1\">Der regul\u00e4re Preis liegt bei 59,99 Euro. Nach Abzug des auf der Produktseite verf\u00fcgbaren 14-Prozent-Coupons und Nutzung des 40-Prozent-Aktionscodes <strong>57XPU69U<\/strong> kann der Endpreis jedoch auf nur noch 27,59 Euro reduziert werden.<\/p>\n<p><a href=\"https:\/\/images.iphone-ticker.de\/wp-content\/uploads\/2024\/11\/doppel-rabatt.png\"><img loading=\"lazy\" decoding=\"async\" class=\"aligncenter size-large wp-image-245146\" src=\"https:\/\/images.iphone-ticker.de\/wp-content\/uploads\/2024\/11\/doppel-rabatt-700x318.png\" alt=\"Doppel Rabatt\" width=\"700\" height=\"318\" srcset=\"https:\/\/images.iphone-ticker.de\/wp-content\/uploads\/2024\/11\/doppel-rabatt-700x318.png 700w, https:\/\/images.iphone-ticker.de\/wp-content\/uploads\/2024\/11\/doppel-rabatt-500x227.png 500w, https:\/\/images.iphone-ticker.de\/wp-content\/uploads\/2024\/11\/doppel-rabatt.png 1456w\" sizes=\"auto, (max-width: 700px) 100vw, 700px\" \/><\/a><\/p>\n<p class=\"p1\">Wir haben noch keine Erfahrungen mit <a rel=\"noindex, nofollow\" href=\"http:\/\/www.ifun.de\/amzn\/B0CZMMCP6C\">dem Ladeger\u00e4t von LISEN<\/a> gesammelt, die Eckdaten scheinen aber in Ordnung. Das inzwischen recht weit verbreitete W\u00fcrfel-Design ist bekannt, im Lieferumfang ist offenbar ein 20-Watt-Netzteil und ein USB-C-Kabel enthalten. Zudem bietet das Unternehmen eine 24-monatige Garantie auf den Stromspender an.<\/p>\n<p class=\"p1\">Wir wissen nicht, wie lange die Rabatt-Kombination noch angeboten wird und wie gro\u00df der Lagerbestand ist, aktuell l\u00e4sst sich das Mehrfach-Ladeger\u00e4t jedoch noch zum Vorzugspreis bestellen.<\/p>\n<script>\r\n  function open_amazon(link) {\r\n    if (navigator.userAgent.indexOf(\"Firefox\") != -1) {\r\n      window.open(link, '_blank');\r\n    } else {\r\n      var tag = document.createElement('a');\r\n      tag.setAttribute('href', link);\r\n      tag.innerHTML = \"amzn\";\r\n      tag.click();\r\n    }\r\n  }\r\n<\/script>\r\n    <div id=\"article-single-amazon-preview\" onclick=\"return open_amazon('https:\/\/www.amazon.de\/dp\/B0CZMMCP6C?tag=musicweb02&linkCode=ogi&th=1&psc=1');\">\n  <div id=\"article-single-amazon-preview-header\">\n    <span class=\"title\">Produkthinweis<\/span>\n      <\/div>\n  <div id=\"article-single-amazon-preview-content\">\n    <div id=\"article-single-amazon-preview-img\" style=\"background: url('https:\/\/m.media-amazon.com\/images\/I\/41-y9FjOZKL.jpg') center center no-repeat; background-size: cover;\"><\/div>\n    <div id=\"article-single-amazon-preview-desc\">\n      <span class=\"bezeichnung\"><a href=\"https:\/\/www.amazon.de\/dp\/B0CZMMCP6C?tag=musicweb02&linkCode=ogi&th=1&psc=1\" style=\"text-decoration: none; border-bottom: 0px; box-shadow: none;\">LISEN 3 in 1 Ladestation f\u00fcr Apple Watch Und iPhone,Cube Mehrere Ger\u00e4te f\u00fcr Magsafe Ladestation 15W Wireless Charger...<\/a><\/span>\n      <span class=\"preis--aktuell\">Aktionspreis<\/span>\n      <span class=\"preis--alt\"><\/span>\n    <\/div>\n  <\/div>\n<\/div>\n<p><img loading=\"lazy\" decoding=\"async\" src=\"https:\/\/vg01.met.vgwort.de\/na\/61c4be5dc55149648fbdaedc36ece23d\" width=\"1\" height=\"1\" no-lazy class=\"tracking\"><\/p>\n","protected":false},"excerpt":{"rendered":"<a href=\"https:\/\/www.iphone-ticker.de\/fuer-iphone-airpods-und-watch-15-watt-ladecube-zum-halben-preis-245144\/\"><img width=\"150\" height=\"150\" src=\"https:\/\/images.iphone-ticker.de\/wp-content\/uploads\/2024\/11\/ladecube-small-150x150.jpg\" class=\"alignright tfe wp-post-image\" alt=\"Ladecube Small\" decoding=\"async\" loading=\"lazy\" srcset=\"https:\/\/images.iphone-ticker.de\/wp-content\/uploads\/2024\/11\/ladecube-small-150x150.jpg 150w, https:\/\/images.iphone-ticker.de\/wp-content\/uploads\/2024\/11\/ladecube-small-500x500.jpg 500w, https:\/\/images.iphone-ticker.de\/wp-content\/uploads\/2024\/11\/ladecube-small-700x700.jpg 700w, https:\/\/images.iphone-ticker.de\/wp-content\/uploads\/2024\/11\/ladecube-small.jpg 1500w\" sizes=\"auto, (max-width: 150px) 100vw, 150px\" \/><\/a><p>Im Zubeh\u00f6r-Bereich gibt und gab es diese Woche ein paar wirkliche Schn\u00e4ppchen. Wir haben vorhin erst die VEGER Mini Powerbank, die wir im Anschluss an unseren Artikel vom Montag direkt selbst geordert haben, in Empfang genommen und ausgepackt. Der Akku mit Lightning- und USB-C-Kabel, Ladepuck f\u00fcr die Apple Watch und guten Leistungswerten ist f\u00fcr die [&hellip;]<\/p>\n","protected":false},"author":1,"featured_media":245147,"comment_status":"open","ping_status":"closed","sticky":false,"template":"","format":"standard","meta":{"footnotes":""},"categories":[1],"tags":[6962,452,5239],"class_list":["post-245144","post","type-post","status-publish","format-standard","has-post-thumbnail","hentry","category-news","tag-lisen","tag-sparen","tag-zubehoer"],"aioseo_notices":[],"subheadline":["\u00dcber kombinierbare Rabatte"],"featured_image":["https:\/\/images.iphone-ticker.de\/wp-content\/uploads\/2024\/11\/lisen-ladecube.jpg"],"rest_api_enabler":{"subheadline":"\u00dcber kombinierbare Rabatte","featured_image":"https:\/\/images.iphone-ticker.de\/wp-content\/uploads\/2024\/11\/lisen-ladecube.jpg"},"_links":{"self":[{"href":"https:\/\/www.iphone-ticker.de\/apiv2\/wp\/v2\/posts\/245144","targetHints":{"allow":["GET"]}}],"collection":[{"href":"https:\/\/www.iphone-ticker.de\/apiv2\/wp\/v2\/posts"}],"about":[{"href":"https:\/\/www.iphone-ticker.de\/apiv2\/wp\/v2\/types\/post"}],"author":[{"embeddable":true,"href":"https:\/\/www.iphone-ticker.de\/apiv2\/wp\/v2\/users\/1"}],"replies":[{"embeddable":true,"href":"https:\/\/www.iphone-ticker.de\/apiv2\/wp\/v2\/comments?post=245144"}],"version-history":[{"count":1,"href":"https:\/\/www.iphone-ticker.de\/apiv2\/wp\/v2\/posts\/245144\/revisions"}],"predecessor-version":[{"id":245149,"href":"https:\/\/www.iphone-ticker.de\/apiv2\/wp\/v2\/posts\/245144\/revisions\/245149"}],"wp:featuredmedia":[{"embeddable":true,"href":"https:\/\/www.iphone-ticker.de\/apiv2\/wp\/v2\/media\/245147"}],"wp:attachment":[{"href":"https:\/\/www.iphone-ticker.de\/apiv2\/wp\/v2\/media?parent=245144"}],"wp:term":[{"taxonomy":"category","embeddable":true,"href":"https:\/\/www.iphone-ticker.de\/apiv2\/wp\/v2\/categories?post=245144"},{"taxonomy":"post_tag","embeddable":true,"href":"https:\/\/www.iphone-ticker.de\/apiv2\/wp\/v2\/tags?post=245144"}],"curies":[{"name":"wp","href":"https:\/\/api.w.org\/{rel}","templated":true}]}}