{"id":244325,"date":"2024-10-24T13:43:18","date_gmt":"2024-10-24T11:43:18","guid":{"rendered":"https:\/\/www.iphone-ticker.de\/?p=244325"},"modified":"2024-10-31T19:50:22","modified_gmt":"2024-10-31T18:50:22","slug":"airpods-pro-2-als-hoerhilfe-apple-gewaehrt-blick-ins-audio-labor","status":"publish","type":"post","link":"https:\/\/www.iphone-ticker.de\/airpods-pro-2-als-hoerhilfe-apple-gewaehrt-blick-ins-audio-labor-244325\/","title":{"rendered":"AirPods Pro 2 als H\u00f6rhilfe: Apple gew\u00e4hrt Blick ins Audio-Labor"},"content":{"rendered":"<p class=\"p1\">Wie berichtet plant Apple Anfang der kommenden Woche ein Software-Update f\u00fcr die AirPods Pro 2 zu ver\u00f6ffentlichen. Ist dieses installiert und anschlie\u00dfend ein H\u00f6rtest absolviert, k\u00f6nnen die drahtlosen Ohrh\u00f6rer auch als H\u00f6rhilfen fungieren.<\/p>\n<p><a href=\"https:\/\/images.iphone-ticker.de\/wp-content\/uploads\/2024\/10\/iphone-hoerhilfe.png\"><img loading=\"lazy\" decoding=\"async\" class=\"aligncenter size-medium wp-image-244068\" src=\"https:\/\/images.iphone-ticker.de\/wp-content\/uploads\/2024\/10\/iphone-hoerhilfe-500x456.png\" alt=\"Iphone Hoerhilfe\" width=\"500\" height=\"456\" srcset=\"https:\/\/images.iphone-ticker.de\/wp-content\/uploads\/2024\/10\/iphone-hoerhilfe-500x456.png 500w, https:\/\/images.iphone-ticker.de\/wp-content\/uploads\/2024\/10\/iphone-hoerhilfe-700x639.png 700w, https:\/\/images.iphone-ticker.de\/wp-content\/uploads\/2024\/10\/iphone-hoerhilfe.png 1195w\" sizes=\"auto, (max-width: 500px) 100vw, 500px\" \/><\/a><\/p>\n<p class=\"p1\">Die AirPods werden keine hochwertigen H\u00f6rger\u00e4te ersetzen, k\u00f6nnten den weltweit 1,5 Milliarden Menschen, die bereits von H\u00f6rverlusten betroffen sind, jedoch einen einfachen ersten Kontakt mit entsprechenden Hilfsmitteln erm\u00f6glichen. Derzeit scheuen viele Betroffene den Weg zum Akustiker noch; oft aus Angst vor dem sozialen Stigma von H\u00f6rger\u00e4ten.<\/p>\n<h2 class=\"p1\">Apple gew\u00e4hrt Blick ins Audio-Labor<\/h2>\n<p class=\"p1\">Kurz vor dem Start der neuen Funktion hat Apple der ABC-Morningshow \u201cGood Morning America\u201d Zugang zu einem streng abgeschirmten Audio-Labor in Cupertino <a href=\"https:\/\/www.youtube.com\/watch?v=vOkiDwH98sE\">gew\u00e4hrt<\/a>. In den sogenannten \u201cFantasia Labs\u201d arbeiten Apples Ingenieure seit Jahren daran, den Einsatz der AirPods als H\u00f6rhilfe zu perfektionieren. Laut Apple simulieren Lautsprecher dort Hunderte akustischer Szenarien, wie etwa laute Restaurants, die dann als Testkulisse dienen. Die Tests sollen sicherstellen, dass Nutzer auch in ger\u00e4uschvollen Umgebungen Gespr\u00e4che gut verstehen k\u00f6nnen.<\/p>\n<p class=\"p1\">Eine der von Apple zu meisternden Herausforderungen: Jeder Mensch hat ein individuelles H\u00f6rprofil. Um diese Unterschiede zu ber\u00fccksichtigen, f\u00fchrt Apple im Labor zahlreiche Tests mit verschiedenen H\u00f6rprofilen durch. Dabei wird die F\u00e4higkeit der Nutzer gepr\u00fcft, unter verschiedenen L\u00e4rmpegeln Stimmen zu verstehen.<\/p>\n<p><div class=\"responsive-video\"><iframe loading=\"lazy\" title=\"Exclusive inside Apple\u2019s audio lab where the company is taking on hearing loss\" width=\"500\" height=\"281\" src=\"https:\/\/www.youtube-nocookie.com\/embed\/vOkiDwH98sE?feature=oembed\" frameborder=\"0\" allow=\"accelerometer; autoplay; clipboard-write; encrypted-media; gyroscope; picture-in-picture; web-share\" referrerpolicy=\"strict-origin-when-cross-origin\" allowfullscreen><\/iframe><\/div><\/p>\n<h2 class=\"p1\">H\u00f6rtest in der Health-App<\/h2>\n<p class=\"p1\">Das f\u00fcr den kommenden Monat erwartete Update beinhaltet auch eine neue H\u00f6rtest-Funktion. Diese analysiert das individuelle H\u00f6rverm\u00f6gen und passt die Einstellungen der AirPods Pro 2 automatisch an, um bestehende H\u00f6rverluste bestm\u00f6glich auszugleichen. Nutzer sparen sich so das Vorsprechen beim HNO-Arzt beziehungsweise beim Akustiker und k\u00f6nnen den ersten Kontakt mit der neuen H\u00f6rger\u00e4te-Funktion direkt auf dem iPhone machen.<\/p>\n<p class=\"p1\">Obwohl das Update ein g\u00fcnstigeres Angebot darstellt \u2013 die <a rel=\"noindex, nofollow\" href=\"http:\/\/www.ifun.de\/amzn\/B0CHWZ9TZS\">AirPods Pro 2 kosten etwa 240 Euro<\/a>, w\u00e4hrend H\u00f6rger\u00e4te teils mehrere tausend Euro kosten \u2013 bleibt abzuwarten, ob die Technologie tats\u00e4chlich mit konventionellen H\u00f6rger\u00e4ten mithalten kann. Spannend bleibt au\u00dferdem, ob Betroffene die AirPods als H\u00f6rhilfe akzeptieren werden.<\/p>\n<script>\r\n  function open_amazon(link) {\r\n    if (navigator.userAgent.indexOf(\"Firefox\") != -1) {\r\n      window.open(link, '_blank');\r\n    } else {\r\n      var tag = document.createElement('a');\r\n      tag.setAttribute('href', link);\r\n      tag.innerHTML = \"amzn\";\r\n      tag.click();\r\n    }\r\n  }\r\n<\/script>\r\n    <div id=\"article-single-amazon-preview\" onclick=\"return open_amazon('https:\/\/www.amazon.de\/dp\/B0CHWZ9TZS?tag=musicweb02&linkCode=ogi&th=1&psc=1');\">\n  <div id=\"article-single-amazon-preview-header\">\n    <span class=\"title\">Produkthinweis<\/span>\n      <\/div>\n  <div id=\"article-single-amazon-preview-content\">\n    <div id=\"article-single-amazon-preview-img\" style=\"background: url('https:\/\/m.media-amazon.com\/images\/I\/21UDK8TN52L.jpg') center center no-repeat; background-size: cover;\"><\/div>\n    <div id=\"article-single-amazon-preview-desc\">\n      <span class=\"bezeichnung\"><a href=\"https:\/\/www.amazon.de\/dp\/B0CHWZ9TZS?tag=musicweb02&linkCode=ogi&th=1&psc=1\" style=\"text-decoration: none; border-bottom: 0px; box-shadow: none;\">Apple AirPods Pro 2 Kabellose In\u2011Ear Kopfh\u00f6rer, Bluetooth Kopfh\u00f6rer, Aktive Ger\u00e4uschunterdr\u00fcckung...<\/a><\/span>\n      <span class=\"preis--aktuell\"><\/span>\n      <span class=\"preis--alt\"><\/span>\n    <\/div>\n  <\/div>\n<\/div>\n<p><img loading=\"lazy\" decoding=\"async\" src=\"https:\/\/vg09.met.vgwort.de\/na\/974f464c12e14906bb308535a29a6f08\" width=\"1\" height=\"1\" no-lazy class=\"tracking\"><\/p>\n","protected":false},"excerpt":{"rendered":"<a href=\"https:\/\/www.iphone-ticker.de\/airpods-pro-2-als-hoerhilfe-apple-gewaehrt-blick-ins-audio-labor-244325\/\"><img width=\"150\" height=\"150\" src=\"https:\/\/images.iphone-ticker.de\/wp-content\/uploads\/2024\/10\/apple-audio-labor-feature-150x150.jpg\" class=\"alignright tfe wp-post-image\" alt=\"Apple Audio Labor Feature\" decoding=\"async\" loading=\"lazy\" \/><\/a><p>Wie berichtet plant Apple Anfang der kommenden Woche ein Software-Update f\u00fcr die AirPods Pro 2 zu ver\u00f6ffentlichen. Ist dieses installiert und anschlie\u00dfend ein H\u00f6rtest absolviert, k\u00f6nnen die drahtlosen Ohrh\u00f6rer auch als H\u00f6rhilfen fungieren. Die AirPods werden keine hochwertigen H\u00f6rger\u00e4te ersetzen, k\u00f6nnten den weltweit 1,5 Milliarden Menschen, die bereits von H\u00f6rverlusten betroffen sind, jedoch einen einfachen [&hellip;]<\/p>\n","protected":false},"author":1,"featured_media":244326,"comment_status":"open","ping_status":"closed","sticky":false,"template":"","format":"standard","meta":{"footnotes":""},"categories":[1,1975],"tags":[6200,3912,394,979,6873],"class_list":["post-244325","post","type-post","status-publish","format-standard","has-post-thumbnail","hentry","category-news","category-feature","tag-airpods-pro-2","tag-apple","tag-gesundheit","tag-horgerate","tag-ios-18-1"],"aioseo_notices":[],"featured_image":["https:\/\/images.iphone-ticker.de\/wp-content\/uploads\/2024\/10\/apple-audio-labor-feature.jpg","https:\/\/images.iphone-ticker.de\/wp-content\/uploads\/2024\/10\/apple-audio-labor-feature.jpg"],"subheadline":["In Cupertinos \u201cFantasia Lab\u201d"],"rest_api_enabler":{"featured_image":["https:\/\/images.iphone-ticker.de\/wp-content\/uploads\/2024\/10\/apple-audio-labor-feature.jpg","https:\/\/images.iphone-ticker.de\/wp-content\/uploads\/2024\/10\/apple-audio-labor-feature.jpg"],"subheadline":"In Cupertinos \u201cFantasia Lab\u201d"},"_links":{"self":[{"href":"https:\/\/www.iphone-ticker.de\/apiv2\/wp\/v2\/posts\/244325","targetHints":{"allow":["GET"]}}],"collection":[{"href":"https:\/\/www.iphone-ticker.de\/apiv2\/wp\/v2\/posts"}],"about":[{"href":"https:\/\/www.iphone-ticker.de\/apiv2\/wp\/v2\/types\/post"}],"author":[{"embeddable":true,"href":"https:\/\/www.iphone-ticker.de\/apiv2\/wp\/v2\/users\/1"}],"replies":[{"embeddable":true,"href":"https:\/\/www.iphone-ticker.de\/apiv2\/wp\/v2\/comments?post=244325"}],"version-history":[{"count":4,"href":"https:\/\/www.iphone-ticker.de\/apiv2\/wp\/v2\/posts\/244325\/revisions"}],"predecessor-version":[{"id":244333,"href":"https:\/\/www.iphone-ticker.de\/apiv2\/wp\/v2\/posts\/244325\/revisions\/244333"}],"wp:featuredmedia":[{"embeddable":true,"href":"https:\/\/www.iphone-ticker.de\/apiv2\/wp\/v2\/media\/244326"}],"wp:attachment":[{"href":"https:\/\/www.iphone-ticker.de\/apiv2\/wp\/v2\/media?parent=244325"}],"wp:term":[{"taxonomy":"category","embeddable":true,"href":"https:\/\/www.iphone-ticker.de\/apiv2\/wp\/v2\/categories?post=244325"},{"taxonomy":"post_tag","embeddable":true,"href":"https:\/\/www.iphone-ticker.de\/apiv2\/wp\/v2\/tags?post=244325"}],"curies":[{"name":"wp","href":"https:\/\/api.w.org\/{rel}","templated":true}]}}