{"id":244251,"date":"2024-10-23T16:01:01","date_gmt":"2024-10-23T14:01:01","guid":{"rendered":"https:\/\/www.iphone-ticker.de\/?p=244251"},"modified":"2024-10-24T05:41:07","modified_gmt":"2024-10-24T03:41:07","slug":"telekom-kuendigt-2gedge-abschaltung-fuer-2028-an","status":"publish","type":"post","link":"https:\/\/www.iphone-ticker.de\/telekom-kuendigt-2gedge-abschaltung-fuer-2028-an-244251\/","title":{"rendered":"Telekom k\u00fcndigt 2G\/EDGE-Abschaltung f\u00fcr 2028 an"},"content":{"rendered":"<p>Es sind noch ein paar Jahre hin, aber behaltet das schon mal im Hinterkopf. Die Telekom will im Sommer 2028 ihr 2G-Netz abschalten, und die anderen Anbieter d\u00fcrften auf \u00e4hnliche Zeitpl\u00e4ne setzen. Von da an werden dann nur noch mit 4G oder 5G kompatible Ger\u00e4te in der Lage sein, sich mit dem Mobilfunknetz zu verbinden.<\/p>\n<p>Auch wenn heute niemand mehr mit dem Handy \u00fcber EDGE beziehungsweise 2G surfen will, findet der vor rund drei Jahrzehnten eingef\u00fchrte Standard im IoT-Bereich, bei der Internetanbindung von Fahrzeugen oder auch im Bereich von Brandmelde- und sonstigen Alarmsystemen weiterhin rege Verwendung. Langfristig m\u00fcssen diese Ger\u00e4te, sofern dies m\u00f6glich ist, umger\u00fcstet werden, und insbesondere bei Neuanschaffungen sollte man schon jetzt darauf achten, dass man kein Auslaufmodell angedreht bekommt.<\/p>\n<p><a href=\"https:\/\/images.iphone-ticker.de\/wp-content\/uploads\/2024\/10\/telekom-2g-abschaltung.jpg\"><img loading=\"lazy\" decoding=\"async\" src=\"https:\/\/images.iphone-ticker.de\/wp-content\/uploads\/2024\/10\/telekom-2g-abschaltung-700x497.jpg\" alt=\"Telekom 2g Abschaltung\" width=\"700\" height=\"497\" class=\"alignnone size-large wp-image-244253\" srcset=\"https:\/\/images.iphone-ticker.de\/wp-content\/uploads\/2024\/10\/telekom-2g-abschaltung-700x497.jpg 700w, https:\/\/images.iphone-ticker.de\/wp-content\/uploads\/2024\/10\/telekom-2g-abschaltung-500x355.jpg 500w, https:\/\/images.iphone-ticker.de\/wp-content\/uploads\/2024\/10\/telekom-2g-abschaltung.jpg 768w\" sizes=\"auto, (max-width: 700px) 100vw, 700px\" \/><\/a><\/p>\n<h2>Altger\u00e4te m\u00fcssen \u00fcberpr\u00fcft werden<\/h2>\n<p>Die Telekom geht davon aus, dass sich die Auswirkungen der Abschaltung in Grenzen halten. Schon seit der Abschaltung des 3G-Netzes vor drei Jahren w\u00fcrden die Anbieter verst\u00e4rkt auf neue Technologien setzen. Allerdings sollen Anbieter und Nutzer jetzt schon aktiv werden, und den Austausch der noch verbliebenen auf den 2G-Standard setzenden Funkmodule vorbereiten.<\/p>\n<p>Wie bereits bei der Abschaltung von 3G soll auch das derzeit noch f\u00fcr das 2G-Netz genutzte Funkspektrum im Frequenzbereich um 900 MHz k\u00fcnftig f\u00fcr leistungsf\u00e4higere Technologien verwendet werden. <\/p>\n<h2>L\u00fcckenlose 4G\/5G-Abdeckung Voraussetzung<\/h2>\n<p>Bevor diese Umstellung stattfinden kann, muss die Telekom allerdings auch sicherstellen, dass die Netzabdeckung in Gebieten, die bislang nur \u00fcber 2G, nicht aber 4G versorgt sind, entsprechend ausgebaut wird. Diese sollen im Rahmen der bereits laufenden Netzmodernisierung vor der Abschaltung des 2G-Netzes eine 4G\/5G-Versorgung erhalten.<\/p>\n<p>Die Telekom hat mit dem 30. Juni 2028 als erster deutscher Mobilfunkanbieter einen voraussichtlichen Termin f\u00fcr die Abschaltung des 2G-Netzes genannt. Vodafone und O2 werden nun wohl in absehbarer Zeit mit \u00e4hnlichen Ank\u00fcndigungen folgen. Die Planungen diesbez\u00fcglich d\u00fcrften auch bei diesen Unternehmen schon ziemlich konkret sein.<img decoding=\"async\" src=\"https:\/\/vg04.met.vgwort.de\/na\/a90da3431b0541a795aded150a678cac\" width=\"1\" height=\"1\" no-lazy class=\"tracking\" loading=\"eager\"><\/p>\n<p><h8>Danke Julian<\/h8><\/p>\n","protected":false},"excerpt":{"rendered":"<a href=\"https:\/\/www.iphone-ticker.de\/telekom-kuendigt-2gedge-abschaltung-fuer-2028-an-244251\/\"><img width=\"150\" height=\"150\" src=\"https:\/\/images.iphone-ticker.de\/wp-content\/uploads\/2024\/10\/telekom-2g-abschaltung-150x150.jpg\" class=\"alignright tfe wp-post-image\" alt=\"Telekom 2g Abschaltung\" decoding=\"async\" loading=\"lazy\" \/><\/a><p>Es sind noch ein paar Jahre hin, aber behaltet das schon mal im Hinterkopf. Die Telekom will im Sommer 2028 ihr 2G-Netz abschalten, und die anderen Anbieter d\u00fcrften auf \u00e4hnliche Zeitpl\u00e4ne setzen. Von da an werden dann nur noch mit 4G oder 5G kompatible Ger\u00e4te in der Lage sein, sich mit dem Mobilfunknetz zu verbinden. [&hellip;]<\/p>\n","protected":false},"author":2,"featured_media":244253,"comment_status":"open","ping_status":"closed","sticky":false,"template":"","format":"standard","meta":{"footnotes":""},"categories":[1],"tags":[133,363],"class_list":["post-244251","post","type-post","status-publish","format-standard","has-post-thumbnail","hentry","category-news","tag-edge","tag-telekom"],"aioseo_notices":[],"aioseo_head":"\n\t\t<!-- All in One SEO Pro 5.0.1 - aioseo.com -->\n\t<meta name=\"description\" content=\"Es sind noch ein paar Jahre hin, aber behaltet das schon mal im Hinterkopf. Die Telekom will im Sommer 2028 ihr 2G-Netz abschalten, und die anderen Anbieter d\u00fcrften auf \u00e4hnliche Zeitpl\u00e4ne setzen. Von da an werden dann nur noch mit 4G oder 5G kompatible Ger\u00e4te in der Lage sein, sich mit dem Mobilfunknetz zu verbinden.\" \/>\n\t<meta name=\"robots\" content=\"max-image-preview:large\" \/>\n\t<meta name=\"author\" content=\"chris\"\/>\n\t<meta name=\"google-site-verification\" content=\"bRuV4_wqNuoQLypC9HVKibZ0X7EtNyELtju97qgyflM\" \/>\n\t<link rel=\"canonical\" href=\"https:\/\/www.iphone-ticker.de\/telekom-kuendigt-2gedge-abschaltung-fuer-2028-an-244251\/\" \/>\n\t<meta name=\"generator\" content=\"All in One SEO Pro (AIOSEO) 5.0.1\" \/>\n\t\t<meta property=\"og:locale\" content=\"de_DE\" \/>\n\t\t<meta property=\"og:site_name\" content=\"iphone-ticker.de | Alles zum iPhone. Seit 2007.\" \/>\n\t\t<meta property=\"og:type\" content=\"article\" \/>\n\t\t<meta property=\"og:title\" content=\"Telekom k\u00fcndigt 2G\/EDGE-Abschaltung f\u00fcr 2028 an | iphone-ticker.de\" \/>\n\t\t<meta property=\"og:description\" content=\"Es sind noch ein paar Jahre hin, aber behaltet das schon mal im Hinterkopf. Die Telekom will im Sommer 2028 ihr 2G-Netz abschalten, und die anderen Anbieter d\u00fcrften auf \u00e4hnliche Zeitpl\u00e4ne setzen. Von da an werden dann nur noch mit 4G oder 5G kompatible Ger\u00e4te in der Lage sein, sich mit dem Mobilfunknetz zu verbinden.\" \/>\n\t\t<meta property=\"og:url\" content=\"https:\/\/www.iphone-ticker.de\/telekom-kuendigt-2gedge-abschaltung-fuer-2028-an-244251\/\" \/>\n\t\t<meta property=\"article:published_time\" content=\"2024-10-23T14:01:01+00:00\" \/>\n\t\t<meta property=\"article:modified_time\" content=\"2024-10-24T03:41:07+00:00\" \/>\n\t\t<meta property=\"article:publisher\" content=\"https:\/\/facebook.com\/ifun.de\" \/>\n\t\t<meta name=\"twitter:card\" content=\"summary_large_image\" \/>\n\t\t<meta name=\"twitter:site\" content=\"@iphoneticker\" \/>\n\t\t<meta name=\"twitter:title\" content=\"Telekom k\u00fcndigt 2G\/EDGE-Abschaltung f\u00fcr 2028 an | iphone-ticker.de\" \/>\n\t\t<meta name=\"twitter:description\" content=\"Es sind noch ein paar Jahre hin, aber behaltet das schon mal im Hinterkopf. Die Telekom will im Sommer 2028 ihr 2G-Netz abschalten, und die anderen Anbieter d\u00fcrften auf \u00e4hnliche Zeitpl\u00e4ne setzen. Von da an werden dann nur noch mit 4G oder 5G kompatible Ger\u00e4te in der Lage sein, sich mit dem Mobilfunknetz zu verbinden.\" \/>\n\t\t<meta name=\"twitter:creator\" content=\"@iphoneticker\" \/>\n\t\t<script type=\"application\/ld+json\" class=\"aioseo-schema\">\n\t\t\t{\"@context\":\"https:\\\/\\\/schema.org\",\"@graph\":[{\"@type\":\"BreadcrumbList\",\"@id\":\"https:\\\/\\\/www.iphone-ticker.de\\\/telekom-kuendigt-2gedge-abschaltung-fuer-2028-an-244251\\\/#breadcrumblist\",\"itemListElement\":[{\"@type\":\"ListItem\",\"@id\":\"https:\\\/\\\/www.iphone-ticker.de#listItem\",\"position\":1,\"name\":\"Home\",\"item\":\"https:\\\/\\\/www.iphone-ticker.de\",\"nextItem\":{\"@type\":\"ListItem\",\"@id\":\"https:\\\/\\\/www.iphone-ticker.de\\\/category\\\/news\\\/#listItem\",\"name\":\"News\"}},{\"@type\":\"ListItem\",\"@id\":\"https:\\\/\\\/www.iphone-ticker.de\\\/category\\\/news\\\/#listItem\",\"position\":2,\"name\":\"News\",\"item\":\"https:\\\/\\\/www.iphone-ticker.de\\\/category\\\/news\\\/\",\"nextItem\":{\"@type\":\"ListItem\",\"@id\":\"https:\\\/\\\/www.iphone-ticker.de\\\/telekom-kuendigt-2gedge-abschaltung-fuer-2028-an-244251\\\/#listItem\",\"name\":\"Telekom k\\u00fcndigt 2G\\\/EDGE-Abschaltung f\\u00fcr 2028 an\"},\"previousItem\":{\"@type\":\"ListItem\",\"@id\":\"https:\\\/\\\/www.iphone-ticker.de#listItem\",\"name\":\"Home\"}},{\"@type\":\"ListItem\",\"@id\":\"https:\\\/\\\/www.iphone-ticker.de\\\/telekom-kuendigt-2gedge-abschaltung-fuer-2028-an-244251\\\/#listItem\",\"position\":3,\"name\":\"Telekom k\\u00fcndigt 2G\\\/EDGE-Abschaltung f\\u00fcr 2028 an\",\"previousItem\":{\"@type\":\"ListItem\",\"@id\":\"https:\\\/\\\/www.iphone-ticker.de\\\/category\\\/news\\\/#listItem\",\"name\":\"News\"}}]},{\"@type\":\"NewsArticle\",\"@id\":\"https:\\\/\\\/www.iphone-ticker.de\\\/telekom-kuendigt-2gedge-abschaltung-fuer-2028-an-244251\\\/#newsarticle\",\"name\":\"Telekom k\\u00fcndigt 2G\\\/EDGE-Abschaltung f\\u00fcr 2028 an | iphone-ticker.de\",\"headline\":\"Telekom k\\u00fcndigt 2G\\\/EDGE-Abschaltung f\\u00fcr 2028 an\",\"author\":{\"@id\":\"https:\\\/\\\/www.iphone-ticker.de\\\/author\\\/chris\\\/#author\"},\"publisher\":{\"@id\":\"https:\\\/\\\/www.iphone-ticker.de\\\/#organization\"},\"image\":{\"@type\":\"ImageObject\",\"url\":\"https:\\\/\\\/images.iphone-ticker.de\\\/wp-content\\\/uploads\\\/2024\\\/10\\\/telekom-2g-abschaltung.jpg\",\"width\":768,\"height\":545,\"caption\":\"Telekom 2g Abschaltung\"},\"datePublished\":\"2024-10-23T16:01:01+02:00\",\"dateModified\":\"2024-10-24T05:41:07+02:00\",\"inLanguage\":\"de-DE\",\"commentCount\":67,\"mainEntityOfPage\":{\"@id\":\"https:\\\/\\\/www.iphone-ticker.de\\\/telekom-kuendigt-2gedge-abschaltung-fuer-2028-an-244251\\\/#webpage\"},\"isPartOf\":{\"@id\":\"https:\\\/\\\/www.iphone-ticker.de\\\/telekom-kuendigt-2gedge-abschaltung-fuer-2028-an-244251\\\/#webpage\"},\"articleSection\":\"News, EDGE, Telekom\",\"dateline\":\"Ver\\u00f6ffentlicht am Oktober 23, 2024.\"},{\"@type\":\"Organization\",\"@id\":\"https:\\\/\\\/www.iphone-ticker.de\\\/#organization\",\"name\":\"aketo GmbH\",\"description\":\"Die aketo GmbH versorgt das deutschsprachige Internet mit den f\\u00fchrenden Nachrichtenangeboten zu Apple, dem iPhone, dem iPad und Apples Lifestyle-Produkten. Konzepte, Redaktion, Recherchen und Archiv.\",\"url\":\"https:\\\/\\\/www.iphone-ticker.de\\\/\",\"email\":\"ifun.de@gmail.com\",\"telephone\":\"+493057707123\",\"foundingDate\":\"2007-01-01\",\"logo\":{\"@type\":\"ImageObject\",\"url\":\"https:\\\/\\\/images.iphone-ticker.de\\\/wp-content\\\/uploads\\\/2026\\\/02\\\/apple-touch-icon.png\",\"@id\":\"https:\\\/\\\/www.iphone-ticker.de\\\/telekom-kuendigt-2gedge-abschaltung-fuer-2028-an-244251\\\/#organizationLogo\",\"width\":1024,\"height\":1024,\"caption\":\"Apple Touch Icon\"},\"image\":{\"@id\":\"https:\\\/\\\/www.iphone-ticker.de\\\/telekom-kuendigt-2gedge-abschaltung-fuer-2028-an-244251\\\/#organizationLogo\"},\"sameAs\":[\"https:\\\/\\\/facebook.com\\\/ifun.de\",\"https:\\\/\\\/x.com\\\/iphoneticker\"]},{\"@type\":\"Person\",\"@id\":\"https:\\\/\\\/www.iphone-ticker.de\\\/author\\\/chris\\\/#author\",\"url\":\"https:\\\/\\\/www.iphone-ticker.de\\\/author\\\/chris\\\/\",\"name\":\"chris\"},{\"@type\":\"WebPage\",\"@id\":\"https:\\\/\\\/www.iphone-ticker.de\\\/telekom-kuendigt-2gedge-abschaltung-fuer-2028-an-244251\\\/#webpage\",\"url\":\"https:\\\/\\\/www.iphone-ticker.de\\\/telekom-kuendigt-2gedge-abschaltung-fuer-2028-an-244251\\\/\",\"name\":\"Telekom k\\u00fcndigt 2G\\\/EDGE-Abschaltung f\\u00fcr 2028 an | iphone-ticker.de\",\"description\":\"Es sind noch ein paar Jahre hin, aber behaltet das schon mal im Hinterkopf. Die Telekom will im Sommer 2028 ihr 2G-Netz abschalten, und die anderen Anbieter d\\u00fcrften auf \\u00e4hnliche Zeitpl\\u00e4ne setzen. Von da an werden dann nur noch mit 4G oder 5G kompatible Ger\\u00e4te in der Lage sein, sich mit dem Mobilfunknetz zu verbinden.\",\"inLanguage\":\"de-DE\",\"isPartOf\":{\"@id\":\"https:\\\/\\\/www.iphone-ticker.de\\\/#website\"},\"breadcrumb\":{\"@id\":\"https:\\\/\\\/www.iphone-ticker.de\\\/telekom-kuendigt-2gedge-abschaltung-fuer-2028-an-244251\\\/#breadcrumblist\"},\"author\":{\"@id\":\"https:\\\/\\\/www.iphone-ticker.de\\\/author\\\/chris\\\/#author\"},\"creator\":{\"@id\":\"https:\\\/\\\/www.iphone-ticker.de\\\/author\\\/chris\\\/#author\"},\"image\":{\"@type\":\"ImageObject\",\"url\":\"https:\\\/\\\/images.iphone-ticker.de\\\/wp-content\\\/uploads\\\/2024\\\/10\\\/telekom-2g-abschaltung.jpg\",\"@id\":\"https:\\\/\\\/www.iphone-ticker.de\\\/telekom-kuendigt-2gedge-abschaltung-fuer-2028-an-244251\\\/#mainImage\",\"width\":768,\"height\":545,\"caption\":\"Telekom 2g Abschaltung\"},\"primaryImageOfPage\":{\"@id\":\"https:\\\/\\\/www.iphone-ticker.de\\\/telekom-kuendigt-2gedge-abschaltung-fuer-2028-an-244251\\\/#mainImage\"},\"datePublished\":\"2024-10-23T16:01:01+02:00\",\"dateModified\":\"2024-10-24T05:41:07+02:00\"},{\"@type\":\"WebSite\",\"@id\":\"https:\\\/\\\/www.iphone-ticker.de\\\/#website\",\"url\":\"https:\\\/\\\/www.iphone-ticker.de\\\/\",\"name\":\"iphone-ticker.de\",\"description\":\"Alles zum iPhone. Seit 2007.\",\"inLanguage\":\"de-DE\",\"publisher\":{\"@id\":\"https:\\\/\\\/www.iphone-ticker.de\\\/#organization\"}}]}\n\t\t<\/script>\n\t\t<!-- All in One SEO Pro -->\r\n\t\t<title>Telekom k\u00fcndigt 2G\/EDGE-Abschaltung f\u00fcr 2028 an | iphone-ticker.de<\/title>\n\n","aioseo_head_json":{"title":"Telekom k\u00fcndigt 2G\/EDGE-Abschaltung f\u00fcr 2028 an | iphone-ticker.de","description":"Es sind noch ein paar Jahre hin, aber behaltet das schon mal im Hinterkopf. Die Telekom will im Sommer 2028 ihr 2G-Netz abschalten, und die anderen Anbieter d\u00fcrften auf \u00e4hnliche Zeitpl\u00e4ne setzen. Von da an werden dann nur noch mit 4G oder 5G kompatible Ger\u00e4te in der Lage sein, sich mit dem Mobilfunknetz zu verbinden.","canonical_url":"https:\/\/www.iphone-ticker.de\/telekom-kuendigt-2gedge-abschaltung-fuer-2028-an-244251\/","robots":"max-image-preview:large","keywords":"","webmasterTools":{"google-site-verification":"bRuV4_wqNuoQLypC9HVKibZ0X7EtNyELtju97qgyflM","miscellaneous":""},"schema":{"@context":"https:\/\/schema.org","@graph":[{"@type":"BreadcrumbList","@id":"https:\/\/www.iphone-ticker.de\/telekom-kuendigt-2gedge-abschaltung-fuer-2028-an-244251\/#breadcrumblist","itemListElement":[{"@type":"ListItem","@id":"https:\/\/www.iphone-ticker.de#listItem","position":1,"name":"Home","item":"https:\/\/www.iphone-ticker.de","nextItem":{"@type":"ListItem","@id":"https:\/\/www.iphone-ticker.de\/category\/news\/#listItem","name":"News"}},{"@type":"ListItem","@id":"https:\/\/www.iphone-ticker.de\/category\/news\/#listItem","position":2,"name":"News","item":"https:\/\/www.iphone-ticker.de\/category\/news\/","nextItem":{"@type":"ListItem","@id":"https:\/\/www.iphone-ticker.de\/telekom-kuendigt-2gedge-abschaltung-fuer-2028-an-244251\/#listItem","name":"Telekom k\u00fcndigt 2G\/EDGE-Abschaltung f\u00fcr 2028 an"},"previousItem":{"@type":"ListItem","@id":"https:\/\/www.iphone-ticker.de#listItem","name":"Home"}},{"@type":"ListItem","@id":"https:\/\/www.iphone-ticker.de\/telekom-kuendigt-2gedge-abschaltung-fuer-2028-an-244251\/#listItem","position":3,"name":"Telekom k\u00fcndigt 2G\/EDGE-Abschaltung f\u00fcr 2028 an","previousItem":{"@type":"ListItem","@id":"https:\/\/www.iphone-ticker.de\/category\/news\/#listItem","name":"News"}}]},{"@type":"NewsArticle","@id":"https:\/\/www.iphone-ticker.de\/telekom-kuendigt-2gedge-abschaltung-fuer-2028-an-244251\/#newsarticle","name":"Telekom k\u00fcndigt 2G\/EDGE-Abschaltung f\u00fcr 2028 an | iphone-ticker.de","headline":"Telekom k\u00fcndigt 2G\/EDGE-Abschaltung f\u00fcr 2028 an","author":{"@id":"https:\/\/www.iphone-ticker.de\/author\/chris\/#author"},"publisher":{"@id":"https:\/\/www.iphone-ticker.de\/#organization"},"image":{"@type":"ImageObject","url":"https:\/\/images.iphone-ticker.de\/wp-content\/uploads\/2024\/10\/telekom-2g-abschaltung.jpg","width":768,"height":545,"caption":"Telekom 2g Abschaltung"},"datePublished":"2024-10-23T16:01:01+02:00","dateModified":"2024-10-24T05:41:07+02:00","inLanguage":"de-DE","commentCount":67,"mainEntityOfPage":{"@id":"https:\/\/www.iphone-ticker.de\/telekom-kuendigt-2gedge-abschaltung-fuer-2028-an-244251\/#webpage"},"isPartOf":{"@id":"https:\/\/www.iphone-ticker.de\/telekom-kuendigt-2gedge-abschaltung-fuer-2028-an-244251\/#webpage"},"articleSection":"News, EDGE, Telekom","dateline":"Ver\u00f6ffentlicht am Oktober 23, 2024."},{"@type":"Organization","@id":"https:\/\/www.iphone-ticker.de\/#organization","name":"aketo GmbH","description":"Die aketo GmbH versorgt das deutschsprachige Internet mit den f\u00fchrenden Nachrichtenangeboten zu Apple, dem iPhone, dem iPad und Apples Lifestyle-Produkten. Konzepte, Redaktion, Recherchen und Archiv.","url":"https:\/\/www.iphone-ticker.de\/","email":"ifun.de@gmail.com","telephone":"+493057707123","foundingDate":"2007-01-01","logo":{"@type":"ImageObject","url":"https:\/\/images.iphone-ticker.de\/wp-content\/uploads\/2026\/02\/apple-touch-icon.png","@id":"https:\/\/www.iphone-ticker.de\/telekom-kuendigt-2gedge-abschaltung-fuer-2028-an-244251\/#organizationLogo","width":1024,"height":1024,"caption":"Apple Touch Icon"},"image":{"@id":"https:\/\/www.iphone-ticker.de\/telekom-kuendigt-2gedge-abschaltung-fuer-2028-an-244251\/#organizationLogo"},"sameAs":["https:\/\/facebook.com\/ifun.de","https:\/\/x.com\/iphoneticker"]},{"@type":"Person","@id":"https:\/\/www.iphone-ticker.de\/author\/chris\/#author","url":"https:\/\/www.iphone-ticker.de\/author\/chris\/","name":"chris"},{"@type":"WebPage","@id":"https:\/\/www.iphone-ticker.de\/telekom-kuendigt-2gedge-abschaltung-fuer-2028-an-244251\/#webpage","url":"https:\/\/www.iphone-ticker.de\/telekom-kuendigt-2gedge-abschaltung-fuer-2028-an-244251\/","name":"Telekom k\u00fcndigt 2G\/EDGE-Abschaltung f\u00fcr 2028 an | iphone-ticker.de","description":"Es sind noch ein paar Jahre hin, aber behaltet das schon mal im Hinterkopf. Die Telekom will im Sommer 2028 ihr 2G-Netz abschalten, und die anderen Anbieter d\u00fcrften auf \u00e4hnliche Zeitpl\u00e4ne setzen. Von da an werden dann nur noch mit 4G oder 5G kompatible Ger\u00e4te in der Lage sein, sich mit dem Mobilfunknetz zu verbinden.","inLanguage":"de-DE","isPartOf":{"@id":"https:\/\/www.iphone-ticker.de\/#website"},"breadcrumb":{"@id":"https:\/\/www.iphone-ticker.de\/telekom-kuendigt-2gedge-abschaltung-fuer-2028-an-244251\/#breadcrumblist"},"author":{"@id":"https:\/\/www.iphone-ticker.de\/author\/chris\/#author"},"creator":{"@id":"https:\/\/www.iphone-ticker.de\/author\/chris\/#author"},"image":{"@type":"ImageObject","url":"https:\/\/images.iphone-ticker.de\/wp-content\/uploads\/2024\/10\/telekom-2g-abschaltung.jpg","@id":"https:\/\/www.iphone-ticker.de\/telekom-kuendigt-2gedge-abschaltung-fuer-2028-an-244251\/#mainImage","width":768,"height":545,"caption":"Telekom 2g Abschaltung"},"primaryImageOfPage":{"@id":"https:\/\/www.iphone-ticker.de\/telekom-kuendigt-2gedge-abschaltung-fuer-2028-an-244251\/#mainImage"},"datePublished":"2024-10-23T16:01:01+02:00","dateModified":"2024-10-24T05:41:07+02:00"},{"@type":"WebSite","@id":"https:\/\/www.iphone-ticker.de\/#website","url":"https:\/\/www.iphone-ticker.de\/","name":"iphone-ticker.de","description":"Alles zum iPhone. Seit 2007.","inLanguage":"de-DE","publisher":{"@id":"https:\/\/www.iphone-ticker.de\/#organization"}}]},"og:locale":"de_DE","og:site_name":"iphone-ticker.de | Alles zum iPhone. Seit 2007.","og:type":"article","og:title":"Telekom k\u00fcndigt 2G\/EDGE-Abschaltung f\u00fcr 2028 an | iphone-ticker.de","og:description":"Es sind noch ein paar Jahre hin, aber behaltet das schon mal im Hinterkopf. Die Telekom will im Sommer 2028 ihr 2G-Netz abschalten, und die anderen Anbieter d\u00fcrften auf \u00e4hnliche Zeitpl\u00e4ne setzen. Von da an werden dann nur noch mit 4G oder 5G kompatible Ger\u00e4te in der Lage sein, sich mit dem Mobilfunknetz zu verbinden.","og:url":"https:\/\/www.iphone-ticker.de\/telekom-kuendigt-2gedge-abschaltung-fuer-2028-an-244251\/","article:published_time":"2024-10-23T14:01:01+00:00","article:modified_time":"2024-10-24T03:41:07+00:00","article:publisher":"https:\/\/facebook.com\/ifun.de","twitter:card":"summary_large_image","twitter:site":"@iphoneticker","twitter:title":"Telekom k\u00fcndigt 2G\/EDGE-Abschaltung f\u00fcr 2028 an | iphone-ticker.de","twitter:description":"Es sind noch ein paar Jahre hin, aber behaltet das schon mal im Hinterkopf. Die Telekom will im Sommer 2028 ihr 2G-Netz abschalten, und die anderen Anbieter d\u00fcrften auf \u00e4hnliche Zeitpl\u00e4ne setzen. Von da an werden dann nur noch mit 4G oder 5G kompatible Ger\u00e4te in der Lage sein, sich mit dem Mobilfunknetz zu verbinden.","twitter:creator":"@iphoneticker"},"aioseo_meta_data":{"post_id":"244251","title":null,"description":null,"keywords":null,"keyphrases":null,"primary_term":null,"canonical_url":null,"og_title":null,"og_description":null,"og_object_type":"default","og_image_type":"default","og_image_url":null,"og_image_width":null,"og_image_height":null,"og_image_custom_url":null,"og_image_custom_fields":null,"og_video":null,"og_custom_url":null,"og_article_section":null,"og_article_tags":null,"twitter_use_og":false,"twitter_card":"default","twitter_image_type":"default","twitter_image_url":null,"twitter_image_custom_url":null,"twitter_image_custom_fields":null,"twitter_title":null,"twitter_description":null,"schema":{"blockGraphs":[],"customGraphs":[],"default":{"data":{"Article":[],"Course":[],"Dataset":[],"FAQPage":[],"Movie":[],"Person":[],"Product":[],"ProductReview":[],"Car":[],"Recipe":[],"Service":[],"SoftwareApplication":[],"WebPage":[]},"graphName":"NewsArticle","isEnabled":true},"graphs":[]},"schema_type":"default","schema_type_options":null,"pillar_content":false,"robots_default":true,"robots_noindex":false,"robots_noarchive":false,"robots_nosnippet":false,"robots_nofollow":false,"robots_noimageindex":false,"robots_noodp":false,"robots_notranslate":false,"robots_max_snippet":null,"robots_max_videopreview":null,"robots_max_imagepreview":"large","priority":null,"frequency":null,"local_seo":null,"seo_analyzer_scan_date":null,"breadcrumb_settings":null,"limit_modified_date":false,"open_ai":null,"ai":null,"created":"2026-02-21 09:51:10","updated":"2026-03-10 14:25:03","focus_keyword":null,"additional_keywords":null,"truseo_locale":null},"aioseo_breadcrumb":"<div class=\"aioseo-breadcrumbs\"><span class=\"aioseo-breadcrumb\">\n\t<a href=\"https:\/\/www.iphone-ticker.de\" title=\"Home\">Home<\/a>\n<\/span><span class=\"aioseo-breadcrumb-separator\">\u00bb<\/span><span class=\"aioseo-breadcrumb\">\n\t<a href=\"https:\/\/www.iphone-ticker.de\/category\/news\/\" title=\"News\">News<\/a>\n<\/span><span class=\"aioseo-breadcrumb-separator\">\u00bb<\/span><span class=\"aioseo-breadcrumb\">\n\tTelekom k\u00fcndigt 2G\/EDGE-Abschaltung f\u00fcr 2028 an\n<\/span><\/div>","aioseo_breadcrumb_json":[{"label":"Home","link":"https:\/\/www.iphone-ticker.de"},{"label":"News","link":"https:\/\/www.iphone-ticker.de\/category\/news\/"},{"label":"Telekom k\u00fcndigt 2G\/EDGE-Abschaltung f\u00fcr 2028 an","link":"https:\/\/www.iphone-ticker.de\/telekom-kuendigt-2gedge-abschaltung-fuer-2028-an-244251\/"}],"subheadline":["K\u00fcnftig nur noch 4G und 5G"],"featured_image":["https:\/\/images.iphone-ticker.de\/wp-content\/uploads\/2020\/09\/telekom-3g-feature.jpg"],"rest_api_enabler":{"subheadline":"K\u00fcnftig nur noch 4G und 5G","featured_image":"https:\/\/images.iphone-ticker.de\/wp-content\/uploads\/2020\/09\/telekom-3g-feature.jpg"},"_links":{"self":[{"href":"https:\/\/www.iphone-ticker.de\/apiv2\/wp\/v2\/posts\/244251","targetHints":{"allow":["GET"]}}],"collection":[{"href":"https:\/\/www.iphone-ticker.de\/apiv2\/wp\/v2\/posts"}],"about":[{"href":"https:\/\/www.iphone-ticker.de\/apiv2\/wp\/v2\/types\/post"}],"author":[{"embeddable":true,"href":"https:\/\/www.iphone-ticker.de\/apiv2\/wp\/v2\/users\/2"}],"replies":[{"embeddable":true,"href":"https:\/\/www.iphone-ticker.de\/apiv2\/wp\/v2\/comments?post=244251"}],"version-history":[{"count":4,"href":"https:\/\/www.iphone-ticker.de\/apiv2\/wp\/v2\/posts\/244251\/revisions"}],"predecessor-version":[{"id":244285,"href":"https:\/\/www.iphone-ticker.de\/apiv2\/wp\/v2\/posts\/244251\/revisions\/244285"}],"wp:featuredmedia":[{"embeddable":true,"href":"https:\/\/www.iphone-ticker.de\/apiv2\/wp\/v2\/media\/244253"}],"wp:attachment":[{"href":"https:\/\/www.iphone-ticker.de\/apiv2\/wp\/v2\/media?parent=244251"}],"wp:term":[{"taxonomy":"category","embeddable":true,"href":"https:\/\/www.iphone-ticker.de\/apiv2\/wp\/v2\/categories?post=244251"},{"taxonomy":"post_tag","embeddable":true,"href":"https:\/\/www.iphone-ticker.de\/apiv2\/wp\/v2\/tags?post=244251"}],"curies":[{"name":"wp","href":"https:\/\/api.w.org\/{rel}","templated":true}]}}