{"id":24410,"date":"2011-08-29T19:53:52","date_gmt":"2011-08-29T17:53:52","guid":{"rendered":"http:\/\/www.iphone-ticker.de\/?p=24410"},"modified":"2011-08-30T10:25:04","modified_gmt":"2011-08-30T08:25:04","slug":"iphone-micro-usb-kabel","status":"publish","type":"post","link":"https:\/\/www.iphone-ticker.de\/iphone-micro-usb-kabel-24410\/","title":{"rendered":"Erste Vorserien-Adapter: Micro USB Kabel mit Apple Branding"},"content":{"rendered":"<p>Ganz ehrlich: Uns f\u00e4llt es m\u00e4chtig schwer, die hier aufgelaufenen Informationen einzuordnen. Nach langem hin und her haben wir uns letztlich zur Ver\u00f6ffentlichung des unten eingebetteten Fotos entschieden und geben das Kabel einfach zur Diskussion frei. <\/p>\n<p>Mindestens zwei Zubeh\u00f6r-Zulieferer bereiten sich derzeit auf den Marktstart von Micro USB Kabeln mit Apple Branding vor. Vorserien-Modelle werden gerade herumgereicht. Ob die bislang so noch nicht erh\u00e4ltlichen Kabel in einer der n\u00e4chsten iPhone- bzw. iPod-Generationen zum Einsatz kommen l\u00e4sst sich derzeit weder komplett ausschlie\u00dfen noch bejahen. Aus dem Bauch raus halten wir den Einsatz von Micro USB-Adaptern f\u00fcr wenig realistisch, dass mag aber nichts hei\u00dfen. <\/p>\n<p><!--more--><\/p>\n<p><a href=\"http:\/\/www.iphone-ticker.de\/wp-content\/uploads\/2011\/08\/kabelbig1.jpg\"><img loading=\"lazy\" decoding=\"async\" src=\"http:\/\/www.iphone-ticker.de\/wp-content\/uploads\/2011\/08\/kabelklein1.jpg\" alt=\"\" title=\"kabelklein\" width=\"464\" height=\"348\" class=\"alignnone size-full wp-image-24415\" srcset=\"https:\/\/images.iphone-ticker.de\/wp-content\/uploads\/2011\/08\/kabelklein1.jpg 464w, https:\/\/images.iphone-ticker.de\/wp-content\/uploads\/2011\/08\/kabelklein1-300x225.jpg 300w\" sizes=\"auto, (max-width: 464px) 100vw, 464px\" \/><\/a><\/p>\n<p>Zumindest eine Option springt uns beim Blick auf den Mikro-USB Port sofort in den Kopf: Die industrieweite, Mitte Juni 2009 beschlossene Einf\u00fchrung eines Hersteller-unabh\u00e4ngigen Ladekabel-Adaters f\u00fcr Mobiltelefone. Ein Projekt, dem neben LG, Motorola und Samsung auch Apple angeh\u00f6rt. <\/p>\n<h3>Links zum Thema:<\/h3>\n<ul>\n<li><a href=\"http:\/\/www.iphone-ticker.de\/apple-steigt-ein-iphone-zukunftig-mit-micro-usb-anschluss-6847\/\">Apple steigt ein<\/a>: iPhone zuk\u00fcnftig mit Micro-USB Anschluss?<\/li>\n<li><a href=\"http:\/\/www.ifun.de\/9264-9264\/\">EU pr\u00e4sentiert erstes Universalladeger\u00e4t<\/a>: Apple-Netzteile entsprechen dem Standard<\/li>\n<\/ul>\n","protected":false},"excerpt":{"rendered":"<a href=\"https:\/\/www.iphone-ticker.de\/iphone-micro-usb-kabel-24410\/\"><img width=\"150\" height=\"150\" src=\"https:\/\/images.iphone-ticker.de\/wp-content\/uploads\/2011\/08\/kabelklein1-150x150.jpg\" class=\"alignright tfe wp-post-image\" alt=\"\" decoding=\"async\" loading=\"lazy\" \/><\/a><p>Ganz ehrlich: Uns f\u00e4llt es m\u00e4chtig schwer, die hier aufgelaufenen Informationen einzuordnen. Nach langem hin und her haben wir uns letztlich zur Ver\u00f6ffentlichung des unten eingebetteten Fotos entschieden und geben das Kabel einfach zur Diskussion frei. Mindestens zwei Zubeh\u00f6r-Zulieferer bereiten sich derzeit auf den Marktstart von Micro USB Kabeln mit Apple Branding vor. Vorserien-Modelle werden [&hellip;]<\/p>\n","protected":false},"author":1,"featured_media":24415,"comment_status":"open","ping_status":"closed","sticky":false,"template":"","format":"standard","meta":{"footnotes":""},"categories":[6],"tags":[2064,344,258,3910,459,5239],"class_list":["post-24410","post","type-post","status-publish","format-standard","has-post-thumbnail","hentry","category-rumors","tag-geruechte","tag-iphone","tag-kabel","tag-rumors","tag-usb","tag-zubehoer"],"aioseo_notices":[],"aioseo_head":"\n\t\t<!-- All in One SEO Pro 5.0.1 - aioseo.com -->\n\t<meta name=\"description\" content=\"Ganz ehrlich: Uns f\u00e4llt es m\u00e4chtig schwer, die hier aufgelaufenen Informationen einzuordnen. Nach langem hin und her haben wir uns letztlich zur Ver\u00f6ffentlichung des unten eingebetteten Fotos entschieden und geben das Kabel einfach zur Diskussion frei. Mindestens zwei Zubeh\u00f6r-Zulieferer bereiten sich derzeit auf den Marktstart von Micro USB Kabeln mit Apple Branding vor. Vorserien-Modelle werden\" \/>\n\t<meta name=\"robots\" content=\"max-image-preview:large\" \/>\n\t<meta name=\"author\" content=\"Nicolas\"\/>\n\t<meta name=\"google-site-verification\" content=\"bRuV4_wqNuoQLypC9HVKibZ0X7EtNyELtju97qgyflM\" \/>\n\t<link rel=\"canonical\" href=\"https:\/\/www.iphone-ticker.de\/iphone-micro-usb-kabel-24410\/\" \/>\n\t<meta name=\"generator\" content=\"All in One SEO Pro (AIOSEO) 5.0.1\" \/>\n\t\t<meta property=\"og:locale\" content=\"de_DE\" \/>\n\t\t<meta property=\"og:site_name\" content=\"iphone-ticker.de | Alles zum iPhone. Seit 2007.\" \/>\n\t\t<meta property=\"og:type\" content=\"article\" \/>\n\t\t<meta property=\"og:title\" content=\"iPhone mit Micro USB Kabel von Apple? | iphone-ticker.de\" \/>\n\t\t<meta property=\"og:description\" content=\"Ganz ehrlich: Uns f\u00e4llt es m\u00e4chtig schwer, die hier aufgelaufenen Informationen einzuordnen. Nach langem hin und her haben wir uns letztlich zur Ver\u00f6ffentlichung des unten eingebetteten Fotos entschieden und geben das Kabel einfach zur Diskussion frei. Mindestens zwei Zubeh\u00f6r-Zulieferer bereiten sich derzeit auf den Marktstart von Micro USB Kabeln mit Apple Branding vor. Vorserien-Modelle werden\" \/>\n\t\t<meta property=\"og:url\" content=\"https:\/\/www.iphone-ticker.de\/iphone-micro-usb-kabel-24410\/\" \/>\n\t\t<meta property=\"article:published_time\" content=\"2011-08-29T17:53:52+00:00\" \/>\n\t\t<meta property=\"article:modified_time\" content=\"2011-08-30T08:25:04+00:00\" \/>\n\t\t<meta property=\"article:publisher\" content=\"https:\/\/facebook.com\/ifun.de\" \/>\n\t\t<meta name=\"twitter:card\" content=\"summary_large_image\" \/>\n\t\t<meta name=\"twitter:site\" content=\"@iphoneticker\" \/>\n\t\t<meta name=\"twitter:title\" content=\"iPhone mit Micro USB Kabel von Apple? | iphone-ticker.de\" \/>\n\t\t<meta name=\"twitter:description\" content=\"Ganz ehrlich: Uns f\u00e4llt es m\u00e4chtig schwer, die hier aufgelaufenen Informationen einzuordnen. Nach langem hin und her haben wir uns letztlich zur Ver\u00f6ffentlichung des unten eingebetteten Fotos entschieden und geben das Kabel einfach zur Diskussion frei. Mindestens zwei Zubeh\u00f6r-Zulieferer bereiten sich derzeit auf den Marktstart von Micro USB Kabeln mit Apple Branding vor. Vorserien-Modelle werden\" \/>\n\t\t<meta name=\"twitter:creator\" content=\"@iphoneticker\" \/>\n\t\t<script type=\"application\/ld+json\" class=\"aioseo-schema\">\n\t\t\t{\"@context\":\"https:\\\/\\\/schema.org\",\"@graph\":[{\"@type\":\"BreadcrumbList\",\"@id\":\"https:\\\/\\\/www.iphone-ticker.de\\\/iphone-micro-usb-kabel-24410\\\/#breadcrumblist\",\"itemListElement\":[{\"@type\":\"ListItem\",\"@id\":\"https:\\\/\\\/www.iphone-ticker.de#listItem\",\"position\":1,\"name\":\"Home\",\"item\":\"https:\\\/\\\/www.iphone-ticker.de\",\"nextItem\":{\"@type\":\"ListItem\",\"@id\":\"https:\\\/\\\/www.iphone-ticker.de\\\/category\\\/rumors\\\/#listItem\",\"name\":\"Rumors\"}},{\"@type\":\"ListItem\",\"@id\":\"https:\\\/\\\/www.iphone-ticker.de\\\/category\\\/rumors\\\/#listItem\",\"position\":2,\"name\":\"Rumors\",\"item\":\"https:\\\/\\\/www.iphone-ticker.de\\\/category\\\/rumors\\\/\",\"nextItem\":{\"@type\":\"ListItem\",\"@id\":\"https:\\\/\\\/www.iphone-ticker.de\\\/iphone-micro-usb-kabel-24410\\\/#listItem\",\"name\":\"Erste Vorserien-Adapter: Micro USB Kabel mit Apple Branding\"},\"previousItem\":{\"@type\":\"ListItem\",\"@id\":\"https:\\\/\\\/www.iphone-ticker.de#listItem\",\"name\":\"Home\"}},{\"@type\":\"ListItem\",\"@id\":\"https:\\\/\\\/www.iphone-ticker.de\\\/iphone-micro-usb-kabel-24410\\\/#listItem\",\"position\":3,\"name\":\"Erste Vorserien-Adapter: Micro USB Kabel mit Apple Branding\",\"previousItem\":{\"@type\":\"ListItem\",\"@id\":\"https:\\\/\\\/www.iphone-ticker.de\\\/category\\\/rumors\\\/#listItem\",\"name\":\"Rumors\"}}]},{\"@type\":\"NewsArticle\",\"@id\":\"https:\\\/\\\/www.iphone-ticker.de\\\/iphone-micro-usb-kabel-24410\\\/#newsarticle\",\"name\":\"iPhone mit Micro USB Kabel von Apple? | iphone-ticker.de\",\"headline\":\"Erste Vorserien-Adapter: Micro USB Kabel mit Apple Branding\",\"author\":{\"@id\":\"https:\\\/\\\/www.iphone-ticker.de\\\/author\\\/admin\\\/#author\"},\"publisher\":{\"@id\":\"https:\\\/\\\/www.iphone-ticker.de\\\/#organization\"},\"image\":{\"@type\":\"ImageObject\",\"url\":\"https:\\\/\\\/images.iphone-ticker.de\\\/wp-content\\\/uploads\\\/2011\\\/08\\\/kabelklein1.jpg\",\"width\":464,\"height\":348},\"datePublished\":\"2011-08-29T19:53:52+02:00\",\"dateModified\":\"2011-08-30T10:25:04+02:00\",\"inLanguage\":\"de-DE\",\"commentCount\":50,\"mainEntityOfPage\":{\"@id\":\"https:\\\/\\\/www.iphone-ticker.de\\\/iphone-micro-usb-kabel-24410\\\/#webpage\"},\"isPartOf\":{\"@id\":\"https:\\\/\\\/www.iphone-ticker.de\\\/iphone-micro-usb-kabel-24410\\\/#webpage\"},\"articleSection\":\"Rumors, Ger\\u00fcchte, iPhone, Kabel, Rumors, USB, Zubeh\\u00f6r\",\"dateline\":\"Ver\\u00f6ffentlicht am August 29, 2011.\"},{\"@type\":\"Organization\",\"@id\":\"https:\\\/\\\/www.iphone-ticker.de\\\/#organization\",\"name\":\"aketo GmbH\",\"description\":\"Die aketo GmbH versorgt das deutschsprachige Internet mit den f\\u00fchrenden Nachrichtenangeboten zu Apple, dem iPhone, dem iPad und Apples Lifestyle-Produkten. Konzepte, Redaktion, Recherchen und Archiv.\",\"url\":\"https:\\\/\\\/www.iphone-ticker.de\\\/\",\"email\":\"ifun.de@gmail.com\",\"telephone\":\"+493057707123\",\"foundingDate\":\"2007-01-01\",\"logo\":{\"@type\":\"ImageObject\",\"url\":\"https:\\\/\\\/images.iphone-ticker.de\\\/wp-content\\\/uploads\\\/2026\\\/02\\\/apple-touch-icon.png\",\"@id\":\"https:\\\/\\\/www.iphone-ticker.de\\\/iphone-micro-usb-kabel-24410\\\/#organizationLogo\",\"width\":1024,\"height\":1024,\"caption\":\"Apple Touch Icon\"},\"image\":{\"@id\":\"https:\\\/\\\/www.iphone-ticker.de\\\/iphone-micro-usb-kabel-24410\\\/#organizationLogo\"},\"sameAs\":[\"https:\\\/\\\/facebook.com\\\/ifun.de\",\"https:\\\/\\\/x.com\\\/iphoneticker\"]},{\"@type\":\"Person\",\"@id\":\"https:\\\/\\\/www.iphone-ticker.de\\\/author\\\/admin\\\/#author\",\"url\":\"https:\\\/\\\/www.iphone-ticker.de\\\/author\\\/admin\\\/\",\"name\":\"Nicolas\"},{\"@type\":\"WebPage\",\"@id\":\"https:\\\/\\\/www.iphone-ticker.de\\\/iphone-micro-usb-kabel-24410\\\/#webpage\",\"url\":\"https:\\\/\\\/www.iphone-ticker.de\\\/iphone-micro-usb-kabel-24410\\\/\",\"name\":\"iPhone mit Micro USB Kabel von Apple? | iphone-ticker.de\",\"description\":\"Ganz ehrlich: Uns f\\u00e4llt es m\\u00e4chtig schwer, die hier aufgelaufenen Informationen einzuordnen. Nach langem hin und her haben wir uns letztlich zur Ver\\u00f6ffentlichung des unten eingebetteten Fotos entschieden und geben das Kabel einfach zur Diskussion frei. Mindestens zwei Zubeh\\u00f6r-Zulieferer bereiten sich derzeit auf den Marktstart von Micro USB Kabeln mit Apple Branding vor. Vorserien-Modelle werden\",\"inLanguage\":\"de-DE\",\"isPartOf\":{\"@id\":\"https:\\\/\\\/www.iphone-ticker.de\\\/#website\"},\"breadcrumb\":{\"@id\":\"https:\\\/\\\/www.iphone-ticker.de\\\/iphone-micro-usb-kabel-24410\\\/#breadcrumblist\"},\"author\":{\"@id\":\"https:\\\/\\\/www.iphone-ticker.de\\\/author\\\/admin\\\/#author\"},\"creator\":{\"@id\":\"https:\\\/\\\/www.iphone-ticker.de\\\/author\\\/admin\\\/#author\"},\"image\":{\"@type\":\"ImageObject\",\"url\":\"https:\\\/\\\/images.iphone-ticker.de\\\/wp-content\\\/uploads\\\/2011\\\/08\\\/kabelklein1.jpg\",\"@id\":\"https:\\\/\\\/www.iphone-ticker.de\\\/iphone-micro-usb-kabel-24410\\\/#mainImage\",\"width\":464,\"height\":348},\"primaryImageOfPage\":{\"@id\":\"https:\\\/\\\/www.iphone-ticker.de\\\/iphone-micro-usb-kabel-24410\\\/#mainImage\"},\"datePublished\":\"2011-08-29T19:53:52+02:00\",\"dateModified\":\"2011-08-30T10:25:04+02:00\"},{\"@type\":\"WebSite\",\"@id\":\"https:\\\/\\\/www.iphone-ticker.de\\\/#website\",\"url\":\"https:\\\/\\\/www.iphone-ticker.de\\\/\",\"name\":\"iphone-ticker.de\",\"description\":\"Alles zum iPhone. Seit 2007.\",\"inLanguage\":\"de-DE\",\"publisher\":{\"@id\":\"https:\\\/\\\/www.iphone-ticker.de\\\/#organization\"}}]}\n\t\t<\/script>\n\t\t<!-- All in One SEO Pro -->\r\n\t\t<title>iPhone mit Micro USB Kabel von Apple? | iphone-ticker.de<\/title>\n\n","aioseo_head_json":{"title":"iPhone mit Micro USB Kabel von Apple? | iphone-ticker.de","description":"Ganz ehrlich: Uns f\u00e4llt es m\u00e4chtig schwer, die hier aufgelaufenen Informationen einzuordnen. Nach langem hin und her haben wir uns letztlich zur Ver\u00f6ffentlichung des unten eingebetteten Fotos entschieden und geben das Kabel einfach zur Diskussion frei. Mindestens zwei Zubeh\u00f6r-Zulieferer bereiten sich derzeit auf den Marktstart von Micro USB Kabeln mit Apple Branding vor. Vorserien-Modelle werden","canonical_url":"https:\/\/www.iphone-ticker.de\/iphone-micro-usb-kabel-24410\/","robots":"max-image-preview:large","keywords":"","webmasterTools":{"google-site-verification":"bRuV4_wqNuoQLypC9HVKibZ0X7EtNyELtju97qgyflM","miscellaneous":""},"schema":{"@context":"https:\/\/schema.org","@graph":[{"@type":"BreadcrumbList","@id":"https:\/\/www.iphone-ticker.de\/iphone-micro-usb-kabel-24410\/#breadcrumblist","itemListElement":[{"@type":"ListItem","@id":"https:\/\/www.iphone-ticker.de#listItem","position":1,"name":"Home","item":"https:\/\/www.iphone-ticker.de","nextItem":{"@type":"ListItem","@id":"https:\/\/www.iphone-ticker.de\/category\/rumors\/#listItem","name":"Rumors"}},{"@type":"ListItem","@id":"https:\/\/www.iphone-ticker.de\/category\/rumors\/#listItem","position":2,"name":"Rumors","item":"https:\/\/www.iphone-ticker.de\/category\/rumors\/","nextItem":{"@type":"ListItem","@id":"https:\/\/www.iphone-ticker.de\/iphone-micro-usb-kabel-24410\/#listItem","name":"Erste Vorserien-Adapter: Micro USB Kabel mit Apple Branding"},"previousItem":{"@type":"ListItem","@id":"https:\/\/www.iphone-ticker.de#listItem","name":"Home"}},{"@type":"ListItem","@id":"https:\/\/www.iphone-ticker.de\/iphone-micro-usb-kabel-24410\/#listItem","position":3,"name":"Erste Vorserien-Adapter: Micro USB Kabel mit Apple Branding","previousItem":{"@type":"ListItem","@id":"https:\/\/www.iphone-ticker.de\/category\/rumors\/#listItem","name":"Rumors"}}]},{"@type":"NewsArticle","@id":"https:\/\/www.iphone-ticker.de\/iphone-micro-usb-kabel-24410\/#newsarticle","name":"iPhone mit Micro USB Kabel von Apple? | iphone-ticker.de","headline":"Erste Vorserien-Adapter: Micro USB Kabel mit Apple Branding","author":{"@id":"https:\/\/www.iphone-ticker.de\/author\/admin\/#author"},"publisher":{"@id":"https:\/\/www.iphone-ticker.de\/#organization"},"image":{"@type":"ImageObject","url":"https:\/\/images.iphone-ticker.de\/wp-content\/uploads\/2011\/08\/kabelklein1.jpg","width":464,"height":348},"datePublished":"2011-08-29T19:53:52+02:00","dateModified":"2011-08-30T10:25:04+02:00","inLanguage":"de-DE","commentCount":50,"mainEntityOfPage":{"@id":"https:\/\/www.iphone-ticker.de\/iphone-micro-usb-kabel-24410\/#webpage"},"isPartOf":{"@id":"https:\/\/www.iphone-ticker.de\/iphone-micro-usb-kabel-24410\/#webpage"},"articleSection":"Rumors, Ger\u00fcchte, iPhone, Kabel, Rumors, USB, Zubeh\u00f6r","dateline":"Ver\u00f6ffentlicht am August 29, 2011."},{"@type":"Organization","@id":"https:\/\/www.iphone-ticker.de\/#organization","name":"aketo GmbH","description":"Die aketo GmbH versorgt das deutschsprachige Internet mit den f\u00fchrenden Nachrichtenangeboten zu Apple, dem iPhone, dem iPad und Apples Lifestyle-Produkten. Konzepte, Redaktion, Recherchen und Archiv.","url":"https:\/\/www.iphone-ticker.de\/","email":"ifun.de@gmail.com","telephone":"+493057707123","foundingDate":"2007-01-01","logo":{"@type":"ImageObject","url":"https:\/\/images.iphone-ticker.de\/wp-content\/uploads\/2026\/02\/apple-touch-icon.png","@id":"https:\/\/www.iphone-ticker.de\/iphone-micro-usb-kabel-24410\/#organizationLogo","width":1024,"height":1024,"caption":"Apple Touch Icon"},"image":{"@id":"https:\/\/www.iphone-ticker.de\/iphone-micro-usb-kabel-24410\/#organizationLogo"},"sameAs":["https:\/\/facebook.com\/ifun.de","https:\/\/x.com\/iphoneticker"]},{"@type":"Person","@id":"https:\/\/www.iphone-ticker.de\/author\/admin\/#author","url":"https:\/\/www.iphone-ticker.de\/author\/admin\/","name":"Nicolas"},{"@type":"WebPage","@id":"https:\/\/www.iphone-ticker.de\/iphone-micro-usb-kabel-24410\/#webpage","url":"https:\/\/www.iphone-ticker.de\/iphone-micro-usb-kabel-24410\/","name":"iPhone mit Micro USB Kabel von Apple? | iphone-ticker.de","description":"Ganz ehrlich: Uns f\u00e4llt es m\u00e4chtig schwer, die hier aufgelaufenen Informationen einzuordnen. Nach langem hin und her haben wir uns letztlich zur Ver\u00f6ffentlichung des unten eingebetteten Fotos entschieden und geben das Kabel einfach zur Diskussion frei. Mindestens zwei Zubeh\u00f6r-Zulieferer bereiten sich derzeit auf den Marktstart von Micro USB Kabeln mit Apple Branding vor. Vorserien-Modelle werden","inLanguage":"de-DE","isPartOf":{"@id":"https:\/\/www.iphone-ticker.de\/#website"},"breadcrumb":{"@id":"https:\/\/www.iphone-ticker.de\/iphone-micro-usb-kabel-24410\/#breadcrumblist"},"author":{"@id":"https:\/\/www.iphone-ticker.de\/author\/admin\/#author"},"creator":{"@id":"https:\/\/www.iphone-ticker.de\/author\/admin\/#author"},"image":{"@type":"ImageObject","url":"https:\/\/images.iphone-ticker.de\/wp-content\/uploads\/2011\/08\/kabelklein1.jpg","@id":"https:\/\/www.iphone-ticker.de\/iphone-micro-usb-kabel-24410\/#mainImage","width":464,"height":348},"primaryImageOfPage":{"@id":"https:\/\/www.iphone-ticker.de\/iphone-micro-usb-kabel-24410\/#mainImage"},"datePublished":"2011-08-29T19:53:52+02:00","dateModified":"2011-08-30T10:25:04+02:00"},{"@type":"WebSite","@id":"https:\/\/www.iphone-ticker.de\/#website","url":"https:\/\/www.iphone-ticker.de\/","name":"iphone-ticker.de","description":"Alles zum iPhone. Seit 2007.","inLanguage":"de-DE","publisher":{"@id":"https:\/\/www.iphone-ticker.de\/#organization"}}]},"og:locale":"de_DE","og:site_name":"iphone-ticker.de | Alles zum iPhone. Seit 2007.","og:type":"article","og:title":"iPhone mit Micro USB Kabel von Apple? | iphone-ticker.de","og:description":"Ganz ehrlich: Uns f\u00e4llt es m\u00e4chtig schwer, die hier aufgelaufenen Informationen einzuordnen. Nach langem hin und her haben wir uns letztlich zur Ver\u00f6ffentlichung des unten eingebetteten Fotos entschieden und geben das Kabel einfach zur Diskussion frei. Mindestens zwei Zubeh\u00f6r-Zulieferer bereiten sich derzeit auf den Marktstart von Micro USB Kabeln mit Apple Branding vor. Vorserien-Modelle werden","og:url":"https:\/\/www.iphone-ticker.de\/iphone-micro-usb-kabel-24410\/","article:published_time":"2011-08-29T17:53:52+00:00","article:modified_time":"2011-08-30T08:25:04+00:00","article:publisher":"https:\/\/facebook.com\/ifun.de","twitter:card":"summary_large_image","twitter:site":"@iphoneticker","twitter:title":"iPhone mit Micro USB Kabel von Apple? | iphone-ticker.de","twitter:description":"Ganz ehrlich: Uns f\u00e4llt es m\u00e4chtig schwer, die hier aufgelaufenen Informationen einzuordnen. Nach langem hin und her haben wir uns letztlich zur Ver\u00f6ffentlichung des unten eingebetteten Fotos entschieden und geben das Kabel einfach zur Diskussion frei. Mindestens zwei Zubeh\u00f6r-Zulieferer bereiten sich derzeit auf den Marktstart von Micro USB Kabeln mit Apple Branding vor. Vorserien-Modelle werden","twitter:creator":"@iphoneticker"},"aioseo_meta_data":{"post_id":"24410","title":"iPhone mit Micro USB Kabel von Apple? | #site_title","description":null,"keywords":null,"keyphrases":null,"primary_term":null,"canonical_url":null,"og_title":null,"og_description":null,"og_object_type":"default","og_image_type":"default","og_image_url":null,"og_image_width":null,"og_image_height":null,"og_image_custom_url":null,"og_image_custom_fields":null,"og_video":null,"og_custom_url":null,"og_article_section":null,"og_article_tags":null,"twitter_use_og":false,"twitter_card":"default","twitter_image_type":"default","twitter_image_url":null,"twitter_image_custom_url":null,"twitter_image_custom_fields":null,"twitter_title":null,"twitter_description":null,"schema":{"blockGraphs":[],"customGraphs":[],"default":{"data":{"Article":[],"Course":[],"Dataset":[],"FAQPage":[],"Movie":[],"Person":[],"Product":[],"ProductReview":[],"Car":[],"Recipe":[],"Service":[],"SoftwareApplication":[],"WebPage":[]},"graphName":"NewsArticle","isEnabled":true},"graphs":[]},"schema_type":"default","schema_type_options":null,"pillar_content":false,"robots_default":true,"robots_noindex":false,"robots_noarchive":false,"robots_nosnippet":false,"robots_nofollow":false,"robots_noimageindex":false,"robots_noodp":false,"robots_notranslate":false,"robots_max_snippet":null,"robots_max_videopreview":null,"robots_max_imagepreview":"large","priority":null,"frequency":null,"local_seo":null,"seo_analyzer_scan_date":"2026-07-01 07:20:08","breadcrumb_settings":null,"limit_modified_date":false,"open_ai":null,"ai":null,"created":"2026-02-20 06:13:06","updated":"2026-07-01 07:20:08","focus_keyword":null,"additional_keywords":null,"truseo_locale":null},"aioseo_breadcrumb":"<div class=\"aioseo-breadcrumbs\"><span class=\"aioseo-breadcrumb\">\n\t<a href=\"https:\/\/www.iphone-ticker.de\" title=\"Home\">Home<\/a>\n<\/span><span class=\"aioseo-breadcrumb-separator\">\u00bb<\/span><span class=\"aioseo-breadcrumb\">\n\t<a href=\"https:\/\/www.iphone-ticker.de\/category\/rumors\/\" title=\"Rumors\">Rumors<\/a>\n<\/span><span class=\"aioseo-breadcrumb-separator\">\u00bb<\/span><span class=\"aioseo-breadcrumb\">\n\tErste Vorserien-Adapter: Micro USB Kabel mit Apple Branding\n<\/span><\/div>","aioseo_breadcrumb_json":[{"label":"Home","link":"https:\/\/www.iphone-ticker.de"},{"label":"Rumors","link":"https:\/\/www.iphone-ticker.de\/category\/rumors\/"},{"label":"Erste Vorserien-Adapter: Micro USB Kabel mit Apple Branding","link":"https:\/\/www.iphone-ticker.de\/iphone-micro-usb-kabel-24410\/"}],"rest_api_enabler":[],"_links":{"self":[{"href":"https:\/\/www.iphone-ticker.de\/apiv2\/wp\/v2\/posts\/24410","targetHints":{"allow":["GET"]}}],"collection":[{"href":"https:\/\/www.iphone-ticker.de\/apiv2\/wp\/v2\/posts"}],"about":[{"href":"https:\/\/www.iphone-ticker.de\/apiv2\/wp\/v2\/types\/post"}],"author":[{"embeddable":true,"href":"https:\/\/www.iphone-ticker.de\/apiv2\/wp\/v2\/users\/1"}],"replies":[{"embeddable":true,"href":"https:\/\/www.iphone-ticker.de\/apiv2\/wp\/v2\/comments?post=24410"}],"version-history":[{"count":3,"href":"https:\/\/www.iphone-ticker.de\/apiv2\/wp\/v2\/posts\/24410\/revisions"}],"predecessor-version":[{"id":24420,"href":"https:\/\/www.iphone-ticker.de\/apiv2\/wp\/v2\/posts\/24410\/revisions\/24420"}],"wp:featuredmedia":[{"embeddable":true,"href":"https:\/\/www.iphone-ticker.de\/apiv2\/wp\/v2\/media\/24415"}],"wp:attachment":[{"href":"https:\/\/www.iphone-ticker.de\/apiv2\/wp\/v2\/media?parent=24410"}],"wp:term":[{"taxonomy":"category","embeddable":true,"href":"https:\/\/www.iphone-ticker.de\/apiv2\/wp\/v2\/categories?post=24410"},{"taxonomy":"post_tag","embeddable":true,"href":"https:\/\/www.iphone-ticker.de\/apiv2\/wp\/v2\/tags?post=24410"}],"curies":[{"name":"wp","href":"https:\/\/api.w.org\/{rel}","templated":true}]}}