{"id":24364,"date":"2011-08-26T15:36:49","date_gmt":"2011-08-26T13:36:49","guid":{"rendered":"http:\/\/www.iphone-ticker.de\/?p=24364"},"modified":"2011-08-29T11:00:29","modified_gmt":"2011-08-29T09:00:29","slug":"zdf-mediathek-app-im-herbst","status":"publish","type":"post","link":"https:\/\/www.iphone-ticker.de\/zdf-mediathek-app-im-herbst-24364\/","title":{"rendered":"ZDF: iOS-Applikation zum Mediathek-Zugriff noch im Herbst 2011"},"content":{"rendered":"<p><img loading=\"lazy\" decoding=\"async\" src=\"http:\/\/www.iphone-ticker.de\/wp-content\/uploads\/2011\/08\/zdficon.jpg\" alt=\"\" title=\"zdficon\" width=\"120\" height=\"113\" class=\"alignright size-full wp-image-24366\" \/>Als das ZDF Anfang des Jahres im Rahmen der Berliner Blogger-Konferenz &#8222;re:publica&#8220; erstmals die anstehende Ver\u00f6ffentlichung einer iOS-Anwendung zum Vollzugriff auf die ZDF-Mediathek ank\u00fcndigte (<a href=\"http:\/\/www.ifun.de\/zdf-mediathek-nach-ostern-mit-eigener-app-11551\/\">wir berichteten<\/a>), wurden Fragen nach dem genauen Start-Termin mit der wenig konkreten Sprachregelung &#8222;nach Ostern&#8220; beantwortet. <\/p>\n<p>Seit Ostern sind mittlerweile vier Monate ins Land gestrichen, das Sendungsarchiv sucht man im App Store dennoch vergeblich. Auf R\u00fcckfrage hat das ZDF nun eine leichte Verz\u00f6gerung im App-Fahrplan einger\u00e4umt, zeigt sich jedoch sehr zuversichtlich den iPhone- und iPad-optimierten Zugriff auf das TV-Archiv noch im Herbst 2011 zu erm\u00f6glichen. <\/p>\n<p>ifun.de gegen\u00fcber begr\u00fcndet ein ZDF-Sprecher: <\/p>\n<blockquote><p>Eine verfr\u00fchte Freigabe w\u00e4re unserem hohen Qualit\u00e4tsanspruch nicht gerecht geworden. Wir wollen ein perfektes Angebot. Die Applikation der ZDF-Mediathek befindet sich in der abschlie\u00dfenden Phase der Qualit\u00e4tssicherung und wird die Anwender noch im Herbst 2011 erreichen.<\/p><\/blockquote>\n<p>Auch an den ebenfalls <a href=\"http:\/\/www.iphone-ticker.de\/auch-zdf-will-sich-im-appstore-etablieren-drei-apps-bis-anfang-2012-18554\/\">vom ZDF angek\u00fcndigten<\/a> Zusatz-Apps f\u00fcr das Nachrichtenmagazin &#8222;heute&#8220; und das ZDF-Onlineportal, <a href=\"http:\/\/zdf.de\">zdf.de<\/a>, wird derzeit mit Hochdruck gearbeitet. Einen festen Termin f\u00fcr Freigabe der beiden Nachrichten-Anwendungen bleibt das ZDF derzeit jedoch noch schuldig. <\/p>\n<p><!--more--><\/p>\n<p>Bis zur Freigabe der Apps empfehlen wir den Mac-Nutzern die Gratis-Anwendung &#8222;<a href=\"http:\/\/appdrive.net\/mediathek\/#features\">Mediathek<\/a>&#8220; (<a href=\"http:\/\/www.iphone-ticker.de\/mediathek-mac-os-x-download-zdf-und-ard-20337\/\">hier in den News<\/a>), sowie den Zugriff auf das Sendungsarchiv \u00fcber die mittlerweile f\u00fcr <a href=\"http:\/\/www.ifun.de\/zdf-mediathek-ipad-ipod-touch-iphon-7324\/\">iOS-Ger\u00e4te optimierte<\/a> Mobilseite.<\/p>\n<hr \/>\n<p>Und ja, die damals <a href=\"http:\/\/www.iphone-ticker.de\/verlosung-mili-zusatz-akku-und-zwei-schutzhullen-von-caseaddict-20648\/\">ausgelobten Preise<\/a> f\u00fcr die ersten Tippgeber die uns auf den Launch der ZDF-App aufmerksam machen, warten immer noch auf euch. <\/p>\n","protected":false},"excerpt":{"rendered":"<a href=\"https:\/\/www.iphone-ticker.de\/zdf-mediathek-app-im-herbst-24364\/\"><img decoding=\"async\" width=\"150\" src=\"http:\/\/www.iphone-ticker.de\/wp-content\/uploads\/2011\/08\/zdficon.jpg\" class=\"alignright wp-post-image tfe\" alt=\"\" title=\"zdficon\" \/><\/a><p>ZDF: iOS-Applikation<br \/>\nzum Mediathek-Zugriff<br \/>\nnoch im Herbst 2011<\/p>\n","protected":false},"author":1,"featured_media":0,"comment_status":"open","ping_status":"closed","sticky":false,"template":"","format":"standard","meta":{"footnotes":""},"categories":[1,746],"tags":[666,3914,413,171,434],"class_list":["post-24364","post","type-post","status-publish","format-standard","hentry","category-news","category-topnews","tag-app-store","tag-apps","tag-fernsehen","tag-tv","tag-zdf"],"aioseo_notices":[],"aioseo_head":"\n\t\t<!-- All in One SEO Pro 5.0.1 - aioseo.com -->\n\t<meta name=\"description\" content=\"ZDF: iOS-Applikation zum Mediathek-Zugriff noch im Herbst 2011\" \/>\n\t<meta name=\"robots\" content=\"max-image-preview:large\" \/>\n\t<meta name=\"author\" content=\"Nicolas\"\/>\n\t<meta name=\"google-site-verification\" content=\"bRuV4_wqNuoQLypC9HVKibZ0X7EtNyELtju97qgyflM\" \/>\n\t<link rel=\"canonical\" href=\"https:\/\/www.iphone-ticker.de\/zdf-mediathek-app-im-herbst-24364\/\" \/>\n\t<meta name=\"generator\" content=\"All in One SEO Pro (AIOSEO) 5.0.1\" \/>\n\t\t<meta property=\"og:locale\" content=\"de_DE\" \/>\n\t\t<meta property=\"og:site_name\" content=\"iphone-ticker.de | Alles zum iPhone. Seit 2007.\" \/>\n\t\t<meta property=\"og:type\" content=\"article\" \/>\n\t\t<meta property=\"og:title\" content=\"App der ZDF Mediathek kommt im Herbst 2011 | iphone-ticker.de\" \/>\n\t\t<meta property=\"og:description\" content=\"ZDF: iOS-Applikation zum Mediathek-Zugriff noch im Herbst 2011\" \/>\n\t\t<meta property=\"og:url\" content=\"https:\/\/www.iphone-ticker.de\/zdf-mediathek-app-im-herbst-24364\/\" \/>\n\t\t<meta property=\"article:published_time\" content=\"2011-08-26T13:36:49+00:00\" \/>\n\t\t<meta property=\"article:modified_time\" content=\"2011-08-29T09:00:29+00:00\" \/>\n\t\t<meta property=\"article:publisher\" content=\"https:\/\/facebook.com\/ifun.de\" \/>\n\t\t<meta name=\"twitter:card\" content=\"summary_large_image\" \/>\n\t\t<meta name=\"twitter:site\" content=\"@iphoneticker\" \/>\n\t\t<meta name=\"twitter:title\" content=\"App der ZDF Mediathek kommt im Herbst 2011 | iphone-ticker.de\" \/>\n\t\t<meta name=\"twitter:description\" content=\"ZDF: iOS-Applikation zum Mediathek-Zugriff noch im Herbst 2011\" \/>\n\t\t<meta name=\"twitter:creator\" content=\"@iphoneticker\" \/>\n\t\t<script type=\"application\/ld+json\" class=\"aioseo-schema\">\n\t\t\t{\"@context\":\"https:\\\/\\\/schema.org\",\"@graph\":[{\"@type\":\"BreadcrumbList\",\"@id\":\"https:\\\/\\\/www.iphone-ticker.de\\\/zdf-mediathek-app-im-herbst-24364\\\/#breadcrumblist\",\"itemListElement\":[{\"@type\":\"ListItem\",\"@id\":\"https:\\\/\\\/www.iphone-ticker.de#listItem\",\"position\":1,\"name\":\"Home\",\"item\":\"https:\\\/\\\/www.iphone-ticker.de\",\"nextItem\":{\"@type\":\"ListItem\",\"@id\":\"https:\\\/\\\/www.iphone-ticker.de\\\/category\\\/news\\\/#listItem\",\"name\":\"News\"}},{\"@type\":\"ListItem\",\"@id\":\"https:\\\/\\\/www.iphone-ticker.de\\\/category\\\/news\\\/#listItem\",\"position\":2,\"name\":\"News\",\"item\":\"https:\\\/\\\/www.iphone-ticker.de\\\/category\\\/news\\\/\",\"nextItem\":{\"@type\":\"ListItem\",\"@id\":\"https:\\\/\\\/www.iphone-ticker.de\\\/zdf-mediathek-app-im-herbst-24364\\\/#listItem\",\"name\":\"ZDF: iOS-Applikation zum Mediathek-Zugriff noch im Herbst 2011\"},\"previousItem\":{\"@type\":\"ListItem\",\"@id\":\"https:\\\/\\\/www.iphone-ticker.de#listItem\",\"name\":\"Home\"}},{\"@type\":\"ListItem\",\"@id\":\"https:\\\/\\\/www.iphone-ticker.de\\\/zdf-mediathek-app-im-herbst-24364\\\/#listItem\",\"position\":3,\"name\":\"ZDF: iOS-Applikation zum Mediathek-Zugriff noch im Herbst 2011\",\"previousItem\":{\"@type\":\"ListItem\",\"@id\":\"https:\\\/\\\/www.iphone-ticker.de\\\/category\\\/news\\\/#listItem\",\"name\":\"News\"}}]},{\"@type\":\"NewsArticle\",\"@id\":\"https:\\\/\\\/www.iphone-ticker.de\\\/zdf-mediathek-app-im-herbst-24364\\\/#newsarticle\",\"name\":\"App der ZDF Mediathek kommt im Herbst 2011 | iphone-ticker.de\",\"headline\":\"ZDF: iOS-Applikation zum Mediathek-Zugriff noch im Herbst 2011\",\"author\":{\"@id\":\"https:\\\/\\\/www.iphone-ticker.de\\\/author\\\/admin\\\/#author\"},\"publisher\":{\"@id\":\"https:\\\/\\\/www.iphone-ticker.de\\\/#organization\"},\"image\":{\"@type\":\"ImageObject\",\"url\":\"http:\\\/\\\/www.iphone-ticker.de\\\/wp-content\\\/uploads\\\/2011\\\/08\\\/zdficon.jpg\",\"@id\":\"https:\\\/\\\/www.iphone-ticker.de\\\/zdf-mediathek-app-im-herbst-24364\\\/#articleImage\"},\"datePublished\":\"2011-08-26T15:36:49+02:00\",\"dateModified\":\"2011-08-29T11:00:29+02:00\",\"inLanguage\":\"de-DE\",\"commentCount\":16,\"mainEntityOfPage\":{\"@id\":\"https:\\\/\\\/www.iphone-ticker.de\\\/zdf-mediathek-app-im-herbst-24364\\\/#webpage\"},\"isPartOf\":{\"@id\":\"https:\\\/\\\/www.iphone-ticker.de\\\/zdf-mediathek-app-im-herbst-24364\\\/#webpage\"},\"articleSection\":\"News, Topnews, App Store, Apps, Fernsehen, TV, ZDF\",\"dateline\":\"Ver\\u00f6ffentlicht am August 26, 2011.\"},{\"@type\":\"Organization\",\"@id\":\"https:\\\/\\\/www.iphone-ticker.de\\\/#organization\",\"name\":\"aketo GmbH\",\"description\":\"Die aketo GmbH versorgt das deutschsprachige Internet mit den f\\u00fchrenden Nachrichtenangeboten zu Apple, dem iPhone, dem iPad und Apples Lifestyle-Produkten. Konzepte, Redaktion, Recherchen und Archiv.\",\"url\":\"https:\\\/\\\/www.iphone-ticker.de\\\/\",\"email\":\"ifun.de@gmail.com\",\"telephone\":\"+493057707123\",\"foundingDate\":\"2007-01-01\",\"logo\":{\"@type\":\"ImageObject\",\"url\":\"https:\\\/\\\/images.iphone-ticker.de\\\/wp-content\\\/uploads\\\/2026\\\/02\\\/apple-touch-icon.png\",\"@id\":\"https:\\\/\\\/www.iphone-ticker.de\\\/zdf-mediathek-app-im-herbst-24364\\\/#organizationLogo\",\"width\":1024,\"height\":1024,\"caption\":\"Apple Touch Icon\"},\"image\":{\"@id\":\"https:\\\/\\\/www.iphone-ticker.de\\\/zdf-mediathek-app-im-herbst-24364\\\/#organizationLogo\"},\"sameAs\":[\"https:\\\/\\\/facebook.com\\\/ifun.de\",\"https:\\\/\\\/x.com\\\/iphoneticker\"]},{\"@type\":\"Person\",\"@id\":\"https:\\\/\\\/www.iphone-ticker.de\\\/author\\\/admin\\\/#author\",\"url\":\"https:\\\/\\\/www.iphone-ticker.de\\\/author\\\/admin\\\/\",\"name\":\"Nicolas\"},{\"@type\":\"WebPage\",\"@id\":\"https:\\\/\\\/www.iphone-ticker.de\\\/zdf-mediathek-app-im-herbst-24364\\\/#webpage\",\"url\":\"https:\\\/\\\/www.iphone-ticker.de\\\/zdf-mediathek-app-im-herbst-24364\\\/\",\"name\":\"App der ZDF Mediathek kommt im Herbst 2011 | iphone-ticker.de\",\"description\":\"ZDF: iOS-Applikation zum Mediathek-Zugriff noch im Herbst 2011\",\"inLanguage\":\"de-DE\",\"isPartOf\":{\"@id\":\"https:\\\/\\\/www.iphone-ticker.de\\\/#website\"},\"breadcrumb\":{\"@id\":\"https:\\\/\\\/www.iphone-ticker.de\\\/zdf-mediathek-app-im-herbst-24364\\\/#breadcrumblist\"},\"author\":{\"@id\":\"https:\\\/\\\/www.iphone-ticker.de\\\/author\\\/admin\\\/#author\"},\"creator\":{\"@id\":\"https:\\\/\\\/www.iphone-ticker.de\\\/author\\\/admin\\\/#author\"},\"datePublished\":\"2011-08-26T15:36:49+02:00\",\"dateModified\":\"2011-08-29T11:00:29+02:00\"},{\"@type\":\"WebSite\",\"@id\":\"https:\\\/\\\/www.iphone-ticker.de\\\/#website\",\"url\":\"https:\\\/\\\/www.iphone-ticker.de\\\/\",\"name\":\"iphone-ticker.de\",\"description\":\"Alles zum iPhone. Seit 2007.\",\"inLanguage\":\"de-DE\",\"publisher\":{\"@id\":\"https:\\\/\\\/www.iphone-ticker.de\\\/#organization\"}}]}\n\t\t<\/script>\n\t\t<!-- All in One SEO Pro -->\r\n\t\t<title>App der ZDF Mediathek kommt im Herbst 2011 | iphone-ticker.de<\/title>\n\n","aioseo_head_json":{"title":"App der ZDF Mediathek kommt im Herbst 2011 | iphone-ticker.de","description":"ZDF: iOS-Applikation zum Mediathek-Zugriff noch im Herbst 2011","canonical_url":"https:\/\/www.iphone-ticker.de\/zdf-mediathek-app-im-herbst-24364\/","robots":"max-image-preview:large","keywords":"","webmasterTools":{"google-site-verification":"bRuV4_wqNuoQLypC9HVKibZ0X7EtNyELtju97qgyflM","miscellaneous":""},"schema":{"@context":"https:\/\/schema.org","@graph":[{"@type":"BreadcrumbList","@id":"https:\/\/www.iphone-ticker.de\/zdf-mediathek-app-im-herbst-24364\/#breadcrumblist","itemListElement":[{"@type":"ListItem","@id":"https:\/\/www.iphone-ticker.de#listItem","position":1,"name":"Home","item":"https:\/\/www.iphone-ticker.de","nextItem":{"@type":"ListItem","@id":"https:\/\/www.iphone-ticker.de\/category\/news\/#listItem","name":"News"}},{"@type":"ListItem","@id":"https:\/\/www.iphone-ticker.de\/category\/news\/#listItem","position":2,"name":"News","item":"https:\/\/www.iphone-ticker.de\/category\/news\/","nextItem":{"@type":"ListItem","@id":"https:\/\/www.iphone-ticker.de\/zdf-mediathek-app-im-herbst-24364\/#listItem","name":"ZDF: iOS-Applikation zum Mediathek-Zugriff noch im Herbst 2011"},"previousItem":{"@type":"ListItem","@id":"https:\/\/www.iphone-ticker.de#listItem","name":"Home"}},{"@type":"ListItem","@id":"https:\/\/www.iphone-ticker.de\/zdf-mediathek-app-im-herbst-24364\/#listItem","position":3,"name":"ZDF: iOS-Applikation zum Mediathek-Zugriff noch im Herbst 2011","previousItem":{"@type":"ListItem","@id":"https:\/\/www.iphone-ticker.de\/category\/news\/#listItem","name":"News"}}]},{"@type":"NewsArticle","@id":"https:\/\/www.iphone-ticker.de\/zdf-mediathek-app-im-herbst-24364\/#newsarticle","name":"App der ZDF Mediathek kommt im Herbst 2011 | iphone-ticker.de","headline":"ZDF: iOS-Applikation zum Mediathek-Zugriff noch im Herbst 2011","author":{"@id":"https:\/\/www.iphone-ticker.de\/author\/admin\/#author"},"publisher":{"@id":"https:\/\/www.iphone-ticker.de\/#organization"},"image":{"@type":"ImageObject","url":"http:\/\/www.iphone-ticker.de\/wp-content\/uploads\/2011\/08\/zdficon.jpg","@id":"https:\/\/www.iphone-ticker.de\/zdf-mediathek-app-im-herbst-24364\/#articleImage"},"datePublished":"2011-08-26T15:36:49+02:00","dateModified":"2011-08-29T11:00:29+02:00","inLanguage":"de-DE","commentCount":16,"mainEntityOfPage":{"@id":"https:\/\/www.iphone-ticker.de\/zdf-mediathek-app-im-herbst-24364\/#webpage"},"isPartOf":{"@id":"https:\/\/www.iphone-ticker.de\/zdf-mediathek-app-im-herbst-24364\/#webpage"},"articleSection":"News, Topnews, App Store, Apps, Fernsehen, TV, ZDF","dateline":"Ver\u00f6ffentlicht am August 26, 2011."},{"@type":"Organization","@id":"https:\/\/www.iphone-ticker.de\/#organization","name":"aketo GmbH","description":"Die aketo GmbH versorgt das deutschsprachige Internet mit den f\u00fchrenden Nachrichtenangeboten zu Apple, dem iPhone, dem iPad und Apples Lifestyle-Produkten. Konzepte, Redaktion, Recherchen und Archiv.","url":"https:\/\/www.iphone-ticker.de\/","email":"ifun.de@gmail.com","telephone":"+493057707123","foundingDate":"2007-01-01","logo":{"@type":"ImageObject","url":"https:\/\/images.iphone-ticker.de\/wp-content\/uploads\/2026\/02\/apple-touch-icon.png","@id":"https:\/\/www.iphone-ticker.de\/zdf-mediathek-app-im-herbst-24364\/#organizationLogo","width":1024,"height":1024,"caption":"Apple Touch Icon"},"image":{"@id":"https:\/\/www.iphone-ticker.de\/zdf-mediathek-app-im-herbst-24364\/#organizationLogo"},"sameAs":["https:\/\/facebook.com\/ifun.de","https:\/\/x.com\/iphoneticker"]},{"@type":"Person","@id":"https:\/\/www.iphone-ticker.de\/author\/admin\/#author","url":"https:\/\/www.iphone-ticker.de\/author\/admin\/","name":"Nicolas"},{"@type":"WebPage","@id":"https:\/\/www.iphone-ticker.de\/zdf-mediathek-app-im-herbst-24364\/#webpage","url":"https:\/\/www.iphone-ticker.de\/zdf-mediathek-app-im-herbst-24364\/","name":"App der ZDF Mediathek kommt im Herbst 2011 | iphone-ticker.de","description":"ZDF: iOS-Applikation zum Mediathek-Zugriff noch im Herbst 2011","inLanguage":"de-DE","isPartOf":{"@id":"https:\/\/www.iphone-ticker.de\/#website"},"breadcrumb":{"@id":"https:\/\/www.iphone-ticker.de\/zdf-mediathek-app-im-herbst-24364\/#breadcrumblist"},"author":{"@id":"https:\/\/www.iphone-ticker.de\/author\/admin\/#author"},"creator":{"@id":"https:\/\/www.iphone-ticker.de\/author\/admin\/#author"},"datePublished":"2011-08-26T15:36:49+02:00","dateModified":"2011-08-29T11:00:29+02:00"},{"@type":"WebSite","@id":"https:\/\/www.iphone-ticker.de\/#website","url":"https:\/\/www.iphone-ticker.de\/","name":"iphone-ticker.de","description":"Alles zum iPhone. Seit 2007.","inLanguage":"de-DE","publisher":{"@id":"https:\/\/www.iphone-ticker.de\/#organization"}}]},"og:locale":"de_DE","og:site_name":"iphone-ticker.de | Alles zum iPhone. Seit 2007.","og:type":"article","og:title":"App der ZDF Mediathek kommt im Herbst 2011 | iphone-ticker.de","og:description":"ZDF: iOS-Applikation zum Mediathek-Zugriff noch im Herbst 2011","og:url":"https:\/\/www.iphone-ticker.de\/zdf-mediathek-app-im-herbst-24364\/","article:published_time":"2011-08-26T13:36:49+00:00","article:modified_time":"2011-08-29T09:00:29+00:00","article:publisher":"https:\/\/facebook.com\/ifun.de","twitter:card":"summary_large_image","twitter:site":"@iphoneticker","twitter:title":"App der ZDF Mediathek kommt im Herbst 2011 | iphone-ticker.de","twitter:description":"ZDF: iOS-Applikation zum Mediathek-Zugriff noch im Herbst 2011","twitter:creator":"@iphoneticker"},"aioseo_meta_data":{"post_id":"24364","title":"App der ZDF Mediathek kommt im Herbst 2011 | #site_title","description":null,"keywords":null,"keyphrases":null,"primary_term":null,"canonical_url":null,"og_title":null,"og_description":null,"og_object_type":"default","og_image_type":"default","og_image_url":null,"og_image_width":null,"og_image_height":null,"og_image_custom_url":null,"og_image_custom_fields":null,"og_video":null,"og_custom_url":null,"og_article_section":null,"og_article_tags":null,"twitter_use_og":false,"twitter_card":"default","twitter_image_type":"default","twitter_image_url":null,"twitter_image_custom_url":null,"twitter_image_custom_fields":null,"twitter_title":null,"twitter_description":null,"schema":{"blockGraphs":[],"customGraphs":[],"default":{"data":{"Article":[],"Course":[],"Dataset":[],"FAQPage":[],"Movie":[],"Person":[],"Product":[],"ProductReview":[],"Car":[],"Recipe":[],"Service":[],"SoftwareApplication":[],"WebPage":[]},"graphName":"NewsArticle","isEnabled":true},"graphs":[]},"schema_type":"default","schema_type_options":null,"pillar_content":false,"robots_default":true,"robots_noindex":false,"robots_noarchive":false,"robots_nosnippet":false,"robots_nofollow":false,"robots_noimageindex":false,"robots_noodp":false,"robots_notranslate":false,"robots_max_snippet":null,"robots_max_videopreview":null,"robots_max_imagepreview":"large","priority":null,"frequency":null,"local_seo":null,"seo_analyzer_scan_date":"2026-07-01 07:17:58","breadcrumb_settings":null,"limit_modified_date":false,"open_ai":null,"ai":null,"created":"2026-02-19 19:39:46","updated":"2026-07-01 07:17:58","focus_keyword":null,"additional_keywords":null,"truseo_locale":null},"aioseo_breadcrumb":"<div class=\"aioseo-breadcrumbs\"><span class=\"aioseo-breadcrumb\">\n\t<a href=\"https:\/\/www.iphone-ticker.de\" title=\"Home\">Home<\/a>\n<\/span><span class=\"aioseo-breadcrumb-separator\">\u00bb<\/span><span class=\"aioseo-breadcrumb\">\n\t<a href=\"https:\/\/www.iphone-ticker.de\/category\/news\/\" title=\"News\">News<\/a>\n<\/span><span class=\"aioseo-breadcrumb-separator\">\u00bb<\/span><span class=\"aioseo-breadcrumb\">\n\tZDF: iOS-Applikation zum Mediathek-Zugriff noch im Herbst 2011\n<\/span><\/div>","aioseo_breadcrumb_json":[{"label":"Home","link":"https:\/\/www.iphone-ticker.de"},{"label":"News","link":"https:\/\/www.iphone-ticker.de\/category\/news\/"},{"label":"ZDF: iOS-Applikation zum Mediathek-Zugriff noch im Herbst 2011","link":"https:\/\/www.iphone-ticker.de\/zdf-mediathek-app-im-herbst-24364\/"}],"rest_api_enabler":[],"_links":{"self":[{"href":"https:\/\/www.iphone-ticker.de\/apiv2\/wp\/v2\/posts\/24364","targetHints":{"allow":["GET"]}}],"collection":[{"href":"https:\/\/www.iphone-ticker.de\/apiv2\/wp\/v2\/posts"}],"about":[{"href":"https:\/\/www.iphone-ticker.de\/apiv2\/wp\/v2\/types\/post"}],"author":[{"embeddable":true,"href":"https:\/\/www.iphone-ticker.de\/apiv2\/wp\/v2\/users\/1"}],"replies":[{"embeddable":true,"href":"https:\/\/www.iphone-ticker.de\/apiv2\/wp\/v2\/comments?post=24364"}],"version-history":[{"count":3,"href":"https:\/\/www.iphone-ticker.de\/apiv2\/wp\/v2\/posts\/24364\/revisions"}],"predecessor-version":[{"id":24395,"href":"https:\/\/www.iphone-ticker.de\/apiv2\/wp\/v2\/posts\/24364\/revisions\/24395"}],"wp:attachment":[{"href":"https:\/\/www.iphone-ticker.de\/apiv2\/wp\/v2\/media?parent=24364"}],"wp:term":[{"taxonomy":"category","embeddable":true,"href":"https:\/\/www.iphone-ticker.de\/apiv2\/wp\/v2\/categories?post=24364"},{"taxonomy":"post_tag","embeddable":true,"href":"https:\/\/www.iphone-ticker.de\/apiv2\/wp\/v2\/tags?post=24364"}],"curies":[{"name":"wp","href":"https:\/\/api.w.org\/{rel}","templated":true}]}}