{"id":24292,"date":"2011-08-25T09:51:54","date_gmt":"2011-08-25T07:51:54","guid":{"rendered":"http:\/\/www.iphone-ticker.de\/?p=24292"},"modified":"2011-08-25T09:52:42","modified_gmt":"2011-08-25T07:52:42","slug":"steve-jobs-durch-die-jahre-10-minuten-video-ruckblick-offener-brief-auf-deutsch","status":"publish","type":"post","link":"https:\/\/www.iphone-ticker.de\/steve-jobs-durch-die-jahre-10-minuten-video-ruckblick-offener-brief-auf-deutsch-24292\/","title":{"rendered":"Steve Jobs durch die Jahre: 10 Minuten Video-R\u00fcckblick &#8211; Offener Brief auf Deutsch"},"content":{"rendered":"<p>Steve Jobs R\u00fccktritt als Apple-Boss (<a href=\"http:\/\/www.ifun.de\/2011\/08\/25\/steve-jobs-tritt-als-apple-chef-zuruck-nachfolger-tim-cook-jobs-will-im-aufsichtsrat-aktiv-bleiben\/\">wir berichteten<\/a>) bestimmt heute die Schlagzeilen. Mittlerweile hat sich auch Apple Deutschland mit einer lokalisierten Ausgabe des offenen Briefes gemeldet, den wir im Anschluss eingebettet und durch <a href=\"http:\/\/online.wsj.com\/video\/steve-jobs-through-the-years\/779F0E04-56B8-44BB-B1F5-3B95FF22C4B3.html?mod=e2tw\">diesen<\/a> Video-R\u00fcckblick (<a href=\"http:\/\/m.wsj.net\/video\/20110824\/sf082411jobsnewintro\/sf082411jobsnewintro_320k.mp4\">Direkt-Link<\/a>) des Walls Street Journals erg\u00e4nzt haben. <\/p>\n<p><video controls=\"controls\" poster=\"http:\/\/m.wsj.net\/video\/20110824\/sf082411jobsnewintro\/sf082411jobsnewintro_512x288.jpg\" width=\"464\" height=\"300\"><source src=\"http:\/\/m.wsj.net\/video\/20110824\/sf082411jobsnewintro\/sf082411jobsnewintro_320k.mp4\" type=\"video\/mp4\" \/><img loading=\"lazy\" decoding=\"async\" alt=\"Steve Jobs Through the Years\" src=\"http:\/\/m.wsj.net\/video\/20110824\/sf082411jobsnewintro\/sf082411jobsnewintro_512x288.jpg\" width=\"464\" height=\"300\" title=\"No video playback capabilities, please download the video below\" \/><\/video><\/p>\n<h3>24. August 2011 &#8211; Brief von Steve Jobs<\/h3>\n<blockquote><p>An den Apple-Aufsichtsrat und die Apple-Gemeinschaft:<\/p>\n<p>Ich habe immer gesagt, dass wenn jemals der Tag kommen sollte, an dem ich nicht l\u00e4nger meine Aufgaben und Erwartungen als CEO von Apple erf\u00fcllen kann, ich der erste w\u00e4re, der Euch das wissen l\u00e4sst. Leider ist dieser Tag gekommen.<\/p>\n<p>Ich trete hiermit als CEO von Apple zur\u00fcck. Ich m\u00f6chte, so der Aufsichtsrat dies f\u00fcr m\u00f6glich h\u00e4lt, als Vorsitzender des Aufsichtsrats, als Aufsichtsratsmitglied und Mitarbeiter von Apple behilflich sein.<\/p>\n<p>Was meinen Nachfolger angeht, empfehle ich mit Nachdruck, dass wir unseren Nachfolgeplan erf\u00fcllen und Tim Cook zum CEO von Apple ernennen.<\/p>\n<p>Ich glaube, dass die besten und innovativsten Tage noch vor Apple liegen. Und ich freue mich darauf, den Erfolg von Apple in einer neuen Rolle zu sehen und dazu beizutragen.<\/p>\n<p>Ich habe bei Apple einige der besten Freunde in meinem Leben gefunden und ich danke Euch allen f\u00fcr die vielen Jahre, die ich neben Euch arbeiten konnte.<\/p><\/blockquote>\n","protected":false},"excerpt":{"rendered":"<a href=\"https:\/\/www.iphone-ticker.de\/steve-jobs-durch-die-jahre-10-minuten-video-ruckblick-offener-brief-auf-deutsch-24292\/\"><img decoding=\"async\" width=\"150\" src=\"http:\/\/m.wsj.net\/video\/20110824\/sf082411jobsnewintro\/sf082411jobsnewintro_512x288.jpg\" class=\"alignright wp-post-image tfe\" alt=\"Steve Jobs Through the Years\" title=\"No video playback capabilities, please download the video below\" \/><\/a><p>Steve Jobs R\u00fccktritt als Apple-Boss (wir berichteten) bestimmt heute die Schlagzeilen. Mittlerweile hat sich auch Apple Deutschland mit einer lokalisierten Ausgabe des offenen Briefes gemeldet, den wir im Anschluss eingebettet und durch diesen Video-R\u00fcckblick (Direkt-Link) des Walls Street Journals erg\u00e4nzt haben. 24. August 2011 &#8211; Brief von Steve Jobs An den Apple-Aufsichtsrat und die Apple-Gemeinschaft: [&hellip;]<\/p>\n","protected":false},"author":1,"featured_media":0,"comment_status":"open","ping_status":"closed","sticky":false,"template":"","format":"standard","meta":{"footnotes":""},"categories":[14],"tags":[3912,8],"class_list":["post-24292","post","type-post","status-publish","format-standard","hentry","category-apple","tag-apple","tag-video"],"aioseo_notices":[],"rest_api_enabler":[],"_links":{"self":[{"href":"https:\/\/www.iphone-ticker.de\/apiv2\/wp\/v2\/posts\/24292","targetHints":{"allow":["GET"]}}],"collection":[{"href":"https:\/\/www.iphone-ticker.de\/apiv2\/wp\/v2\/posts"}],"about":[{"href":"https:\/\/www.iphone-ticker.de\/apiv2\/wp\/v2\/types\/post"}],"author":[{"embeddable":true,"href":"https:\/\/www.iphone-ticker.de\/apiv2\/wp\/v2\/users\/1"}],"replies":[{"embeddable":true,"href":"https:\/\/www.iphone-ticker.de\/apiv2\/wp\/v2\/comments?post=24292"}],"version-history":[{"count":2,"href":"https:\/\/www.iphone-ticker.de\/apiv2\/wp\/v2\/posts\/24292\/revisions"}],"predecessor-version":[{"id":24294,"href":"https:\/\/www.iphone-ticker.de\/apiv2\/wp\/v2\/posts\/24292\/revisions\/24294"}],"wp:attachment":[{"href":"https:\/\/www.iphone-ticker.de\/apiv2\/wp\/v2\/media?parent=24292"}],"wp:term":[{"taxonomy":"category","embeddable":true,"href":"https:\/\/www.iphone-ticker.de\/apiv2\/wp\/v2\/categories?post=24292"},{"taxonomy":"post_tag","embeddable":true,"href":"https:\/\/www.iphone-ticker.de\/apiv2\/wp\/v2\/tags?post=24292"}],"curies":[{"name":"wp","href":"https:\/\/api.w.org\/{rel}","templated":true}]}}