{"id":241967,"date":"2024-09-16T09:44:18","date_gmt":"2024-09-16T07:44:18","guid":{"rendered":"https:\/\/www.iphone-ticker.de\/?p=241967"},"modified":"2024-09-20T19:05:33","modified_gmt":"2024-09-20T17:05:33","slug":"ob-pro-oder-nicht-alle-iphone-16-modelle-mit-8-gb-ram","status":"publish","type":"post","link":"https:\/\/www.iphone-ticker.de\/ob-pro-oder-nicht-alle-iphone-16-modelle-mit-8-gb-ram-241967\/","title":{"rendered":"Ob Pro oder nicht: Alle iPhone-16-Modelle mit 8 GB RAM"},"content":{"rendered":"<p>Apple hat die Standardvarianten des iPhone 16 gegen\u00fcber fr\u00fcheren Generationen deutlich aufgewertet. Im vergangenen Jahr mussten K\u00e4ufer der g\u00fcnstigeren Ger\u00e4te beispielsweise auf die den Pro-Modellen vorbehaltene Aktionstaste verzichten. In diesem Jahr liefert Apple das gew\u00f6hnliche iPhone 16 nicht nur mit der Aktionstaste aus, sondern f\u00fcgt zugleich auch die neu vorgestellte Taste f\u00fcr die Kamerasteuerung sowohl bei den Pro-Modellen des iPhone 16 als auch beim Standard-iPhone-16 und dem iPhone 16 Plus hinzu.<\/p>\n<p>Auch unter der Haube sorgt Apple jetzt f\u00fcr mehr Gleichstellung zwischen den Ger\u00e4ten. Zwar bekommen die Pro-Modelle mit dem A18 Pro weiterhin einen schnelleren Prozessor spendiert, die Standardger\u00e4te m\u00fcssen allerdings nicht mehr mit einer \u00e4lteren Generation vorlieb nehmen, sondern haben mit dem A18 ebenfalls einen brandneuen Prozessor an Bord.<\/p>\n<p>Erstmals stattet Apple auch alle vier neuen iPhone-Modelle mit einheitlich gro\u00dfem Arbeitsspeicher aus. Diese Angabe wird in der Regel zwar nicht offiziell kommuniziert, wurde jedoch von Apples Entwicklungschef Johny Srouji im Interview mit einem chinesischen Tech-Blogger best\u00e4tigt.<\/p>\n<p><div class=\"responsive-video\"><iframe loading=\"lazy\" title=\"\u6211\u4eec\u91c7\u8bbf\u4e86\u82f9\u679c\u82af\u7247\u80cc\u540e\u7684\u7537\u4eba\u2014\u2014Johny Srouji\uff01\" width=\"500\" height=\"281\" src=\"https:\/\/www.youtube-nocookie.com\/embed\/NmsNxBkemp0?feature=oembed\" frameborder=\"0\" allow=\"accelerometer; autoplay; clipboard-write; encrypted-media; gyroscope; picture-in-picture; web-share\" referrerpolicy=\"strict-origin-when-cross-origin\" allowfullscreen><\/iframe><\/div><\/p>\n<p>Die Entscheidung, alle neuen iPhone-Modelle mit 8 Gigabyte RAM auszustatten, sei ma\u00dfgeblich von der geplanten Einf\u00fchrung der neuen Funktion Apple Intelligence beeinflusst worden. Um die beste Nutzererfahrung zu bieten, sei hier eine optimale Balance zwischen Rechenleistung und Speicherbandbreite erforderlich. Nat\u00fcrlich soll der zus\u00e4tzliche Arbeitsspeicher auch in anderen Anwendungsbereichen, etwa beim Gaming deutliche Vorteile bieten.<\/p>\n<p>Die Vorjahresmodelle des gew\u00f6hnlichen iPhone mussten hier noch mit 6 Gigabyte auskommen. Lediglich beim iPhone 15 Pro waren bereits 8 Gigabyte Arbeitsspeicher verbaut.<\/p>\n<h2>\u201eAlways-On\u201c nur bei den Pro-Modellen<\/h2>\n<p>Wenn ihr <a href=\"https:\/\/www.apple.com\/de\/iphone\/compare\/\">Apples iPhone-Vergleichsseite<\/a> aufruft, bekommt ihr zwar nicht die RAM-Ausstattung der Ger\u00e4te, aber alle sonstigen Funktionen und technischen Daten angezeigt. Hier wurde mittlerweile auch ein Fehler beseitigt, der auch bei uns kurzzeitig f\u00fcr Verwirrung gesorgt hat. Apple hatte dort zun\u00e4chst angegeben, dass auch die Standardmodelle des iPhone 16 mit einem \u201eAlways-On Display\u201c ausgestattet sind. Tats\u00e4chlich verf\u00fcgen aber weiterhin nur die beiden Pro-Modelle \u00fcber diese Funktion.<img loading=\"lazy\" decoding=\"async\" src=\"https:\/\/vg09.met.vgwort.de\/na\/b569d13621534d37af5ce7e37333a4dd\" width=\"1\" height=\"1\" no-lazy class=\"tracking\"><\/p>\n","protected":false},"excerpt":{"rendered":"<a href=\"https:\/\/www.iphone-ticker.de\/ob-pro-oder-nicht-alle-iphone-16-modelle-mit-8-gb-ram-241967\/\"><img width=\"150\" height=\"150\" src=\"https:\/\/images.iphone-ticker.de\/wp-content\/uploads\/2024\/09\/john-scruji-interview-feature-150x150.jpg\" class=\"alignright tfe wp-post-image\" alt=\"John Scruji Interview Feature\" decoding=\"async\" loading=\"lazy\" \/><\/a><p>Apple hat die Standardvarianten des iPhone 16 gegen\u00fcber fr\u00fcheren Generationen deutlich aufgewertet. Im vergangenen Jahr mussten K\u00e4ufer der g\u00fcnstigeren Ger\u00e4te beispielsweise auf die den Pro-Modellen vorbehaltene Aktionstaste verzichten. In diesem Jahr liefert Apple das gew\u00f6hnliche iPhone 16 nicht nur mit der Aktionstaste aus, sondern f\u00fcgt zugleich auch die neu vorgestellte Taste f\u00fcr die Kamerasteuerung sowohl [&hellip;]<\/p>\n","protected":false},"author":2,"featured_media":241970,"comment_status":"open","ping_status":"closed","sticky":false,"template":"","format":"standard","meta":{"footnotes":""},"categories":[14,1975],"tags":[3912,344,429],"class_list":["post-241967","post","type-post","status-publish","format-standard","has-post-thumbnail","hentry","category-apple","category-feature","tag-apple","tag-iphone","tag-ram"],"aioseo_notices":[],"subheadline":["Apples Entwicklungschef im Interview"],"featured_image":["https:\/\/images.iphone-ticker.de\/wp-content\/uploads\/2024\/09\/john-scruji-interview-feature.jpg"],"rest_api_enabler":{"subheadline":"Apples Entwicklungschef im Interview","featured_image":"https:\/\/images.iphone-ticker.de\/wp-content\/uploads\/2024\/09\/john-scruji-interview-feature.jpg"},"_links":{"self":[{"href":"https:\/\/www.iphone-ticker.de\/apiv2\/wp\/v2\/posts\/241967","targetHints":{"allow":["GET"]}}],"collection":[{"href":"https:\/\/www.iphone-ticker.de\/apiv2\/wp\/v2\/posts"}],"about":[{"href":"https:\/\/www.iphone-ticker.de\/apiv2\/wp\/v2\/types\/post"}],"author":[{"embeddable":true,"href":"https:\/\/www.iphone-ticker.de\/apiv2\/wp\/v2\/users\/2"}],"replies":[{"embeddable":true,"href":"https:\/\/www.iphone-ticker.de\/apiv2\/wp\/v2\/comments?post=241967"}],"version-history":[{"count":3,"href":"https:\/\/www.iphone-ticker.de\/apiv2\/wp\/v2\/posts\/241967\/revisions"}],"predecessor-version":[{"id":241971,"href":"https:\/\/www.iphone-ticker.de\/apiv2\/wp\/v2\/posts\/241967\/revisions\/241971"}],"wp:featuredmedia":[{"embeddable":true,"href":"https:\/\/www.iphone-ticker.de\/apiv2\/wp\/v2\/media\/241970"}],"wp:attachment":[{"href":"https:\/\/www.iphone-ticker.de\/apiv2\/wp\/v2\/media?parent=241967"}],"wp:term":[{"taxonomy":"category","embeddable":true,"href":"https:\/\/www.iphone-ticker.de\/apiv2\/wp\/v2\/categories?post=241967"},{"taxonomy":"post_tag","embeddable":true,"href":"https:\/\/www.iphone-ticker.de\/apiv2\/wp\/v2\/tags?post=241967"}],"curies":[{"name":"wp","href":"https:\/\/api.w.org\/{rel}","templated":true}]}}