{"id":241927,"date":"2024-09-13T17:42:51","date_gmt":"2024-09-13T15:42:51","guid":{"rendered":"https:\/\/www.iphone-ticker.de\/?p=241927"},"modified":"2024-09-13T17:46:45","modified_gmt":"2024-09-13T15:46:45","slug":"powerconf-s500-konferenzlautsprecher-am-mac-freispreche-am-iphone","status":"publish","type":"post","link":"https:\/\/www.iphone-ticker.de\/powerconf-s500-konferenzlautsprecher-am-mac-freispreche-am-iphone-241927\/","title":{"rendered":"PowerConf S500: Freispreche am iPhone, Konferenzlautsprecher am Mac"},"content":{"rendered":"<p class=\"p1\">Wer im Verein, in der Uni oder im Unternehmen schon mal die digitale \u00dcbertragung von Gruppengespr\u00e4chen angeboten hat, der wei\u00df, wie schwierig es ist, Zoom-Meetings und lokale Pr\u00e4senztreffen miteinander zu verbinden.<\/p>\n<p><a href=\"https:\/\/images.iphone-ticker.de\/wp-content\/uploads\/2024\/09\/powerconf-s500-app-scaled.jpg\"><img loading=\"lazy\" decoding=\"async\" class=\"aligncenter size-medium wp-image-241933\" src=\"https:\/\/images.iphone-ticker.de\/wp-content\/uploads\/2024\/09\/powerconf-s500-app-500x500.jpg\" alt=\"Powerconf S500 App\" width=\"500\" height=\"500\" srcset=\"https:\/\/images.iphone-ticker.de\/wp-content\/uploads\/2024\/09\/powerconf-s500-app-500x500.jpg 500w, https:\/\/images.iphone-ticker.de\/wp-content\/uploads\/2024\/09\/powerconf-s500-app-700x700.jpg 700w, https:\/\/images.iphone-ticker.de\/wp-content\/uploads\/2024\/09\/powerconf-s500-app-150x150.jpg 150w, https:\/\/images.iphone-ticker.de\/wp-content\/uploads\/2024\/09\/powerconf-s500-app-1536x1536.jpg 1536w, https:\/\/images.iphone-ticker.de\/wp-content\/uploads\/2024\/09\/powerconf-s500-app-2048x2048.jpg 2048w\" sizes=\"auto, (max-width: 500px) 100vw, 500px\" \/><\/a><\/p>\n<h6>Hand aufs Herz: Die App braucht man nicht &#8211; die Tasten am Ger\u00e4t regeln alles<\/h6>\n<h2>Vier Mikrofone f\u00fcr viele Stimmen<\/h2>\n<p class=\"p1\">Sitzen alle Teilnehmer vor ihren Rechnern, l\u00e4sst sich das Zoom-Meeting ohne gr\u00f6\u00dfere Probleme durchf\u00fchren. Befindet sich jedoch ein Gro\u00dfteil der Teilnehmer im Clubraum, im Klassenzimmer oder im Vereinsheim, ist das Zuschalten zus\u00e4tzlicher digitaler Teilnehmer eine Herausforderung.<\/p>\n<p class=\"p1\">Zum einen ben\u00f6tigt man hier eine Kamera, die alle Teilnehmer einf\u00e4ngt und am besten eine totale Ansicht der Besprechung f\u00fcr die zu Hause Gebliebenen bietet. Wichtiger noch als das Sehen ist jedoch, die Sitzungsteilnehmer und deren Meinungen und Vorschl\u00e4ge auch zu verstehen.<\/p>\n<p class=\"p1\">Das Mikrofon der vorhandenen Kamera reicht daf\u00fcr in den wenigsten F\u00e4llen aus, vor allem dann nicht, wenn es zu hitzigen Debatten oder einem lauteren Schlagabtausch unter den teilnehmenden Sitzungsteilnehmern kommen sollte. Genau hier gl\u00e4nzen spezialisierte <a rel=\"noindex, nofollow\" href=\"http:\/\/www.ifun.de\/amzn\/B08W24YDSC\">Konferenzl\u00f6sungen wie die PowerConf S500<\/a>.<\/p>\n<p class=\"p1\"><a href=\"https:\/\/images.iphone-ticker.de\/wp-content\/uploads\/2024\/09\/schreibtisch.jpg\"><img loading=\"lazy\" decoding=\"async\" class=\"aligncenter size-large wp-image-241929\" src=\"https:\/\/images.iphone-ticker.de\/wp-content\/uploads\/2024\/09\/schreibtisch-700x467.jpg\" alt=\"Schreibtisch\" width=\"700\" height=\"467\" srcset=\"https:\/\/images.iphone-ticker.de\/wp-content\/uploads\/2024\/09\/schreibtisch-700x467.jpg 700w, https:\/\/images.iphone-ticker.de\/wp-content\/uploads\/2024\/09\/schreibtisch-500x333.jpg 500w, https:\/\/images.iphone-ticker.de\/wp-content\/uploads\/2024\/09\/schreibtisch-1536x1024.jpg 1536w, https:\/\/images.iphone-ticker.de\/wp-content\/uploads\/2024\/09\/schreibtisch.jpg 2000w\" sizes=\"auto, (max-width: 700px) 100vw, 700px\" \/><\/a><\/p>\n<h2>An Mac und iPhone nutzbar<\/h2>\n<p class=\"p1\">Diese l\u00e4sst sich sowohl am Mac nutzen und kann hier bei Zoom-Konferenzen gl\u00e4nzen, ist aber auch als Freisprechl\u00f6sung am iPhone einsetzbar &#8211; mit einem deutlich besseren und deutlich lauteren Klang , einem Stummschalter, Lautst\u00e4rketasten, einer Ger\u00e4uschunterdr\u00fcckung und einer Play\/Pause-Taste.<\/p>\n<p class=\"p1\">Der PowerConf S500 von Anker erf\u00fcllt zwei Kernaufgaben: Zum einen bietet der handtellergro\u00dfe Speaker einen Konferenzlautsprecher, der den Ton der entfernten Gespr\u00e4chsparner verst\u00e4ndlich an die Konferenzteilnehmer vor Ort \u00fcbermittelt. Zum anderen verf\u00fcgt der portable Lautsprecher \u00fcber eine integrierte 360-Grad-Mikrofonl\u00f6sung, die in der Mitte der Meeting-Teilnehmer aufgestellt wird, um alle Wortmeldungen zu empfangen und mit maximaler Verst\u00e4ndlichkeit und minimaler Latenz zu \u00fcbertragen.<\/p>\n<p class=\"p1\">Der PowerConf S500 versteht sich dabei als durch und durch portables Ger\u00e4t, das \u00fcber einen Akku verf\u00fcgt und so nicht auf eine Kabelverbindung angewiesen ist &#8211; praktisch wenn dieser in der Mitte gr\u00f6\u00dferer R\u00e4ume zum Einsatz kommt.<\/p>\n<p><a href=\"https:\/\/images.iphone-ticker.de\/wp-content\/uploads\/2024\/09\/iphone-powerconf.jpg\"><img loading=\"lazy\" decoding=\"async\" class=\"aligncenter size-large wp-image-241931\" src=\"https:\/\/images.iphone-ticker.de\/wp-content\/uploads\/2024\/09\/iphone-powerconf-700x467.jpg\" alt=\"Iphone Powerconf\" width=\"700\" height=\"467\" srcset=\"https:\/\/images.iphone-ticker.de\/wp-content\/uploads\/2024\/09\/iphone-powerconf-700x467.jpg 700w, https:\/\/images.iphone-ticker.de\/wp-content\/uploads\/2024\/09\/iphone-powerconf-500x333.jpg 500w, https:\/\/images.iphone-ticker.de\/wp-content\/uploads\/2024\/09\/iphone-powerconf-1536x1024.jpg 1536w, https:\/\/images.iphone-ticker.de\/wp-content\/uploads\/2024\/09\/iphone-powerconf.jpg 2000w\" sizes=\"auto, (max-width: 700px) 100vw, 700px\" \/><\/a><\/p>\n<h2>Drei Anschluss-Optionen verf\u00fcgbar<\/h2>\n<p class=\"p1\">Mit Mac oder PC l\u00e4sst sich das Ger\u00e4t wahlweise per Bluetooth, \u00fcber das im Lieferumfang beiliegende Dongle oder per konventioneller USB-C-Strippe verbinden.<\/p>\n<p><a href=\"https:\/\/images.iphone-ticker.de\/wp-content\/uploads\/2024\/09\/anschlussoptionen.jpg\"><img loading=\"lazy\" decoding=\"async\" src=\"https:\/\/images.iphone-ticker.de\/wp-content\/uploads\/2024\/09\/anschlussoptionen-700x401.jpg\" alt=\"Anschlussoptionen\" width=\"700\" height=\"401\" class=\"aligncenter size-large wp-image-241938\" srcset=\"https:\/\/images.iphone-ticker.de\/wp-content\/uploads\/2024\/09\/anschlussoptionen-700x401.jpg 700w, https:\/\/images.iphone-ticker.de\/wp-content\/uploads\/2024\/09\/anschlussoptionen-500x286.jpg 500w, https:\/\/images.iphone-ticker.de\/wp-content\/uploads\/2024\/09\/anschlussoptionen.jpg 857w\" sizes=\"auto, (max-width: 700px) 100vw, 700px\" \/><\/a><\/p>\n<p class=\"p1\">Den Dongle beherbergt die PowerConf S500 dabei direkt unten im Ger\u00e4t. Wer etwas quetscht, kann ein passendes Kabel in die beiliegende Transporttasche stecken. Das Ger\u00e4t selbst verf\u00fcgt \u00fcber vier Hardware-Tasten an seiner Front sowie vier zus\u00e4tzliche Soft-Touch-Buttons, mit denen sich die Lautst\u00e4rke ver\u00e4ndern, das Mikrofon stummschalten und ein eigener Anruf annehmen l\u00e4sst.<\/p>\n<p class=\"p1\">Wissenswertes au\u00dferdem: Wer in besonders gro\u00dfen Konferenzr\u00e4umen arbeitet, kann zwei S500 miteinander verbinden und diese auch gekoppelt betreiben. In dieser Konstellation muss eines der beiden Ger\u00e4te allerdings per Kabel mit dem Mac verbunden sein.<\/p>\n<p><a href=\"https:\/\/images.iphone-ticker.de\/wp-content\/uploads\/2024\/09\/dongle-anschluss.jpg\"><img loading=\"lazy\" decoding=\"async\" class=\"aligncenter size-large wp-image-241932\" src=\"https:\/\/images.iphone-ticker.de\/wp-content\/uploads\/2024\/09\/dongle-anschluss-700x467.jpg\" alt=\"Dongle Anschluss\" width=\"700\" height=\"467\" srcset=\"https:\/\/images.iphone-ticker.de\/wp-content\/uploads\/2024\/09\/dongle-anschluss-700x467.jpg 700w, https:\/\/images.iphone-ticker.de\/wp-content\/uploads\/2024\/09\/dongle-anschluss-500x333.jpg 500w, https:\/\/images.iphone-ticker.de\/wp-content\/uploads\/2024\/09\/dongle-anschluss-1536x1024.jpg 1536w, https:\/\/images.iphone-ticker.de\/wp-content\/uploads\/2024\/09\/dongle-anschluss.jpg 2000w\" sizes=\"auto, (max-width: 700px) 100vw, 700px\" \/><\/a><\/p>\n<p class=\"p1\">Am Mac angeschlossen (per Kabel oder Bluetooth), l\u00e4sst sich die PowerConf als regul\u00e4res Mikrofon f\u00fcr Zoom, Google Meet und \u00e4hnliche Konferenzapplikationen konfigurieren und k\u00fcmmert sich dann weitgehend selbstst\u00e4ndig um die Erfassung der sprechenden Diskussionsteilnehmer. Ein farbiger LED-Streifen auf der Ger\u00e4teoberseite reagiert auf Lautst\u00e4rke\u00e4nderungen und informiert \u00fcber eine aktive Sturmschaltung.<\/p>\n<p class=\"p1\">Das S500 macht dabei einen guten Job, unterschiedliche Pegel aneinander anzupassen und verf\u00fcgt \u00fcber eine bidirektionale Ger\u00e4uschunterdr\u00fcckung, die Schritte auf dem Fu\u00dfboden, das Rascheln von Hemds\u00e4rmeln auf dem Tisch und den im Hintergrund laufenden L\u00fcfter akustisch nahezu verschwinden l\u00e4sst.<\/p>\n<p><video poster=\"\" preload=\"auto\" controls=\"controls\" width=\"100%\" ><source src=\"https:\/\/c.media-amazon.com\/images\/S\/vse-vms-transcoding-artifact-eu-west-1-prod\/7e2093a4-8561-4d4e-9e48-e3d267020514\/default.jobtemplate.mp4.480.mp4#t=0.01\" \/><\/video><\/p>\n<p class=\"p1\">Einmal voll aufgeladen, kommt die PowerConf auf eine Einsatzzeit von bis zu 16 Stunden. Und wie gesagt: Wird das Ger\u00e4t nicht in Betrieb oder im Verein ben\u00f6tigt, l\u00e4sst sich die PowerConf S500 auch als konventionelle Freisprecheinrichtung f\u00fcr das eigene Arbeitszimmer nutzen. Wer m\u00f6chte, kann hier eine direkte Bluetooth-Verbindung aufbauen und eingehende Gespr\u00e4che annehmen. Damit wird die S500 au\u00dferhalb ihres Kerneinsatzgebiets nicht zum nutzlosen Briefbeschwerer, sondern macht sich auch dann noch bezahlt, wenn die viertelj\u00e4hrlichen Vereinssitzungen gerade mal wieder beendet wurden.<\/p>\n<p>In den Markt eingef\u00fchrt wurde das Ger\u00e4t mit einem Verkaufspreis von 249 Euro, der 20-Prozent-Coupon und der 22-Prozent-Preisnachlass auf Amazon reduzieren den Verkaufspreis aktuell auf nur noch 157 Euro.<\/p>\n<script>\r\n  function open_amazon(link) {\r\n    if (navigator.userAgent.indexOf(\"Firefox\") != -1) {\r\n      window.open(link, '_blank');\r\n    } else {\r\n      var tag = document.createElement('a');\r\n      tag.setAttribute('href', link);\r\n      tag.innerHTML = \"amzn\";\r\n      tag.click();\r\n    }\r\n  }\r\n<\/script>\r\n    <div id=\"article-single-amazon-preview\" onclick=\"return open_amazon('https:\/\/www.amazon.de\/dp\/B08W24YDSC?tag=musicweb02&linkCode=ogi&th=1&psc=1');\">\n  <div id=\"article-single-amazon-preview-header\">\n    <span class=\"title\">Produkthinweis<\/span>\n      <\/div>\n  <div id=\"article-single-amazon-preview-content\">\n    <div id=\"article-single-amazon-preview-img\" style=\"background: url('https:\/\/m.media-amazon.com\/images\/I\/41ZRDAMK5nL.jpg') center center no-repeat; background-size: cover;\"><\/div>\n    <div id=\"article-single-amazon-preview-desc\">\n      <span class=\"bezeichnung\"><a href=\"https:\/\/www.amazon.de\/dp\/B08W24YDSC?tag=musicweb02&linkCode=ogi&th=1&psc=1\" style=\"text-decoration: none; border-bottom: 0px; box-shadow: none;\">Anker PowerConf S500 Conference Speaker with Zoom Certification, USB-C Bluetooth Speaker for Calls, Conferences, Calls...<\/a><\/span>\n      <span class=\"preis--aktuell\">156,79 EUR<\/span>\n      <span class=\"preis--alt\"><\/span>\n    <\/div>\n  <\/div>\n<\/div>\n<p><video poster=\"\" preload=\"auto\" controls=\"controls\" width=\"100%\" ><source src=\"https:\/\/c.media-amazon.com\/images\/S\/aplus-media\/sc\/b581f030-98ab-4deb-8d6a-23d167c64703.mp4#t=0.01\" \/><\/video><\/p>\n<p><img loading=\"lazy\" decoding=\"async\" src=\"https:\/\/vg05.met.vgwort.de\/na\/42247f933833426ba3ef16ba0ee5afb3\" width=\"1\" height=\"1\" no-lazy class=\"tracking\"><\/p>\n","protected":false},"excerpt":{"rendered":"<a href=\"https:\/\/www.iphone-ticker.de\/powerconf-s500-konferenzlautsprecher-am-mac-freispreche-am-iphone-241927\/\"><img width=\"150\" height=\"150\" src=\"https:\/\/images.iphone-ticker.de\/wp-content\/uploads\/2024\/09\/powerconf-s500-app-150x150.jpg\" class=\"alignright tfe wp-post-image\" alt=\"Powerconf S500 App\" decoding=\"async\" loading=\"lazy\" srcset=\"https:\/\/images.iphone-ticker.de\/wp-content\/uploads\/2024\/09\/powerconf-s500-app-150x150.jpg 150w, https:\/\/images.iphone-ticker.de\/wp-content\/uploads\/2024\/09\/powerconf-s500-app-500x500.jpg 500w, https:\/\/images.iphone-ticker.de\/wp-content\/uploads\/2024\/09\/powerconf-s500-app-700x700.jpg 700w, https:\/\/images.iphone-ticker.de\/wp-content\/uploads\/2024\/09\/powerconf-s500-app-1536x1536.jpg 1536w, https:\/\/images.iphone-ticker.de\/wp-content\/uploads\/2024\/09\/powerconf-s500-app-2048x2048.jpg 2048w\" sizes=\"auto, (max-width: 150px) 100vw, 150px\" \/><\/a><p>Wer im Verein, in der Uni oder im Unternehmen schon mal die digitale \u00dcbertragung von Gruppengespr\u00e4chen angeboten hat, der wei\u00df, wie schwierig es ist, Zoom-Meetings und lokale Pr\u00e4senztreffen miteinander zu verbinden. Hand aufs Herz: Die App braucht man nicht &#8211; die Tasten am Ger\u00e4t regeln alles Vier Mikrofone f\u00fcr viele Stimmen Sitzen alle Teilnehmer vor [&hellip;]<\/p>\n","protected":false},"author":1,"featured_media":241933,"comment_status":"open","ping_status":"closed","sticky":false,"template":"","format":"standard","meta":{"footnotes":""},"categories":[1],"tags":[2357,997,313,515,6910],"class_list":["post-241927","post","type-post","status-publish","format-standard","has-post-thumbnail","hentry","category-news","tag-anker","tag-freisprechanlage","tag-konferenz","tag-lautsprecher","tag-powerconf-s500"],"aioseo_notices":[],"featured_image":["https:\/\/images.iphone-ticker.de\/wp-content\/uploads\/2024\/09\/powerconf-s500.jpg"],"subheadline":["Vier Mikrofone f\u00fcr viele Stimmen"],"rest_api_enabler":{"featured_image":"https:\/\/images.iphone-ticker.de\/wp-content\/uploads\/2024\/09\/powerconf-s500.jpg","subheadline":"Vier Mikrofone f\u00fcr viele Stimmen"},"_links":{"self":[{"href":"https:\/\/www.iphone-ticker.de\/apiv2\/wp\/v2\/posts\/241927","targetHints":{"allow":["GET"]}}],"collection":[{"href":"https:\/\/www.iphone-ticker.de\/apiv2\/wp\/v2\/posts"}],"about":[{"href":"https:\/\/www.iphone-ticker.de\/apiv2\/wp\/v2\/types\/post"}],"author":[{"embeddable":true,"href":"https:\/\/www.iphone-ticker.de\/apiv2\/wp\/v2\/users\/1"}],"replies":[{"embeddable":true,"href":"https:\/\/www.iphone-ticker.de\/apiv2\/wp\/v2\/comments?post=241927"}],"version-history":[{"count":4,"href":"https:\/\/www.iphone-ticker.de\/apiv2\/wp\/v2\/posts\/241927\/revisions"}],"predecessor-version":[{"id":241941,"href":"https:\/\/www.iphone-ticker.de\/apiv2\/wp\/v2\/posts\/241927\/revisions\/241941"}],"wp:featuredmedia":[{"embeddable":true,"href":"https:\/\/www.iphone-ticker.de\/apiv2\/wp\/v2\/media\/241933"}],"wp:attachment":[{"href":"https:\/\/www.iphone-ticker.de\/apiv2\/wp\/v2\/media?parent=241927"}],"wp:term":[{"taxonomy":"category","embeddable":true,"href":"https:\/\/www.iphone-ticker.de\/apiv2\/wp\/v2\/categories?post=241927"},{"taxonomy":"post_tag","embeddable":true,"href":"https:\/\/www.iphone-ticker.de\/apiv2\/wp\/v2\/tags?post=241927"}],"curies":[{"name":"wp","href":"https:\/\/api.w.org\/{rel}","templated":true}]}}