{"id":241826,"date":"2024-09-12T15:32:34","date_gmt":"2024-09-12T13:32:34","guid":{"rendered":"https:\/\/www.iphone-ticker.de\/?p=241826"},"modified":"2024-09-19T20:24:40","modified_gmt":"2024-09-19T18:24:40","slug":"iphone-umfrage-2024-die-beliebtesten-modelle-farben-und-speicher","status":"publish","type":"post","link":"https:\/\/www.iphone-ticker.de\/iphone-umfrage-2024-die-beliebtesten-modelle-farben-und-speicher-241826\/","title":{"rendered":"iPhone-Umfrage 2024: Die beliebtesten Modelle, Farben und Speicher"},"content":{"rendered":"<p class=\"p1\">Knapp 24 Stunden nach dem <a href=\"https:\/\/www.iphone-ticker.de\/iphone-umfrage-2024-welches-iphone-16-modell-waehlt-ihr-241712\/\">Start unserer j\u00e4hrlichen iPhone-Umfrage<\/a> k\u00f6nnen wir euch nun, kurz vor dem offiziellen Vorverkaufsstart der neuen iPhone-16-Familie, das Kaufverhalten der Community pr\u00e4sentieren. Zahlen, die euch vielleicht dabei helfen k\u00f6nnen, die Nachfrage nach den neuen Modellen im Apple Online Store und auf amazon.de besser einzusch\u00e4tzen, Trends zu erkennen und diese mit den eigenen Pr\u00e4ferenzen abzugleichen.<\/p>\n<p><a href=\"https:\/\/images.iphone-ticker.de\/wp-content\/uploads\/2024\/09\/Kaufinteresse-2024.png\"><img loading=\"lazy\" decoding=\"async\" class=\"aligncenter size-medium wp-image-241827\" src=\"https:\/\/images.iphone-ticker.de\/wp-content\/uploads\/2024\/09\/Kaufinteresse-2024-500x374.png\" alt=\"Kaufinteresse 2024\" width=\"500\" height=\"374\" srcset=\"https:\/\/images.iphone-ticker.de\/wp-content\/uploads\/2024\/09\/Kaufinteresse-2024-500x374.png 500w, https:\/\/images.iphone-ticker.de\/wp-content\/uploads\/2024\/09\/Kaufinteresse-2024-700x523.png 700w, https:\/\/images.iphone-ticker.de\/wp-content\/uploads\/2024\/09\/Kaufinteresse-2024.png 1258w\" sizes=\"auto, (max-width: 500px) 100vw, 500px\" \/><\/a><\/p>\n<h2 class=\"p1\">Nachfrage eher zur\u00fcckhaltend<\/h2>\n<p class=\"p1\">Besonders auff\u00e4llig: Von den knapp 9.000 Teilnehmenden haben sich in diesem Jahr wieder 43 Prozent gegen einen Kauf entschieden. Zum Vergleich: Bei der iPhone-15-Umfrage gab nur knapp ein Drittel (30 Prozent) an, nicht zugreifen zu wollen. Mit 43 Prozent liegen wir in diesem Jahr fast schon wieder auf dem Niveau des iPhone 13, damals im Herbst 2021 gaben 46 Prozent an, keine Kaufpl\u00e4ne zu haben.<\/p>\n<p class=\"p1\">Unter den Kaufwilligen haben sich die meisten f\u00fcr ein iPhone 16 Pro (28 Prozent) oder ein iPhone 16 Pro Max (21 Prozent) entschieden. Die Standardmodelle, das iPhone 16 und das iPhone 16 Plus, erreichen zusammen nur etwa acht Prozent.<\/p>\n<h2 class=\"p1\">Bevorzugte Modelle, Farben und Speichergr\u00f6\u00dfen<\/h2>\n<p class=\"p1\">Hier sind die bevorzugten Varianten:<\/p>\n<ul>\n<li class=\"p3\">iPhone 16 mit 128 GB in Schwarz: von 22,9 % der iPhone-K\u00e4ufer bevorzugt.<\/li>\n<li class=\"p3\">iPhone 16 Plus mit 128 GB in Schwarz: von 19,4 % der Plus-K\u00e4ufer favorisiert.<\/li>\n<li class=\"p3\">iPhone 16 Pro mit 256 GB in Titan Natur bzw. Schwarz: von je 21 % der Pro-K\u00e4ufer gew\u00e4hlt.<\/li>\n<li class=\"p3\">iPhone 16 Pro Max mit 256 GB in Titan Natur: von 23,5 % der Pro-Max-K\u00e4ufer pr\u00e4feriert.<\/li>\n<\/ul>\n<h2>iPhone 16 Pro und iPhone 16 Pro Max<\/h2>\n<p class=\"p1\">Bei den Pro-Modellen bevorzugen fast 60 Prozent der K\u00e4ufer eine Variante mit 256 GB Speicher, wobei die Farben Titan Natur und Titan Schwarz dominieren.<\/p>\n<p class=\"p1\"><a href=\"https:\/\/images.iphone-ticker.de\/wp-content\/uploads\/2024\/09\/pro-promax.jpg\"><img loading=\"lazy\" decoding=\"async\" class=\"aligncenter size-full wp-image-241828\" src=\"https:\/\/images.iphone-ticker.de\/wp-content\/uploads\/2024\/09\/pro-promax.jpg\" alt=\"Pro Promax\" width=\"1928\" height=\"1801\" srcset=\"https:\/\/images.iphone-ticker.de\/wp-content\/uploads\/2024\/09\/pro-promax.jpg 1928w, https:\/\/images.iphone-ticker.de\/wp-content\/uploads\/2024\/09\/pro-promax-500x467.jpg 500w, https:\/\/images.iphone-ticker.de\/wp-content\/uploads\/2024\/09\/pro-promax-700x654.jpg 700w, https:\/\/images.iphone-ticker.de\/wp-content\/uploads\/2024\/09\/pro-promax-1536x1435.jpg 1536w\" sizes=\"auto, (max-width: 1928px) 100vw, 1928px\" \/><\/a><\/p>\n<h2>iPhone 16 und iPhone 16 Plus<\/h2>\n<p class=\"p1\">Auch bei den regul\u00e4ren Modellen bleibt das iPhone 16 mit 128 GB am beliebtesten, insbesondere in Marinblau und Schwarz.<\/p>\n<p><a href=\"https:\/\/images.iphone-ticker.de\/wp-content\/uploads\/2024\/09\/iphone-16-iphone-16-plus.jpg\"><img loading=\"lazy\" decoding=\"async\" class=\"aligncenter size-full wp-image-241829\" src=\"https:\/\/images.iphone-ticker.de\/wp-content\/uploads\/2024\/09\/iphone-16-iphone-16-plus.jpg\" alt=\"Iphone 16 Iphone 16 Plus\" width=\"1928\" height=\"1801\" srcset=\"https:\/\/images.iphone-ticker.de\/wp-content\/uploads\/2024\/09\/iphone-16-iphone-16-plus.jpg 1928w, https:\/\/images.iphone-ticker.de\/wp-content\/uploads\/2024\/09\/iphone-16-iphone-16-plus-500x467.jpg 500w, https:\/\/images.iphone-ticker.de\/wp-content\/uploads\/2024\/09\/iphone-16-iphone-16-plus-700x654.jpg 700w, https:\/\/images.iphone-ticker.de\/wp-content\/uploads\/2024\/09\/iphone-16-iphone-16-plus-1536x1435.jpg 1536w\" sizes=\"auto, (max-width: 1928px) 100vw, 1928px\" \/><\/a><\/p>\n<p><img loading=\"lazy\" decoding=\"async\" src=\"https:\/\/vg05.met.vgwort.de\/na\/e99e53ec90ec4e1eb388dca3ddf44b29\" width=\"1\" height=\"1\" no-lazy class=\"tracking\"><\/p>\n","protected":false},"excerpt":{"rendered":"<a href=\"https:\/\/www.iphone-ticker.de\/iphone-umfrage-2024-die-beliebtesten-modelle-farben-und-speicher-241826\/\"><img width=\"150\" height=\"150\" src=\"https:\/\/images.iphone-ticker.de\/wp-content\/uploads\/2024\/09\/iphone-16-umfrage-150x150.jpg\" class=\"alignright tfe wp-post-image\" alt=\"Iphone 16 Umfrage\" decoding=\"async\" loading=\"lazy\" \/><\/a><p>Knapp 24 Stunden nach dem Start unserer j\u00e4hrlichen iPhone-Umfrage k\u00f6nnen wir euch nun, kurz vor dem offiziellen Vorverkaufsstart der neuen iPhone-16-Familie, das Kaufverhalten der Community pr\u00e4sentieren. Zahlen, die euch vielleicht dabei helfen k\u00f6nnen, die Nachfrage nach den neuen Modellen im Apple Online Store und auf amazon.de besser einzusch\u00e4tzen, Trends zu erkennen und diese mit den [&hellip;]<\/p>\n","protected":false},"author":1,"featured_media":241830,"comment_status":"open","ping_status":"closed","sticky":false,"template":"","format":"standard","meta":{"footnotes":""},"categories":[1,1975],"tags":[6332,49],"class_list":["post-241826","post","type-post","status-publish","format-standard","has-post-thumbnail","hentry","category-news","category-feature","tag-iphone-16","tag-zahlen"],"aioseo_notices":[],"subheadline":["43 Prozent planen keinen Kauf"],"featured_image":["https:\/\/images.iphone-ticker.de\/wp-content\/uploads\/2024\/09\/iphone-16-umfrage.jpg"],"rest_api_enabler":{"subheadline":"43 Prozent planen keinen Kauf","featured_image":"https:\/\/images.iphone-ticker.de\/wp-content\/uploads\/2024\/09\/iphone-16-umfrage.jpg"},"_links":{"self":[{"href":"https:\/\/www.iphone-ticker.de\/apiv2\/wp\/v2\/posts\/241826","targetHints":{"allow":["GET"]}}],"collection":[{"href":"https:\/\/www.iphone-ticker.de\/apiv2\/wp\/v2\/posts"}],"about":[{"href":"https:\/\/www.iphone-ticker.de\/apiv2\/wp\/v2\/types\/post"}],"author":[{"embeddable":true,"href":"https:\/\/www.iphone-ticker.de\/apiv2\/wp\/v2\/users\/1"}],"replies":[{"embeddable":true,"href":"https:\/\/www.iphone-ticker.de\/apiv2\/wp\/v2\/comments?post=241826"}],"version-history":[{"count":5,"href":"https:\/\/www.iphone-ticker.de\/apiv2\/wp\/v2\/posts\/241826\/revisions"}],"predecessor-version":[{"id":241874,"href":"https:\/\/www.iphone-ticker.de\/apiv2\/wp\/v2\/posts\/241826\/revisions\/241874"}],"wp:featuredmedia":[{"embeddable":true,"href":"https:\/\/www.iphone-ticker.de\/apiv2\/wp\/v2\/media\/241830"}],"wp:attachment":[{"href":"https:\/\/www.iphone-ticker.de\/apiv2\/wp\/v2\/media?parent=241826"}],"wp:term":[{"taxonomy":"category","embeddable":true,"href":"https:\/\/www.iphone-ticker.de\/apiv2\/wp\/v2\/categories?post=241826"},{"taxonomy":"post_tag","embeddable":true,"href":"https:\/\/www.iphone-ticker.de\/apiv2\/wp\/v2\/tags?post=241826"}],"curies":[{"name":"wp","href":"https:\/\/api.w.org\/{rel}","templated":true}]}}