{"id":241680,"date":"2024-09-10T14:52:50","date_gmt":"2024-09-10T12:52:50","guid":{"rendered":"https:\/\/www.iphone-ticker.de\/?p=241680"},"modified":"2024-09-10T14:55:01","modified_gmt":"2024-09-10T12:55:01","slug":"airpods-pro-2-werden-zu-hoergeraeten-im-herbst-per-software-update","status":"publish","type":"post","link":"https:\/\/www.iphone-ticker.de\/airpods-pro-2-werden-zu-hoergeraeten-im-herbst-per-software-update-241680\/","title":{"rendered":"AirPods Pro 2 werden zu H\u00f6rger\u00e4ten: Im Herbst per Software-Update"},"content":{"rendered":"<p>Schon seit einigen Jahren l\u00e4sst sich dabei zuschauen, wie Apple seine <a rel=\"noindex, nofollow\" href=\"http:\/\/www.ifun.de\/amzn\/B0CHWZ9TZS\">AirPods Pro<\/a> immer st\u00e4rker auch an die Bed\u00fcrfnisse von Anwendern anpasst, die sich im Alltag mit eingeschr\u00e4nkten H\u00f6rf\u00e4higkeiten zurechtfinden m\u00fcssen.<\/p>\n<p><a href=\"https:\/\/images.iphone-ticker.de\/wp-content\/uploads\/2021\/05\/hoertest.jpeg\"><img loading=\"lazy\" decoding=\"async\" class=\"aligncenter size-medium wp-image-174184\" src=\"https:\/\/images.iphone-ticker.de\/wp-content\/uploads\/2021\/05\/hoertest-500x369.jpeg\" alt=\"Hoertest\" width=\"500\" height=\"369\" srcset=\"https:\/\/images.iphone-ticker.de\/wp-content\/uploads\/2021\/05\/hoertest-500x369.jpeg 500w, https:\/\/images.iphone-ticker.de\/wp-content\/uploads\/2021\/05\/hoertest-700x517.jpeg 700w, https:\/\/images.iphone-ticker.de\/wp-content\/uploads\/2021\/05\/hoertest.jpeg 1125w\" sizes=\"auto, (max-width: 500px) 100vw, 500px\" \/><\/a><\/p>\n<h6>Ein Audiogramm in Apples Health-App<\/h6>\n<p>Im Zuge des Welttags des H\u00f6rens haben wir auf die bereits verf\u00fcgbaren H\u00f6rhilfefunktionen der Bluetooth-Ohrh\u00f6rer von Apple <a href=\"https:\/\/www.iphone-ticker.de\/zum-tag-des-hoerens-konversationsverstaerkung-live-mithoeren-co-208439\/\">aufmerksam gemacht<\/a>. Schon jetzt k\u00f6nnen Anwender Funktionen wie \u201eLive Mith\u00f6ren\u201c und die \u201eKonversationsverst\u00e4rkung\u201c nutzen, die beide darauf ausgerichtet sind, Menschen mit leichten H\u00f6rbeeintr\u00e4chtigungen zu unterst\u00fctzen und die Kommunikation im Alltag zu erleichtern.<\/p>\n<h2>AirPods Pro 2 werden zu H\u00f6rger\u00e4ten<\/h2>\n<p>Noch in diesem Jahr wird Apple die AirPods Pro 2 zu nahezu vollwertigen H\u00f6rger\u00e4ten ausbauen, dies hat Apple im Rahmen der iPhone-16-Pr\u00e4sentation bekanntgegeben und d\u00fcrfte damit die preiswerteste H\u00f6rhilfe mit offizieller Zulassung \u00fcberhaupt anbieten. <\/p>\n<p>Die neuen Funktionen ur H\u00f6rgesundheit sollen noch im Herbst durch ein Software-Update verf\u00fcgbar gemacht werden und sind speziell darauf ausgelegt, Anwender mit H\u00f6reinschr\u00e4nkungen zu unterst\u00fctzen, die bislang noch nicht mit konventionellen H\u00f6rger\u00e4ten versorgt wurden.<\/p>\n<p><div class=\"responsive-video\"><iframe loading=\"lazy\" title=\"Hearing Aid feature for AirPods Pro 2 | Apple\" width=\"500\" height=\"281\" src=\"https:\/\/www.youtube-nocookie.com\/embed\/dOuNLS1elWs?feature=oembed\" frameborder=\"0\" allow=\"accelerometer; autoplay; clipboard-write; encrypted-media; gyroscope; picture-in-picture; web-share\" referrerpolicy=\"strict-origin-when-cross-origin\" allowfullscreen><\/iframe><\/div><\/p>\n<h2>Aktiv gegen L\u00e4rmbelastungen<\/h2>\n<p>Das Update richtet sich vor allem an Menschen mit leichtem bis mittlerem H\u00f6rverlust. Zentrales Merkmal der neuen Funktionen ist der Schutz vor L\u00e4rmbelastung. Laut Apple sind viele Menschen regelm\u00e4\u00dfig Umgebungen ausgesetzt, in denen L\u00e4rmpegel auftreten, die das Geh\u00f6r beeintr\u00e4chtigen k\u00f6nnen. Um dies zu verhindern, wird in den AirPods Pro 2 eine Technologie zur aktiven Ger\u00e4uschreduzierung integriert.<\/p>\n<p>Diese Technologie soll st\u00f6rende Ger\u00e4usche 48.000 Mal pro Sekunde filtern, ohne dabei die Wahrnehmung des Nutzers zu verf\u00e4lschen. Das Ziel ist es, den Klang klar und nat\u00fcrlich zu halten, selbst in lauten Umgebungen wie Konzerten oder Sportveranstaltungen.<\/p>\n<h2>Einsatz als H\u00f6rhilfe, Durchf\u00fchrung von H\u00f6rtests<\/h2>\n<p>Ein weiteres neues Feature ist die M\u00f6glichkeit, einen H\u00f6rtest durchzuf\u00fchren. Dieser Test, der in Verbindung mit einem iPhone oder iPad genutzt wird, basiert auf einem klinisch validierten Verfahren und kann in wenigen Minuten bequem von zu Hause aus durchgef\u00fchrt werden. Das Ergebnis wird in Form eines pers\u00f6nlichen H\u00f6rprofils in der Health-App gespeichert.<\/p>\n<p><a href=\"https:\/\/images.iphone-ticker.de\/wp-content\/uploads\/2024\/03\/audiogramm-einstellungen.png\"><img loading=\"lazy\" decoding=\"async\" class=\"aligncenter size-large wp-image-231460\" src=\"https:\/\/images.iphone-ticker.de\/wp-content\/uploads\/2024\/03\/audiogramm-einstellungen-700x700.png\" alt=\"Audiogramm Einstellungen\" width=\"700\" height=\"700\" srcset=\"https:\/\/images.iphone-ticker.de\/wp-content\/uploads\/2024\/03\/audiogramm-einstellungen-700x700.png 700w, https:\/\/images.iphone-ticker.de\/wp-content\/uploads\/2024\/03\/audiogramm-einstellungen-500x500.png 500w, https:\/\/images.iphone-ticker.de\/wp-content\/uploads\/2024\/03\/audiogramm-einstellungen-150x150.png 150w, https:\/\/images.iphone-ticker.de\/wp-content\/uploads\/2024\/03\/audiogramm-einstellungen-1536x1536.png 1536w, https:\/\/images.iphone-ticker.de\/wp-content\/uploads\/2024\/03\/audiogramm-einstellungen-2048x2048.png 2048w\" sizes=\"auto, (max-width: 700px) 100vw, 700px\" \/><\/a><\/p>\n<p>Die vielleicht wichtigste Neuerung ist die Erweiterung der AirPods Pro 2 zur H\u00f6rhilfe. Auf Basis des erstellten H\u00f6rprofils k\u00f6nnen die Ohrh\u00f6rer k\u00fcnftig als Unterst\u00fctzung f\u00fcr Menschen mit leichtem bis mittlerem H\u00f6rverlust dienen.<\/p>\n<script>\r\n  function open_amazon(link) {\r\n    if (navigator.userAgent.indexOf(\"Firefox\") != -1) {\r\n      window.open(link, '_blank');\r\n    } else {\r\n      var tag = document.createElement('a');\r\n      tag.setAttribute('href', link);\r\n      tag.innerHTML = \"amzn\";\r\n      tag.click();\r\n    }\r\n  }\r\n<\/script>\r\n    <div id=\"article-single-amazon-preview\" onclick=\"return open_amazon('https:\/\/www.amazon.de\/dp\/B0CHWZ9TZS?tag=musicweb02&linkCode=ogi&th=1&psc=1');\">\n  <div id=\"article-single-amazon-preview-header\">\n    <span class=\"title\">Produkthinweis<\/span>\n      <\/div>\n  <div id=\"article-single-amazon-preview-content\">\n    <div id=\"article-single-amazon-preview-img\" style=\"background: url('https:\/\/m.media-amazon.com\/images\/I\/21UDK8TN52L.jpg') center center no-repeat; background-size: cover;\"><\/div>\n    <div id=\"article-single-amazon-preview-desc\">\n      <span class=\"bezeichnung\"><a href=\"https:\/\/www.amazon.de\/dp\/B0CHWZ9TZS?tag=musicweb02&linkCode=ogi&th=1&psc=1\" style=\"text-decoration: none; border-bottom: 0px; box-shadow: none;\">Apple AirPods Pro 2 Kabellose In\u2011Ear Kopfh\u00f6rer, Bluetooth Kopfh\u00f6rer, Aktive Ger\u00e4uschunterdr\u00fcckung...<\/a><\/span>\n      <span class=\"preis--aktuell\">244 EUR<\/span>\n      <span class=\"preis--alt\"><\/span>\n    <\/div>\n  <\/div>\n<\/div>\n<p><img loading=\"lazy\" decoding=\"async\" src=\"https:\/\/vg05.met.vgwort.de\/na\/98346e895f404567b9682a46d5ce059e\" width=\"1\" height=\"1\" no-lazy class=\"tracking\"><\/p>\n","protected":false},"excerpt":{"rendered":"<a href=\"https:\/\/www.iphone-ticker.de\/airpods-pro-2-werden-zu-hoergeraeten-im-herbst-per-software-update-241680\/\"><img width=\"150\" height=\"150\" src=\"https:\/\/images.iphone-ticker.de\/wp-content\/uploads\/2024\/09\/airpods-pro-2-hoergeraete-feature-150x150.jpg\" class=\"alignright tfe wp-post-image\" alt=\"Airpods Pro 2 Hoergeraete Feature\" decoding=\"async\" loading=\"lazy\" \/><\/a><p>Schon seit einigen Jahren l\u00e4sst sich dabei zuschauen, wie Apple seine AirPods Pro immer st\u00e4rker auch an die Bed\u00fcrfnisse von Anwendern anpasst, die sich im Alltag mit eingeschr\u00e4nkten H\u00f6rf\u00e4higkeiten zurechtfinden m\u00fcssen. Ein Audiogramm in Apples Health-App Im Zuge des Welttags des H\u00f6rens haben wir auf die bereits verf\u00fcgbaren H\u00f6rhilfefunktionen der Bluetooth-Ohrh\u00f6rer von Apple aufmerksam gemacht. [&hellip;]<\/p>\n","protected":false},"author":1,"featured_media":241681,"comment_status":"open","ping_status":"closed","sticky":false,"template":"","format":"standard","meta":{"footnotes":""},"categories":[1],"tags":[6905,5418,2272],"class_list":["post-241680","post","type-post","status-publish","format-standard","has-post-thumbnail","hentry","category-news","tag-airpods-2-pro","tag-bedientungshilfen","tag-hoergeraet"],"aioseo_notices":[],"subheadline":["Einsatz als H\u00f6rhilfe, Durchf\u00fchrung von H\u00f6rtests"],"featured_image":["https:\/\/images.iphone-ticker.de\/wp-content\/uploads\/2024\/09\/airpods-pro-2-hoergeraete-feature.jpg"],"rest_api_enabler":{"subheadline":"Einsatz als H\u00f6rhilfe, Durchf\u00fchrung von H\u00f6rtests","featured_image":"https:\/\/images.iphone-ticker.de\/wp-content\/uploads\/2024\/09\/airpods-pro-2-hoergeraete-feature.jpg"},"_links":{"self":[{"href":"https:\/\/www.iphone-ticker.de\/apiv2\/wp\/v2\/posts\/241680","targetHints":{"allow":["GET"]}}],"collection":[{"href":"https:\/\/www.iphone-ticker.de\/apiv2\/wp\/v2\/posts"}],"about":[{"href":"https:\/\/www.iphone-ticker.de\/apiv2\/wp\/v2\/types\/post"}],"author":[{"embeddable":true,"href":"https:\/\/www.iphone-ticker.de\/apiv2\/wp\/v2\/users\/1"}],"replies":[{"embeddable":true,"href":"https:\/\/www.iphone-ticker.de\/apiv2\/wp\/v2\/comments?post=241680"}],"version-history":[{"count":3,"href":"https:\/\/www.iphone-ticker.de\/apiv2\/wp\/v2\/posts\/241680\/revisions"}],"predecessor-version":[{"id":241687,"href":"https:\/\/www.iphone-ticker.de\/apiv2\/wp\/v2\/posts\/241680\/revisions\/241687"}],"wp:featuredmedia":[{"embeddable":true,"href":"https:\/\/www.iphone-ticker.de\/apiv2\/wp\/v2\/media\/241681"}],"wp:attachment":[{"href":"https:\/\/www.iphone-ticker.de\/apiv2\/wp\/v2\/media?parent=241680"}],"wp:term":[{"taxonomy":"category","embeddable":true,"href":"https:\/\/www.iphone-ticker.de\/apiv2\/wp\/v2\/categories?post=241680"},{"taxonomy":"post_tag","embeddable":true,"href":"https:\/\/www.iphone-ticker.de\/apiv2\/wp\/v2\/tags?post=241680"}],"curies":[{"name":"wp","href":"https:\/\/api.w.org\/{rel}","templated":true}]}}