{"id":240915,"date":"2024-08-29T17:46:40","date_gmt":"2024-08-29T15:46:40","guid":{"rendered":"https:\/\/www.iphone-ticker.de\/?p=240915"},"modified":"2024-08-29T17:47:00","modified_gmt":"2024-08-29T15:47:00","slug":"neu-von-twelve-south-das-qi2-ladegeraet-butterfly-se","status":"publish","type":"post","link":"https:\/\/www.iphone-ticker.de\/neu-von-twelve-south-das-qi2-ladegeraet-butterfly-se-240915\/","title":{"rendered":"Neu von Twelve South: Das Qi2-Ladeger\u00e4t ButterFly SE"},"content":{"rendered":"<p class=\"p1\">Der auf Apple-Accessoires spezialisierte Zubeh\u00f6r-Anbieter Twelve South hat <a href=\"https:\/\/www.twelvesouth.com\/products\/butterfly-se-2-in-1-qi2-charger\">mit dem ButterFly SE<\/a> ein neues, kompaktes Qi2-Ladeger\u00e4t pr\u00e4sentiert, das insbesondere auf Reisende ausgerichtet ist und im kommenden Monat auf den Markt kommen wird.<\/p>\n<p><a href=\"https:\/\/images.iphone-ticker.de\/wp-content\/uploads\/2024\/08\/butterfly-se-square.jpg\"><img loading=\"lazy\" decoding=\"async\" class=\"aligncenter size-medium wp-image-240917\" src=\"https:\/\/images.iphone-ticker.de\/wp-content\/uploads\/2024\/08\/butterfly-se-square-500x447.jpg\" alt=\"Butterfly Se Square\" width=\"500\" height=\"447\" srcset=\"https:\/\/images.iphone-ticker.de\/wp-content\/uploads\/2024\/08\/butterfly-se-square-500x447.jpg 500w, https:\/\/images.iphone-ticker.de\/wp-content\/uploads\/2024\/08\/butterfly-se-square-700x626.jpg 700w, https:\/\/images.iphone-ticker.de\/wp-content\/uploads\/2024\/08\/butterfly-se-square.jpg 1040w\" sizes=\"auto, (max-width: 500px) 100vw, 500px\" \/><\/a><\/p>\n<h2>Reiseladeger\u00e4t f\u00fcr iPhone, Apple Watch oder AirPods<\/h2>\n<p class=\"p1\">Das 2-in-1-Ger\u00e4t soll sowohl iPhones als auch Apple Watches oder AirPods gleichzeitig laden k\u00f6nnen, l\u00e4sst sich einfach im Reisegep\u00e4ck verstauen und setzt auf das minimalistische Design des Vorg\u00e4ngers. Der Hersteller betont, dass das Ladeger\u00e4t durch seine geringe Gr\u00f6\u00dfe \u2013 \u201esimilar in size to your favorite double-stuffed cookie\u201c \u2013 besonders leicht zu transportieren ist.<\/p>\n<p class=\"p1\">Das ButterFly SE verf\u00fcgt \u00fcber zwei magnetische Ladefl\u00e4chen, auf die ihr eure Ger\u00e4te legen k\u00f6nnt. Das ButterFly SE ist faltbar, die integrierten Magneten sollen zudem daf\u00fcr sorgen, dass das Ger\u00e4t sicher verschlossen bleibt, wenn es nicht in Gebrauch ist. Farblich bietet der Hersteller drei Varianten an: Wei\u00df, Pink und Schwarz. Das Geh\u00e4use ist mit einer rutschfesten, Soft-Touch-Oberfl\u00e4che versehen.<\/p>\n<p><a href=\"https:\/\/images.iphone-ticker.de\/wp-content\/uploads\/2024\/08\/12s_ButterFlySE_LS18_HiRes_1680x945_230a0d7e-c635-40a9-a401-29f36d6e46d6_1500x-2000.jpg\"><img loading=\"lazy\" decoding=\"async\" class=\"aligncenter size-large wp-image-240918\" src=\"https:\/\/images.iphone-ticker.de\/wp-content\/uploads\/2024\/08\/12s_ButterFlySE_LS18_HiRes_1680x945_230a0d7e-c635-40a9-a401-29f36d6e46d6_1500x-2000-700x394.jpg\" alt=\"12s ButterFlySE LS18 HiRes 1680x945 230a0d7e C635 40a9 A401 29f36d6e46d6 1500x 2000\" width=\"700\" height=\"394\" srcset=\"https:\/\/images.iphone-ticker.de\/wp-content\/uploads\/2024\/08\/12s_ButterFlySE_LS18_HiRes_1680x945_230a0d7e-c635-40a9-a401-29f36d6e46d6_1500x-2000-700x394.jpg 700w, https:\/\/images.iphone-ticker.de\/wp-content\/uploads\/2024\/08\/12s_ButterFlySE_LS18_HiRes_1680x945_230a0d7e-c635-40a9-a401-29f36d6e46d6_1500x-2000-500x281.jpg 500w, https:\/\/images.iphone-ticker.de\/wp-content\/uploads\/2024\/08\/12s_ButterFlySE_LS18_HiRes_1680x945_230a0d7e-c635-40a9-a401-29f36d6e46d6_1500x-2000.jpg 1500w\" sizes=\"auto, (max-width: 700px) 100vw, 700px\" \/><\/a><\/p>\n<p class=\"p1\">Zus\u00e4tzlich zur Ladefunktion kann das ButterFly SE auch als St\u00e4nder f\u00fcr das iPhone oder die Apple Watch dienen. Dies ist besonders praktisch, wenn das Ger\u00e4t zur Anzeige von Medieninhalten, f\u00fcr Videotelefonate oder im StandBy-Modus verwendet wird. Auch der Nachttisch-Modus der Apple Watch wird unterst\u00fctzt, da der Ladebereich f\u00fcr die Uhr neigbar ist. F\u00fcr Besitzer von AirPods gibt es die M\u00f6glichkeit, die drahtlose Ladeh\u00fclle einfach auf die magnetische Ladefl\u00e4che zu legen.<\/p>\n<p class=\"p1\">Im Lieferumfang ist ein farblich abgestimmtes USB-C-Kabel mit Textiloberfl\u00e4che enthalten. Der ben\u00f6tigte 30-Watt-Netzstecker muss jedoch separat erworben werden. Die Auslieferung des ButterFly SE soll nach Angaben von Twelve South in der ersten Septemberwoche beginnen. <a href=\"https:\/\/www.twelvesouth.com\/products\/butterfly-se-2-in-1-qi2-charger\">Vorbestellungen sind bereits m\u00f6glich<\/a>, wobei der Preis bei 99,99 US-Dollar liegt.<\/p>\n<p><div class=\"responsive-video\"><iframe loading=\"lazy\" title=\"ButterFly SE from Twelve South\" width=\"500\" height=\"281\" src=\"https:\/\/www.youtube-nocookie.com\/embed\/7qd_kJ0ce-Q?feature=oembed\" frameborder=\"0\" allow=\"accelerometer; autoplay; clipboard-write; encrypted-media; gyroscope; picture-in-picture; web-share\" referrerpolicy=\"strict-origin-when-cross-origin\" allowfullscreen><\/iframe><\/div><\/p>\n<p><img loading=\"lazy\" decoding=\"async\" src=\"https:\/\/vg05.met.vgwort.de\/na\/28f7705465e44a638992b654509afad2\" width=\"1\" height=\"1\" no-lazy class=\"tracking\"><\/p>\n","protected":false},"excerpt":{"rendered":"<a href=\"https:\/\/www.iphone-ticker.de\/neu-von-twelve-south-das-qi2-ladegeraet-butterfly-se-240915\/\"><img width=\"150\" height=\"150\" src=\"https:\/\/images.iphone-ticker.de\/wp-content\/uploads\/2024\/08\/12s_ButterFlySE_LS18_HiRes_1680x945_230a0d7e-c635-40a9-a401-29f36d6e46d6_1500x-2000-150x150.jpg\" class=\"alignright tfe wp-post-image\" alt=\"12s ButterFlySE LS18 HiRes 1680x945 230a0d7e C635 40a9 A401 29f36d6e46d6 1500x 2000\" decoding=\"async\" loading=\"lazy\" \/><\/a><p>Der auf Apple-Accessoires spezialisierte Zubeh\u00f6r-Anbieter Twelve South hat mit dem ButterFly SE ein neues, kompaktes Qi2-Ladeger\u00e4t pr\u00e4sentiert, das insbesondere auf Reisende ausgerichtet ist und im kommenden Monat auf den Markt kommen wird. Reiseladeger\u00e4t f\u00fcr iPhone, Apple Watch oder AirPods Das 2-in-1-Ger\u00e4t soll sowohl iPhones als auch Apple Watches oder AirPods gleichzeitig laden k\u00f6nnen, l\u00e4sst sich [&hellip;]<\/p>\n","protected":false},"author":1,"featured_media":240918,"comment_status":"open","ping_status":"closed","sticky":false,"template":"","format":"standard","meta":{"footnotes":""},"categories":[1],"tags":[4079,6642,1886],"class_list":["post-240915","post","type-post","status-publish","format-standard","has-post-thumbnail","hentry","category-news","tag-ladegeraete","tag-qi2","tag-twelve-south"],"aioseo_notices":[],"featured_image":["https:\/\/images.iphone-ticker.de\/wp-content\/uploads\/2024\/08\/butterfly-se.jpg"],"subheadline":["Reiseladeger\u00e4t f\u00fcr iPhone, Apple Watch oder AirPods"],"rest_api_enabler":{"featured_image":"https:\/\/images.iphone-ticker.de\/wp-content\/uploads\/2024\/08\/butterfly-se.jpg","subheadline":"Reiseladeger\u00e4t f\u00fcr iPhone, Apple Watch oder AirPods"},"_links":{"self":[{"href":"https:\/\/www.iphone-ticker.de\/apiv2\/wp\/v2\/posts\/240915","targetHints":{"allow":["GET"]}}],"collection":[{"href":"https:\/\/www.iphone-ticker.de\/apiv2\/wp\/v2\/posts"}],"about":[{"href":"https:\/\/www.iphone-ticker.de\/apiv2\/wp\/v2\/types\/post"}],"author":[{"embeddable":true,"href":"https:\/\/www.iphone-ticker.de\/apiv2\/wp\/v2\/users\/1"}],"replies":[{"embeddable":true,"href":"https:\/\/www.iphone-ticker.de\/apiv2\/wp\/v2\/comments?post=240915"}],"version-history":[{"count":1,"href":"https:\/\/www.iphone-ticker.de\/apiv2\/wp\/v2\/posts\/240915\/revisions"}],"predecessor-version":[{"id":240920,"href":"https:\/\/www.iphone-ticker.de\/apiv2\/wp\/v2\/posts\/240915\/revisions\/240920"}],"wp:featuredmedia":[{"embeddable":true,"href":"https:\/\/www.iphone-ticker.de\/apiv2\/wp\/v2\/media\/240918"}],"wp:attachment":[{"href":"https:\/\/www.iphone-ticker.de\/apiv2\/wp\/v2\/media?parent=240915"}],"wp:term":[{"taxonomy":"category","embeddable":true,"href":"https:\/\/www.iphone-ticker.de\/apiv2\/wp\/v2\/categories?post=240915"},{"taxonomy":"post_tag","embeddable":true,"href":"https:\/\/www.iphone-ticker.de\/apiv2\/wp\/v2\/tags?post=240915"}],"curies":[{"name":"wp","href":"https:\/\/api.w.org\/{rel}","templated":true}]}}