{"id":240732,"date":"2024-08-27T19:42:39","date_gmt":"2024-08-27T17:42:39","guid":{"rendered":"https:\/\/www.iphone-ticker.de\/?p=240732"},"modified":"2024-08-28T06:51:35","modified_gmt":"2024-08-28T04:51:35","slug":"fuehrungswechsel-im-app-store-apple-stellt-das-software-kaufhaus-neu-auf","status":"publish","type":"post","link":"https:\/\/www.iphone-ticker.de\/fuehrungswechsel-im-app-store-apple-stellt-das-software-kaufhaus-neu-auf-240732\/","title":{"rendered":"F\u00fchrungswechsel im App Store: Apple organisiert Software-Kaufhaus neu"},"content":{"rendered":"<p>Nicht nur Apples langj\u00e4hriger Finanzchef Luca Maestri verl\u00e4sst seinen <a href=\"https:\/\/www.ifun.de\/?p=238314\">angestammten Posten<\/a> im Unternehmen, auch die Leitung des umsatzstarken App Stores steht vor einer Neuorganisation. Matt Fischer, der seit 2010 die Leitung des App Stores innehatte, wird Apple im Oktober verlassen.<\/p>\n<p><a href=\"https:\/\/images.iphone-ticker.de\/wp-content\/uploads\/2024\/03\/phil-schiller-apple-homepod-vorstellung.jpg\"><img loading=\"lazy\" decoding=\"async\" class=\"aligncenter size-medium wp-image-232423\" src=\"https:\/\/images.iphone-ticker.de\/wp-content\/uploads\/2024\/03\/phil-schiller-apple-homepod-vorstellung-500x371.jpg\" alt=\"Phil Schiller Apple Homepod Vorstellung\" width=\"500\" height=\"371\" srcset=\"https:\/\/images.iphone-ticker.de\/wp-content\/uploads\/2024\/03\/phil-schiller-apple-homepod-vorstellung-500x371.jpg 500w, https:\/\/images.iphone-ticker.de\/wp-content\/uploads\/2024\/03\/phil-schiller-apple-homepod-vorstellung-700x520.jpg 700w, https:\/\/images.iphone-ticker.de\/wp-content\/uploads\/2024\/03\/phil-schiller-apple-homepod-vorstellung.jpg 1142w\" sizes=\"auto, (max-width: 500px) 100vw, 500px\" \/><\/a><\/p>\n<h6>&#8222;Apple Fellow&#8220; Phil Schiller: \u00dcberblickt den App Store auch weiterhin<\/h6>\n<p>Fischer selbst begr\u00fcndete seinen R\u00fcckzug nach 21 Jahren bei Apple damit, dass jetzt der richtige Zeitpunkt sei, um die Verantwortung an die n\u00e4chste F\u00fchrungsgeneration zu \u00fcbergeben. Die Umstrukturierung soll Apple helfen den App Store zukunftsf\u00e4hig zu gestalten.<\/p>\n<h2>Umstrukturierung in zwei Bereiche<\/h2>\n<p>Dies <a href=\"https:\/\/www.bloomberg.com\/news\/articles\/2024-08-21\/apple-s-app-store-head-to-leave-in-reorganization-amid-global-scrutiny\">berichtet<\/a> der Wirtschaftsnachrichten-Dienst Bloomberg und erinnert an den starken regulatorischen Druck mit dem das App-Store-Gesch\u00e4ft Apples derzeit zu k\u00e4mpfen hat. Nicht nur in Europa wird Apple dazu gezwungen alternative App-Stores und Zahlungsmethoden auf seinen Ger\u00e4ten zuzulassen, auch in anderen Regionen und M\u00e4rkten weltweit pr\u00fcfen Wettbewerbsh\u00fcter vergleichbare Schritte.<\/p>\n<p>Phil Schiller, der die Gesamtverantwortung f\u00fcr den App Store tr\u00e4gt, soll die Umstrukturierung initiiert haben und will das Software-Kaufhaus k\u00fcnftig von zwei separaten Teams f\u00fchren lassen: W\u00e4hrend sich ein Team ausschlie\u00dflich auf Apples eigenen Store konzentrieren wird, soll das andere den Auf- und Ausbau der alternativen App-Marktpl\u00e4tze \u00fcberwachen. Schiller selbst wurde 2020 <a href=\"https:\/\/www.ifun.de\/phil-schiller-fungiert-jetzt-offiziell-als-apple-fellow-160332\/\">zum Apple Fellow ernannt<\/a> und ist seitdem nur noch f\u00fcr den App Store verantwortlich. Nachfolger Schillers als Marketing-Chef ist <a href=\"https:\/\/x.com\/gregjoz\/\">Greg Joswiak<\/a>.<\/p>\n<h2>Thai und Oliver \u00fcbernehmen<\/h2>\n<p>Carson Oliver, ein langj\u00e4hriger Senior Director bei Apple, wird die Leitung des Teams \u00fcbernehmen, das sich um den bisherigen App Store k\u00fcmmert. Ann Thai, bislang unter anderem f\u00fcr die Suchfunktion des App Stores zust\u00e4ndig, wird das Team f\u00fcr alternative Vertriebskan\u00e4le leiten. Beide unterstehen Phil Schiller.<\/p>\n<p>Der App Store ist ein bedeutender Gesch\u00e4ftszweig Apples und tr\u00e4gt j\u00e4hrlich etwa 20 Milliarden US-Dollar zum Umsatz des Unternehmens bei.<\/p>\n<p><img loading=\"lazy\" decoding=\"async\" src=\"https:\/\/vg05.met.vgwort.de\/na\/50ba7ac8e8864cba96d0d7791fafaee2\" width=\"1\" height=\"1\" no-lazy class=\"tracking\"><\/p>\n","protected":false},"excerpt":{"rendered":"<a href=\"https:\/\/www.iphone-ticker.de\/fuehrungswechsel-im-app-store-apple-stellt-das-software-kaufhaus-neu-auf-240732\/\"><img width=\"150\" height=\"150\" src=\"https:\/\/images.iphone-ticker.de\/wp-content\/uploads\/2024\/08\/phil-schiller-app-store-150x150.jpg\" class=\"alignright tfe wp-post-image\" alt=\"Phil Schiller App Store\" decoding=\"async\" loading=\"lazy\" \/><\/a><p>Nicht nur Apples langj\u00e4hriger Finanzchef Luca Maestri verl\u00e4sst seinen angestammten Posten im Unternehmen, auch die Leitung des umsatzstarken App Stores steht vor einer Neuorganisation. Matt Fischer, der seit 2010 die Leitung des App Stores innehatte, wird Apple im Oktober verlassen. &#8222;Apple Fellow&#8220; Phil Schiller: \u00dcberblickt den App Store auch weiterhin Fischer selbst begr\u00fcndete seinen R\u00fcckzug [&hellip;]<\/p>\n","protected":false},"author":1,"featured_media":240736,"comment_status":"open","ping_status":"closed","sticky":false,"template":"","format":"standard","meta":{"footnotes":""},"categories":[1],"tags":[666,1580],"class_list":["post-240732","post","type-post","status-publish","format-standard","has-post-thumbnail","hentry","category-news","tag-app-store","tag-phil-schiller"],"aioseo_notices":[],"subheadline":["Umstrukturierung in zwei Bereiche"],"featured_image":["https:\/\/images.iphone-ticker.de\/wp-content\/uploads\/2024\/08\/phil-schiller-app-store-1.jpg"],"rest_api_enabler":{"subheadline":"Umstrukturierung in zwei Bereiche","featured_image":"https:\/\/images.iphone-ticker.de\/wp-content\/uploads\/2024\/08\/phil-schiller-app-store-1.jpg"},"_links":{"self":[{"href":"https:\/\/www.iphone-ticker.de\/apiv2\/wp\/v2\/posts\/240732","targetHints":{"allow":["GET"]}}],"collection":[{"href":"https:\/\/www.iphone-ticker.de\/apiv2\/wp\/v2\/posts"}],"about":[{"href":"https:\/\/www.iphone-ticker.de\/apiv2\/wp\/v2\/types\/post"}],"author":[{"embeddable":true,"href":"https:\/\/www.iphone-ticker.de\/apiv2\/wp\/v2\/users\/1"}],"replies":[{"embeddable":true,"href":"https:\/\/www.iphone-ticker.de\/apiv2\/wp\/v2\/comments?post=240732"}],"version-history":[{"count":3,"href":"https:\/\/www.iphone-ticker.de\/apiv2\/wp\/v2\/posts\/240732\/revisions"}],"predecessor-version":[{"id":240754,"href":"https:\/\/www.iphone-ticker.de\/apiv2\/wp\/v2\/posts\/240732\/revisions\/240754"}],"wp:featuredmedia":[{"embeddable":true,"href":"https:\/\/www.iphone-ticker.de\/apiv2\/wp\/v2\/media\/240736"}],"wp:attachment":[{"href":"https:\/\/www.iphone-ticker.de\/apiv2\/wp\/v2\/media?parent=240732"}],"wp:term":[{"taxonomy":"category","embeddable":true,"href":"https:\/\/www.iphone-ticker.de\/apiv2\/wp\/v2\/categories?post=240732"},{"taxonomy":"post_tag","embeddable":true,"href":"https:\/\/www.iphone-ticker.de\/apiv2\/wp\/v2\/tags?post=240732"}],"curies":[{"name":"wp","href":"https:\/\/api.w.org\/{rel}","templated":true}]}}