{"id":239158,"date":"2024-07-30T15:02:15","date_gmt":"2024-07-30T13:02:15","guid":{"rendered":"https:\/\/www.iphone-ticker.de\/?p=239158"},"modified":"2024-07-30T15:03:40","modified_gmt":"2024-07-30T13:03:40","slug":"durchdachter-wochenkalender-mcalendar-kommt-zum-punkt","status":"publish","type":"post","link":"https:\/\/www.iphone-ticker.de\/durchdachter-wochenkalender-mcalendar-kommt-zum-punkt-239158\/","title":{"rendered":"Durchdachter Wochenkalender: MCalendar kommt zum Punkt"},"content":{"rendered":"<p class=\"p1\">Seit \u00fcber drei Jahren entwickelt der in \u00d6sterreich ans\u00e4ssige Programmierer Christoph Scholz eine neue Kalender-Applikation mit dem Namen <a href=\"https:\/\/mcalendar.app\/\">MCalendar<\/a>. Ein Name, der sich vom Vornamen seiner Lebensgef\u00e4hrtin Marlene ableitet, f\u00fcr die Scholz den Kalender urspr\u00fcnglich entwickelte, da keine der bestehenden Apps ihren Anforderungen entsprach.<\/p>\n<p>&nbsp;<\/p>\n<p><a href=\"https:\/\/images.iphone-ticker.de\/wp-content\/uploads\/2024\/07\/mcalendar-app.png\"><img loading=\"lazy\" decoding=\"async\" class=\"aligncenter size-medium wp-image-239159\" src=\"https:\/\/images.iphone-ticker.de\/wp-content\/uploads\/2024\/07\/mcalendar-app-500x500.png\" alt=\"Mcalendar App\" width=\"500\" height=\"500\" srcset=\"https:\/\/images.iphone-ticker.de\/wp-content\/uploads\/2024\/07\/mcalendar-app-500x500.png 500w, https:\/\/images.iphone-ticker.de\/wp-content\/uploads\/2024\/07\/mcalendar-app-700x700.png 700w, https:\/\/images.iphone-ticker.de\/wp-content\/uploads\/2024\/07\/mcalendar-app-150x150.png 150w, https:\/\/images.iphone-ticker.de\/wp-content\/uploads\/2024\/07\/mcalendar-app-1536x1536.png 1536w, https:\/\/images.iphone-ticker.de\/wp-content\/uploads\/2024\/07\/mcalendar-app-2048x2048.png 2048w\" sizes=\"auto, (max-width: 500px) 100vw, 500px\" \/><\/a><\/p>\n<p class=\"p1\">Zwar hat es MCalendar noch immer nicht in Apples offizielles Software-Kaufhaus geschafft, die alternative Kalender-Applikation l\u00e4sst sich jedoch <a href=\"https:\/\/testflight.apple.com\/join\/PPWLmiWG\">\u00fcber Apples TestFlight-Umgebung<\/a> als Betaversion laden, installieren und durchaus auch produktiv nutzen.<\/p>\n<h2 class=\"p1\">Klare Struktur, direkter Zugriff<\/h2>\n<p class=\"p1\">MCalendar bietet einen klaren Wochen\u00fcberblick und erm\u00f6glicht die Auswahl der anzuzeigenden Kalender sowie die Wahl eines Standardkalenders und einer Standarddauer f\u00fcr Termine. Die App ist mit einer Gr\u00f6\u00dfe von nur zwei Megabyte sehr kompakt. Selbst <a href=\"https:\/\/mcalendar.app\/\">eine offizielle Webseite<\/a> hat der Kalender schon, auf der regelm\u00e4\u00dfig \u00fcber neue Funktionen und Neuerungen berichtet wird, dennoch sieht Scholz bislang von einer App-Store-Freigabe ab.<\/p>\n<p><a href=\"https:\/\/images.iphone-ticker.de\/wp-content\/uploads\/2024\/07\/erinnerungen-app.jpg\"><img loading=\"lazy\" decoding=\"async\" class=\"aligncenter size-large wp-image-239160\" src=\"https:\/\/images.iphone-ticker.de\/wp-content\/uploads\/2024\/07\/erinnerungen-app-700x466.jpg\" alt=\"Erinnerungen App\" width=\"700\" height=\"466\" srcset=\"https:\/\/images.iphone-ticker.de\/wp-content\/uploads\/2024\/07\/erinnerungen-app-700x466.jpg 700w, https:\/\/images.iphone-ticker.de\/wp-content\/uploads\/2024\/07\/erinnerungen-app-500x333.jpg 500w, https:\/\/images.iphone-ticker.de\/wp-content\/uploads\/2024\/07\/erinnerungen-app-1536x1022.jpg 1536w, https:\/\/images.iphone-ticker.de\/wp-content\/uploads\/2024\/07\/erinnerungen-app-2048x1362.jpg 2048w\" sizes=\"auto, (max-width: 700px) 100vw, 700px\" \/><\/a><\/p>\n<h6>MCalendar: Zeigt inzwischen auch Erinnerungen an<\/h6>\n<p class=\"p1\">Die Entwicklung der App wird regelm\u00e4\u00dfig durch neue Beta-Builds vorangetrieben, die zus\u00e4tzliche Funktionen und Fehlerbehebungen bereitstellen. Erst vorgestern ist die nunmehr 132. Ausgabe von Version 1.0 erschienen.<\/p>\n<p class=\"p1\">Seit kurzem neu ist der schnelle Kalenderzugriff, der durch langes Dr\u00fccken auf die Titelleiste eingeblendet wird. Seit kurzem k\u00f6nnen Nutzer zudem auch Erinnerungen direkt in der App hinzuf\u00fcgen.<\/p>\n<h2>Bislang nur \u00fcber TestFlight verf\u00fcgbar<\/h2>\n<p class=\"p1\">Scholz betont, dass die App sich noch in der Entwicklung befinde und Fehler auftreten k\u00f6nnten. Nutzer der Beta-Version werden daher ermutigt, \u00fcber die Support-Seite Feedback zu geben, um die App weiter zu verbessern.<\/p>\n<p><a href=\"https:\/\/images.iphone-ticker.de\/wp-content\/uploads\/2024\/07\/widget.jpg\"><img loading=\"lazy\" decoding=\"async\" class=\"aligncenter size-large wp-image-239161\" src=\"https:\/\/images.iphone-ticker.de\/wp-content\/uploads\/2024\/07\/widget-700x466.jpg\" alt=\"Widget\" width=\"700\" height=\"466\" srcset=\"https:\/\/images.iphone-ticker.de\/wp-content\/uploads\/2024\/07\/widget-700x466.jpg 700w, https:\/\/images.iphone-ticker.de\/wp-content\/uploads\/2024\/07\/widget-500x333.jpg 500w, https:\/\/images.iphone-ticker.de\/wp-content\/uploads\/2024\/07\/widget-1536x1022.jpg 1536w, https:\/\/images.iphone-ticker.de\/wp-content\/uploads\/2024\/07\/widget-2048x1362.jpg 2048w\" sizes=\"auto, (max-width: 700px) 100vw, 700px\" \/><\/a><\/p>\n<h6>MCalendar: Mit optionalem Kalender-Widget<\/h6>\n<p class=\"p1\">Weitere geplante Funktionen umfassen die Integration von Erinnerungen, die M\u00f6glichkeit zur Notizenerstellung sowie ein neues Design der detaillierten Ereignisansicht. Ebenso sind Alarmfunktionen und Standorterinnerungen vorgesehen, wobei letztere derzeit deaktiviert sind.<\/p>\n<p class=\"p1\">Die Entwicklung von MCalendar zeigt, wie pers\u00f6nliche Bed\u00fcrfnisse und direkte Nutzerbeteiligung zur Entstehung einer ma\u00dfgeschneiderten Kalender-App f\u00fchren k\u00f6nnen &#8211; wir glauben, MCalendar ist reif f\u00fcr die allgemeine Freigabe.<\/p>\n<ul>\n<li>MCalendar: <a href=\"https:\/\/testflight.apple.com\/join\/PPWLmiWG\">Direkt-Download \u00fcber TestFlight<\/a><\/li>\n<\/ul>\n<p><img loading=\"lazy\" decoding=\"async\" src=\"https:\/\/vg09.met.vgwort.de\/na\/6d5db8b588ca4a619486016655f621ea\" width=\"1\" height=\"1\" no-lazy class=\"tracking\"><\/p>\n","protected":false},"excerpt":{"rendered":"<a href=\"https:\/\/www.iphone-ticker.de\/durchdachter-wochenkalender-mcalendar-kommt-zum-punkt-239158\/\"><img width=\"150\" height=\"150\" src=\"https:\/\/images.iphone-ticker.de\/wp-content\/uploads\/2024\/07\/mcalendar-feature-150x150.jpg\" class=\"alignright tfe wp-post-image\" alt=\"Mcalendar Feature\" decoding=\"async\" loading=\"lazy\" \/><\/a><p>Seit \u00fcber drei Jahren entwickelt der in \u00d6sterreich ans\u00e4ssige Programmierer Christoph Scholz eine neue Kalender-Applikation mit dem Namen MCalendar. Ein Name, der sich vom Vornamen seiner Lebensgef\u00e4hrtin Marlene ableitet, f\u00fcr die Scholz den Kalender urspr\u00fcnglich entwickelte, da keine der bestehenden Apps ihren Anforderungen entsprach. &nbsp; Zwar hat es MCalendar noch immer nicht in Apples offizielles [&hellip;]<\/p>\n","protected":false},"author":1,"featured_media":239162,"comment_status":"open","ping_status":"closed","sticky":false,"template":"","format":"standard","meta":{"footnotes":""},"categories":[1],"tags":[3914,134,2897],"class_list":["post-239158","post","type-post","status-publish","format-standard","has-post-thumbnail","hentry","category-news","tag-apps","tag-kalender","tag-testflight"],"aioseo_notices":[],"subheadline":["Klare Struktur, direkter Zugriff, nur auf TestFlight"],"featured_image":["https:\/\/images.iphone-ticker.de\/wp-content\/uploads\/2024\/07\/mcalendar-feature.jpg"],"rest_api_enabler":{"subheadline":"Klare Struktur, direkter Zugriff, nur auf TestFlight","featured_image":"https:\/\/images.iphone-ticker.de\/wp-content\/uploads\/2024\/07\/mcalendar-feature.jpg"},"_links":{"self":[{"href":"https:\/\/www.iphone-ticker.de\/apiv2\/wp\/v2\/posts\/239158","targetHints":{"allow":["GET"]}}],"collection":[{"href":"https:\/\/www.iphone-ticker.de\/apiv2\/wp\/v2\/posts"}],"about":[{"href":"https:\/\/www.iphone-ticker.de\/apiv2\/wp\/v2\/types\/post"}],"author":[{"embeddable":true,"href":"https:\/\/www.iphone-ticker.de\/apiv2\/wp\/v2\/users\/1"}],"replies":[{"embeddable":true,"href":"https:\/\/www.iphone-ticker.de\/apiv2\/wp\/v2\/comments?post=239158"}],"version-history":[{"count":2,"href":"https:\/\/www.iphone-ticker.de\/apiv2\/wp\/v2\/posts\/239158\/revisions"}],"predecessor-version":[{"id":239166,"href":"https:\/\/www.iphone-ticker.de\/apiv2\/wp\/v2\/posts\/239158\/revisions\/239166"}],"wp:featuredmedia":[{"embeddable":true,"href":"https:\/\/www.iphone-ticker.de\/apiv2\/wp\/v2\/media\/239162"}],"wp:attachment":[{"href":"https:\/\/www.iphone-ticker.de\/apiv2\/wp\/v2\/media?parent=239158"}],"wp:term":[{"taxonomy":"category","embeddable":true,"href":"https:\/\/www.iphone-ticker.de\/apiv2\/wp\/v2\/categories?post=239158"},{"taxonomy":"post_tag","embeddable":true,"href":"https:\/\/www.iphone-ticker.de\/apiv2\/wp\/v2\/tags?post=239158"}],"curies":[{"name":"wp","href":"https:\/\/api.w.org\/{rel}","templated":true}]}}