{"id":238988,"date":"2024-07-26T19:30:10","date_gmt":"2024-07-26T17:30:10","guid":{"rendered":"https:\/\/www.iphone-ticker.de\/?p=238988"},"modified":"2024-07-26T19:30:10","modified_gmt":"2024-07-26T17:30:10","slug":"ausverkauf-des-homepod-mini-in-space-grau-startet","status":"publish","type":"post","link":"https:\/\/www.iphone-ticker.de\/ausverkauf-des-homepod-mini-in-space-grau-startet-238988\/","title":{"rendered":"Ausverkauf des HomePod mini in &#8222;Space Grau&#8220; startet"},"content":{"rendered":"<p>Als Apple vor zwei Wochen den <a href=\"https:\/\/www.ifun.de\/homepod-mini-mitternacht-loest-space-grau-als-farbe-ab-235996\/\">HomePod mini in der neuen Farbe \u201eMitternacht\u201c<\/a> vorgestellt hat, war klar, dass der Preis f\u00fcr die noch verf\u00fcgbaren Restbest\u00e4nde des optisch nahezu identischen Vorg\u00e4ngers in \u201eSpace Grau\u201c fallen wird. Jetzt hat der Ausverkauf begonnen. Extreme Preissenkungen d\u00fcrft ihr nicht erwarten, aber man kann beim Kauf des Ger\u00e4ts immerhin 10 Euro gegen\u00fcber der offiziellen Apple-Preise sparen.<\/p>\n<p>Am g\u00fcnstigsten kommt ihr gerade bei <a href=\"https:\/\/clk.tradedoubler.com\/click?p=302027&amp;a=747172&amp;url=https%3A%2F%2Fwww.galaxus.de%2Fde%2Fs1%2Fproduct%2Fapple-homepod-mini-apple-siri-smart-speaker-14352667\">Galaxus<\/a> weg, hier wird der HomePod mini in \u201eSpace Grau\u201c als Neuware zum Preis von 99,89 Euro angeboten. F\u00fcr 10 Cent mehr ist der dunkelgraue HomePod mini inzwischen auch bei <a href=\"https:\/\/pvn.mediamarkt.de\/trck\/eclick\/fc83c8529e5e66bc7eb0ce9d8769a01d\" title=\"MediaMarkt\">MediaMarkt<\/a> im Ausverkauf erh\u00e4ltlich.<\/p>\n<p>Bei Galaxus ist der kleine Siri-Lautsprecher momentan auch in den anderen, schon l\u00e4ngere Zeit erh\u00e4ltlichen Farben g\u00fcnstiger zu haben. Einzig f\u00fcr den ganz neu erh\u00e4ltlichen HomePod mini in der Farbe \u201eMitternacht\u201c muss man die vollen 109 Euro auf den Tisch legen.<\/p>\n<p><a href=\"https:\/\/images.iphone-ticker.de\/wp-content\/uploads\/2024\/07\/homepod-mini-mit-iphone.jpg\"><img loading=\"lazy\" decoding=\"async\" src=\"https:\/\/images.iphone-ticker.de\/wp-content\/uploads\/2024\/07\/homepod-mini-mit-iphone-700x599.jpg\" alt=\"Homepod Mini Mit Iphone\" width=\"700\" height=\"599\" class=\"alignnone size-large wp-image-238990\" srcset=\"https:\/\/images.iphone-ticker.de\/wp-content\/uploads\/2024\/07\/homepod-mini-mit-iphone-700x599.jpg 700w, https:\/\/images.iphone-ticker.de\/wp-content\/uploads\/2024\/07\/homepod-mini-mit-iphone-500x428.jpg 500w, https:\/\/images.iphone-ticker.de\/wp-content\/uploads\/2024\/07\/homepod-mini-mit-iphone.jpg 1306w\" sizes=\"auto, (max-width: 700px) 100vw, 700px\" \/><\/a><\/p>\n<h2>Lediglich Material ge\u00e4ndert<\/h2>\n<p>Die \u00fcberraschende Vorstellung des neuen HomePod mini vor zwei Wochen hat zahlreiche Apple-Nutzer irritiert. Die diesbez\u00fcglich von Apple verschickte Pressemitteilung war formuliert, als habe es den HomePod mini bislang nur in den Farben \u201eGelb\u201c \u201eOrange\u201c, \u201eBlau\u201c und \u201eWei\u00df\u201c gegeben. Der HomePod in der dunklen Farbe \u201eMitternacht\u201c erweitere nun dieses bisherige Lineup.<\/p>\n<p>Konkret handelt es sich hier aber nur um einen Schritt, der eigentlich schon viel fr\u00fcher h\u00e4tte vollzogen werden k\u00f6nnen. Apple hat den alten dunkelgrauen HomePod mini in Rente geschickt, weil das neue Modell jetzt auf eine aus recyceltem Netzgewebe hergestellte Bespannung setzt. Unter der Haube hat sich, soweit dies bislang bekannt ist, absolut nichts ge\u00e4ndert.<\/p>\n<p>Das Recycling-Material f\u00fcr die HomePod-Bespannung findet bei Apple schon seit anderthalb Jahren Verwendung. Premiere hatte diese bislang nur in der Farbe \u201eMitternacht\u201c verf\u00fcgbare Materialkomposition mit der Anfang 2023 vorgestellten zweiten Generation des gro\u00dfen HomePod.<img loading=\"lazy\" decoding=\"async\" src=\"https:\/\/vg02.met.vgwort.de\/na\/eb77443701c149a7b16ff594f2d1b9b4\" width=\"1\" height=\"1\" no-lazy class=\"tracking\"><\/p>\n","protected":false},"excerpt":{"rendered":"<a href=\"https:\/\/www.iphone-ticker.de\/ausverkauf-des-homepod-mini-in-space-grau-startet-238988\/\"><img width=\"150\" height=\"150\" src=\"https:\/\/images.iphone-ticker.de\/wp-content\/uploads\/2024\/07\/homepod-mini-mit-iphone-150x150.jpg\" class=\"alignright tfe wp-post-image\" alt=\"Homepod Mini Mit Iphone\" decoding=\"async\" loading=\"lazy\" \/><\/a><p>Als Apple vor zwei Wochen den HomePod mini in der neuen Farbe \u201eMitternacht\u201c vorgestellt hat, war klar, dass der Preis f\u00fcr die noch verf\u00fcgbaren Restbest\u00e4nde des optisch nahezu identischen Vorg\u00e4ngers in \u201eSpace Grau\u201c fallen wird. Jetzt hat der Ausverkauf begonnen. Extreme Preissenkungen d\u00fcrft ihr nicht erwarten, aber man kann beim Kauf des Ger\u00e4ts immerhin 10 [&hellip;]<\/p>\n","protected":false},"author":2,"featured_media":238990,"comment_status":"open","ping_status":"closed","sticky":false,"template":"","format":"standard","meta":{"footnotes":""},"categories":[1],"tags":[5347],"class_list":["post-238988","post","type-post","status-publish","format-standard","has-post-thumbnail","hentry","category-news","tag-homepod-mini"],"aioseo_notices":[],"subheadline":["Immerhin 10 Euro g\u00fcnstiger"],"featured_image":["https:\/\/images.ifun.de\/wp-content\/uploads\/2024\/07\/homepod-mini-feature.jpg"],"rest_api_enabler":{"subheadline":"Immerhin 10 Euro g\u00fcnstiger","featured_image":"https:\/\/images.ifun.de\/wp-content\/uploads\/2024\/07\/homepod-mini-feature.jpg"},"_links":{"self":[{"href":"https:\/\/www.iphone-ticker.de\/apiv2\/wp\/v2\/posts\/238988","targetHints":{"allow":["GET"]}}],"collection":[{"href":"https:\/\/www.iphone-ticker.de\/apiv2\/wp\/v2\/posts"}],"about":[{"href":"https:\/\/www.iphone-ticker.de\/apiv2\/wp\/v2\/types\/post"}],"author":[{"embeddable":true,"href":"https:\/\/www.iphone-ticker.de\/apiv2\/wp\/v2\/users\/2"}],"replies":[{"embeddable":true,"href":"https:\/\/www.iphone-ticker.de\/apiv2\/wp\/v2\/comments?post=238988"}],"version-history":[{"count":2,"href":"https:\/\/www.iphone-ticker.de\/apiv2\/wp\/v2\/posts\/238988\/revisions"}],"predecessor-version":[{"id":238992,"href":"https:\/\/www.iphone-ticker.de\/apiv2\/wp\/v2\/posts\/238988\/revisions\/238992"}],"wp:featuredmedia":[{"embeddable":true,"href":"https:\/\/www.iphone-ticker.de\/apiv2\/wp\/v2\/media\/238990"}],"wp:attachment":[{"href":"https:\/\/www.iphone-ticker.de\/apiv2\/wp\/v2\/media?parent=238988"}],"wp:term":[{"taxonomy":"category","embeddable":true,"href":"https:\/\/www.iphone-ticker.de\/apiv2\/wp\/v2\/categories?post=238988"},{"taxonomy":"post_tag","embeddable":true,"href":"https:\/\/www.iphone-ticker.de\/apiv2\/wp\/v2\/tags?post=238988"}],"curies":[{"name":"wp","href":"https:\/\/api.w.org\/{rel}","templated":true}]}}