{"id":238982,"date":"2024-07-26T18:10:30","date_gmt":"2024-07-26T16:10:30","guid":{"rendered":"https:\/\/www.iphone-ticker.de\/?p=238982"},"modified":"2024-07-26T18:10:30","modified_gmt":"2024-07-26T16:10:30","slug":"bundesverwaltung-kauft-300-000-iphones-und-ipads","status":"publish","type":"post","link":"https:\/\/www.iphone-ticker.de\/bundesverwaltung-kauft-300-000-iphones-und-ipads-238982\/","title":{"rendered":"Bundesverwaltung kauft 300.000 iPhones und iPads"},"content":{"rendered":"<p>Das Bundesministerium des Innern und f\u00fcr Heimat (BMI) will in den kommenden drei Jahren bis zu 300.000 neue Apple-Ger\u00e4te anschaffen. Die iPhones und iPad werden dabei mit einer speziellen und f\u00fcr die Einsatz im Regierungsumfeld zertifizierten Variante von iOS ausgestattet.<\/p>\n<p>\u00dcber den Gro\u00dfauftrag freut sich der in Neckarsulm ans\u00e4\u00dfige IT-Ausstatter Bechtle in einer <a href=\"https:\/\/www.bechtle.com\/ueber-bechtle\/presse\/pressemeldungen\/2024\/bechtle-gewinnt-apple-ausschreibung-der-bundesverwaltung\">Pressemitteilung<\/a>. Man habe die Apple-Ausschreibung der Bundesverwaltung gewonnen und somit ein Auftrag im Gesamtwert von bis zu 770 Millionen Euro an Land gezogen. Bechtle liefert nicht nur die Hardware inklusive verschiedenem Zubeh\u00f6r, sondern erbringt auch die mit diesem Auftrag verbundenen Serviceleistungen.<\/p>\n<p><a href=\"https:\/\/images.iphone-ticker.de\/wp-content\/uploads\/2024\/07\/indigo.jpg\"><img loading=\"lazy\" decoding=\"async\" src=\"https:\/\/images.iphone-ticker.de\/wp-content\/uploads\/2024\/07\/indigo-700x490.jpg\" alt=\"Indigo\" width=\"700\" height=\"490\" class=\"alignnone size-large wp-image-238984\" srcset=\"https:\/\/images.iphone-ticker.de\/wp-content\/uploads\/2024\/07\/indigo-700x490.jpg 700w, https:\/\/images.iphone-ticker.de\/wp-content\/uploads\/2024\/07\/indigo-500x350.jpg 500w, https:\/\/images.iphone-ticker.de\/wp-content\/uploads\/2024\/07\/indigo.jpg 787w\" sizes=\"auto, (max-width: 700px) 100vw, 700px\" \/><\/a><\/p>\n<h6>Indigo-Grafik: <a href=\"https:\/\/www.virtual-solution.com\/apple-indigo-kompetenz-center\/\">Materna Virtual Solution<\/a><\/h6>\n<p>Die an das Bundesministerium gelieferten Ger\u00e4te sind nicht mit den regul\u00e4ren Mobil-Betriebssystemen von Apple ausgestattet, sondern m\u00fcssen unter der erweiterten iOS-Variante <a href=\"https:\/\/www.virtual-solution.com\/apple-indigo-kompetenz-center\/\">Indigo<\/a> laufen. Die Abk\u00fcrzung steht f\u00fcr \u201eiOS Native Devices in Government Operation\u201c und wurde vom Bundesamt f\u00fcr Sicherheit in der Informationstechnik (BSI) gepr\u00fcft und f\u00fcr den den sicheren Austausch vertraulicher Inhalte freigegeben, die als Verschlusssache und \u201eNur f\u00fcr den Dienstgebrauch\u201c (VS-NfD) eingestuft sind.<\/p>\n<p>Bei dem im Auftrag enthaltenen Zubeh\u00f6r handelt es sich um Endger\u00e4tezubeh\u00f6r wie beispielsweise Schutzh\u00fcllen oder Eingabeger\u00e4te wie den Apple Pencil.<\/p>\n<h2>BSI hat iPhone und iPad f\u00fcr den Beh\u00f6rdeneinsatz zertifiziert<\/h2>\n<p>Das Bundesamt f\u00fcr Sicherheit in der Informationstechnik hat die allgemeinen Sicherheitseigenschaften von iPhone und iPad sowie die M\u00f6glichkeiten zur sicheren Nutzung der Ger\u00e4te und deren Betriebssysteme bereits vor zwei Jahren untersucht. In ihrem Pr\u00fcfbericht hat die Beh\u00f6rde die Wirksamkeit der eingebetteten Sicherheitsfunktionen best\u00e4tigt und res\u00fcmiert, dass die in handels\u00fcblichen iPhones und iPads integrierten Applikationen f\u00fcr E-Mail, Kalender und Kontakte auch bei der Verarbeitung von Verschlusssachen der Kategorie \u201eNur f\u00fcr den Dienstgebrauch\u201c eine Erg\u00e4nzung des bestehenden Portfolios sicherer mobiler L\u00f6sungen darstellen.<\/p>\n<p>In der Folge wurde eine Fortf\u00fchrung der Zusammenarbeit mit Apple vereinbart, in deren Rahmen auch die vom BSI speziell f\u00fcr Beh\u00f6rden f\u00fcr das Bearbeiten von als Verschlusssache und nur f\u00fcr den Dienstgebrauch klassifizierten Daten mit einer Einsatzerlaubnis versehene iOS-Variante Indigo entstanden ist.<img loading=\"lazy\" decoding=\"async\" src=\"https:\/\/vg02.met.vgwort.de\/na\/8fb3fcdb52e243c184c87a1f53f9bf35\" width=\"1\" height=\"1\" no-lazy class=\"tracking\"><\/p>\n","protected":false},"excerpt":{"rendered":"<a href=\"https:\/\/www.iphone-ticker.de\/bundesverwaltung-kauft-300-000-iphones-und-ipads-238982\/\"><img width=\"150\" height=\"150\" src=\"https:\/\/images.iphone-ticker.de\/wp-content\/uploads\/2024\/07\/indigo-150x150.jpg\" class=\"alignright tfe wp-post-image\" alt=\"Indigo\" decoding=\"async\" loading=\"lazy\" \/><\/a><p>Das Bundesministerium des Innern und f\u00fcr Heimat (BMI) will in den kommenden drei Jahren bis zu 300.000 neue Apple-Ger\u00e4te anschaffen. Die iPhones und iPad werden dabei mit einer speziellen und f\u00fcr die Einsatz im Regierungsumfeld zertifizierten Variante von iOS ausgestattet. \u00dcber den Gro\u00dfauftrag freut sich der in Neckarsulm ans\u00e4\u00dfige IT-Ausstatter Bechtle in einer Pressemitteilung. Man [&hellip;]<\/p>\n","protected":false},"author":2,"featured_media":238984,"comment_status":"open","ping_status":"closed","sticky":false,"template":"","format":"standard","meta":{"footnotes":""},"categories":[1],"tags":[3863,3883],"class_list":["post-238982","post","type-post","status-publish","format-standard","has-post-thumbnail","hentry","category-news","tag-bsi","tag-bund"],"aioseo_notices":[],"subheadline":["Vom BSI f\u00fcr vertrauliche Kommunikation freigegeben"],"featured_image":["https:\/\/images.iphone-ticker.de\/wp-content\/uploads\/2017\/03\/bsi-eingang.jpg"],"rest_api_enabler":{"subheadline":"Vom BSI f\u00fcr vertrauliche Kommunikation freigegeben","featured_image":"https:\/\/images.iphone-ticker.de\/wp-content\/uploads\/2017\/03\/bsi-eingang.jpg"},"_links":{"self":[{"href":"https:\/\/www.iphone-ticker.de\/apiv2\/wp\/v2\/posts\/238982","targetHints":{"allow":["GET"]}}],"collection":[{"href":"https:\/\/www.iphone-ticker.de\/apiv2\/wp\/v2\/posts"}],"about":[{"href":"https:\/\/www.iphone-ticker.de\/apiv2\/wp\/v2\/types\/post"}],"author":[{"embeddable":true,"href":"https:\/\/www.iphone-ticker.de\/apiv2\/wp\/v2\/users\/2"}],"replies":[{"embeddable":true,"href":"https:\/\/www.iphone-ticker.de\/apiv2\/wp\/v2\/comments?post=238982"}],"version-history":[{"count":3,"href":"https:\/\/www.iphone-ticker.de\/apiv2\/wp\/v2\/posts\/238982\/revisions"}],"predecessor-version":[{"id":238987,"href":"https:\/\/www.iphone-ticker.de\/apiv2\/wp\/v2\/posts\/238982\/revisions\/238987"}],"wp:featuredmedia":[{"embeddable":true,"href":"https:\/\/www.iphone-ticker.de\/apiv2\/wp\/v2\/media\/238984"}],"wp:attachment":[{"href":"https:\/\/www.iphone-ticker.de\/apiv2\/wp\/v2\/media?parent=238982"}],"wp:term":[{"taxonomy":"category","embeddable":true,"href":"https:\/\/www.iphone-ticker.de\/apiv2\/wp\/v2\/categories?post=238982"},{"taxonomy":"post_tag","embeddable":true,"href":"https:\/\/www.iphone-ticker.de\/apiv2\/wp\/v2\/tags?post=238982"}],"curies":[{"name":"wp","href":"https:\/\/api.w.org\/{rel}","templated":true}]}}