{"id":236855,"date":"2024-06-20T13:43:36","date_gmt":"2024-06-20T11:43:36","guid":{"rendered":"https:\/\/www.iphone-ticker.de\/?p=236855"},"modified":"2024-06-27T12:04:13","modified_gmt":"2024-06-27T10:04:13","slug":"chatkontrolle-eu-rat-vertagt-entscheidung","status":"publish","type":"post","link":"https:\/\/www.iphone-ticker.de\/chatkontrolle-eu-rat-vertagt-entscheidung-236855\/","title":{"rendered":"Chatkontrolle: Europ\u00e4ischer Rat vertagt Entscheidung"},"content":{"rendered":"<p class=\"p1\">Eigentlich h\u00e4tte heute die Entscheidung f\u00fcr oder gegen die perspektivische Einf\u00fchrung der sogenannten Chat-Kontrollen fallen sollen. Mit diesen wollen mehrere Mitgliedstaaten der Europ\u00e4ischen Union die Inhalte von Messenger-Diensten prophylaktisch \u00fcberwachen und so die Verbreitung von Bildern, Videos und anderen Inhalten unterbinden, mit denen von sexualisierter Gewalt an Kindern profitiert wird.<\/p>\n<blockquote class=\"twitter-tweet\">\n<p dir=\"ltr\" lang=\"de\">Die \u201eChatkontrolle\u201c lehnen wir ab. Deutschland wird im EU-Rat mit Nein stimmen, wenn es beim aktuellen Vorschlag bleibt. Wir m\u00fcssen Kinder auch mit europ\u00e4ischen Instrumenten vor sexueller Gewalt sch\u00fctzen, aber zielgerichtet und rechtsstaatlich.<\/p>\n<p>\u2014 Nancy Faeser (@NancyFaeser) <a href=\"https:\/\/twitter.com\/NancyFaeser\/status\/1803460751186706857?ref_src=twsrc%5Etfw\">June 19, 2024<\/a><\/p><\/blockquote>\n<p><script async src=\"https:\/\/platform.twitter.com\/widgets.js\" charset=\"utf-8\"><\/script><\/p>\n<p class=\"p1\">Das Gesetzesvorhaben ist umstritten und wird von B\u00fcrgerrechtlern und Datensch\u00fctzern ob der umfangreichen Einschnitte in die Privatsph\u00e4re der betroffenen B\u00fcrger schon seit Jahren abgelehnt. Deutschland, so viel war im Vorfeld der erwarteten Abstimmung <a href=\"https:\/\/www.zdf.de\/nachrichten\/politik\/chatkontrolle-deutschland-gegen-eu-plan-datenschutz-100.html\">bekannt geworden<\/a>, hatte sich gegen die Einf\u00fchrung der Chat-Kontrollen ausgesprochen.<\/p>\n<h2 class=\"p1\">EU-Rat vertagt Entscheidung<\/h2>\n<p class=\"p1\">Wie die Position der Bundesrepublik die Abstimmung innerhalb <a href=\"https:\/\/www.consilium.europa.eu\/de\/\">des europ\u00e4ischen Rates<\/a> beeinflusst h\u00e4tte, werden wir vorerst jedoch nicht in Erfahrung bringen k\u00f6nnen. Anstatt \u00fcber den Gesetzentwurf zur Chat-Kontrolle zu entscheiden, hat der EU-Rat die Abstimmung vertagt. Ausschlaggebend daf\u00fcr soll die Annahme der belgischen Ratspr\u00e4sidentschaft <a href=\"https:\/\/netzpolitik.org\/2024\/etappensieg-belgien-scheitert-mit-abstimmung-zur-chatkontrolle\/\">gewesen sein<\/a>, dass der vorgelegte Entwurf wahrscheinlich keine Mehrheit bekommen h\u00e4tte.<\/p>\n<p class=\"p1\">Damit k\u00f6nnen Datensch\u00fctzer zwar einen Etappensieg f\u00fcr sich verbuchen, die Entscheidung \u00fcber die europaweite Einf\u00fchrung der Chat-Kontrollen ist damit allerdings nur aufgeschoben.<\/p>\n<p class=\"p1\">Bef\u00fcrworter der Chat-Kontrolle hatten sich in der Vergangenheit stets auch daf\u00fcr ausgesprochen, diese in voll verschl\u00fcsselte Chat- und Messenger-Dienste zu integrieren und so auch all jene Konversationen zu durchleuchten, die eigentlich Ende-zu-Ende-verschl\u00fcsselt stattfinden sollten.<\/p>\n<p class=\"p1\">Nun bleibt abzuwarten, wie die Verhandlungen zur Chat-Kontrolle weitergehen und wann der n\u00e4chste Entwurf die Abstimmung innerhalb des EU-Rates wieder erm\u00f6glichen wird. Noch hat Belgien den Vorsitz \u00fcber den EU-Rat inne, wird diesen aber schon bald an Ungarn abtreten. Mit welcher Priorit\u00e4t Ungarn das Vorgehen seinerseits angehen wird, ist ungewiss.<\/p>\n<p><img loading=\"lazy\" decoding=\"async\" src=\"https:\/\/vg04.met.vgwort.de\/na\/4609b39a43d34162ac49e821cecb1c81\" width=\"1\" height=\"1\" no-lazy class=\"tracking\"><\/p>\n","protected":false},"excerpt":{"rendered":"<a href=\"https:\/\/www.iphone-ticker.de\/chatkontrolle-eu-rat-vertagt-entscheidung-236855\/\"><img decoding=\"async\" width=\"150\" src=\"https:\/\/vg04.met.vgwort.de\/na\/4609b39a43d34162ac49e821cecb1c81\" class=\"alignright wp-post-image tfe\" alt=\"\" title=\"\" \/><\/a><p>Eigentlich h\u00e4tte heute die Entscheidung f\u00fcr oder gegen die perspektivische Einf\u00fchrung der sogenannten Chat-Kontrollen fallen sollen. Mit diesen wollen mehrere Mitgliedstaaten der Europ\u00e4ischen Union die Inhalte von Messenger-Diensten prophylaktisch \u00fcberwachen und so die Verbreitung von Bildern, Videos und anderen Inhalten unterbinden, mit denen von sexualisierter Gewalt an Kindern profitiert wird. Die \u201eChatkontrolle\u201c lehnen wir ab. [&hellip;]<\/p>\n","protected":false},"author":1,"featured_media":0,"comment_status":"open","ping_status":"closed","sticky":false,"template":"","format":"standard","meta":{"footnotes":""},"categories":[1,1975],"tags":[6827,412,147],"class_list":["post-236855","post","type-post","status-publish","format-standard","hentry","category-news","category-feature","tag-chatkontrolle","tag-politik","tag-recht"],"aioseo_notices":[],"featured_image":["https:\/\/images.iphone-ticker.de\/wp-content\/uploads\/2024\/02\/imessage-apple-1.jpg"],"subheadline":["Aktueller Entwurf nicht mehrheitsf\u00e4hig"],"rest_api_enabler":{"featured_image":"https:\/\/images.iphone-ticker.de\/wp-content\/uploads\/2024\/02\/imessage-apple-1.jpg","subheadline":"Aktueller Entwurf nicht mehrheitsf\u00e4hig"},"_links":{"self":[{"href":"https:\/\/www.iphone-ticker.de\/apiv2\/wp\/v2\/posts\/236855","targetHints":{"allow":["GET"]}}],"collection":[{"href":"https:\/\/www.iphone-ticker.de\/apiv2\/wp\/v2\/posts"}],"about":[{"href":"https:\/\/www.iphone-ticker.de\/apiv2\/wp\/v2\/types\/post"}],"author":[{"embeddable":true,"href":"https:\/\/www.iphone-ticker.de\/apiv2\/wp\/v2\/users\/1"}],"replies":[{"embeddable":true,"href":"https:\/\/www.iphone-ticker.de\/apiv2\/wp\/v2\/comments?post=236855"}],"version-history":[{"count":3,"href":"https:\/\/www.iphone-ticker.de\/apiv2\/wp\/v2\/posts\/236855\/revisions"}],"predecessor-version":[{"id":236861,"href":"https:\/\/www.iphone-ticker.de\/apiv2\/wp\/v2\/posts\/236855\/revisions\/236861"}],"wp:attachment":[{"href":"https:\/\/www.iphone-ticker.de\/apiv2\/wp\/v2\/media?parent=236855"}],"wp:term":[{"taxonomy":"category","embeddable":true,"href":"https:\/\/www.iphone-ticker.de\/apiv2\/wp\/v2\/categories?post=236855"},{"taxonomy":"post_tag","embeddable":true,"href":"https:\/\/www.iphone-ticker.de\/apiv2\/wp\/v2\/tags?post=236855"}],"curies":[{"name":"wp","href":"https:\/\/api.w.org\/{rel}","templated":true}]}}