{"id":236370,"date":"2024-06-12T13:06:50","date_gmt":"2024-06-12T11:06:50","guid":{"rendered":"https:\/\/www.iphone-ticker.de\/?p=236370"},"modified":"2024-06-19T10:26:13","modified_gmt":"2024-06-19T08:26:13","slug":"ios-18-erlaubt-das-erstellen-von-erinnerungen-im-kalender","status":"publish","type":"post","link":"https:\/\/www.iphone-ticker.de\/ios-18-erlaubt-das-erstellen-von-erinnerungen-im-kalender-236370\/","title":{"rendered":"iOS 18 erlaubt das Erstellen von Erinnerungen im Kalender"},"content":{"rendered":"<p>Angesichts der Ank\u00fcndigung von Apples KI-Ansatz \u201eApple Intelligence\u201c und diversen weiteren gro\u00dfen Neuerungen in iOS 18 sind ein paar weniger spektakul\u00e4re, von Apple angek\u00fcndigte Verbesserungen f\u00fcr den Alltagseinsatz von iOS beinahe untergegangen. Ganz besonders z\u00e4hlt hier unserer Meinung nach ein fast schon nebenbei erw\u00e4hnter Punkt dazu, der Apples Kalender-App in unserer pers\u00f6nlichen Rangliste ein ganzes St\u00fcck nach vorne bringt.<\/p>\n<p><a href=\"https:\/\/images.iphone-ticker.de\/wp-content\/uploads\/2024\/06\/ios-18-kalender.png\"><img loading=\"lazy\" decoding=\"async\" src=\"https:\/\/images.iphone-ticker.de\/wp-content\/uploads\/2024\/06\/ios-18-kalender-500x500.png\" alt=\"Ios 18 Kalender\" width=\"500\" height=\"500\" class=\"aligncenter size-medium wp-image-236376\" srcset=\"https:\/\/images.iphone-ticker.de\/wp-content\/uploads\/2024\/06\/ios-18-kalender-500x500.png 500w, https:\/\/images.iphone-ticker.de\/wp-content\/uploads\/2024\/06\/ios-18-kalender-700x700.png 700w, https:\/\/images.iphone-ticker.de\/wp-content\/uploads\/2024\/06\/ios-18-kalender-150x150.png 150w, https:\/\/images.iphone-ticker.de\/wp-content\/uploads\/2024\/06\/ios-18-kalender-1536x1536.png 1536w, https:\/\/images.iphone-ticker.de\/wp-content\/uploads\/2024\/06\/ios-18-kalender-2048x2048.png 2048w\" sizes=\"auto, (max-width: 500px) 100vw, 500px\" \/><\/a><\/p>\n<p>Um Erinnerungen zu erstellen oder zu bearbeiten, muss man in Zukunft n\u00e4mlich nicht mehr zwischen Apples Erinnerungen-App und dem Kalender von Apple hin- und herspringen, sondern kann dies alles direkt vom Kalender aus erledigen.<\/p>\n<p>Welche Auswirkung die \u00c4nderung auf den einzelnen Nutzer hat, h\u00e4ngt nat\u00fcrlich ma\u00dfgeblich von der pers\u00f6nlichen Arbeitsweise ab. Doch dem Leser-Feedback der vergangenen Jahre zufolge, k\u00f6nnte ein nicht unerheblicher Teil der iPhone-Nutzer dank dieser \u00c4nderung komplett auf die separate Erinnerungen-App verzichten, weil er sowohl seine Termine als auch allgemeine Aufgaben und die zugeh\u00f6rigen Erinnerungen komplett \u00fcber seine Kalender-App verwaltet.<\/p>\n<p>Gemeinsam mit weiteren Verbesserungen wie einer \u00fcberarbeiteten Monatsansicht, bewirbt sich Apples Standard-Kalender dann vielleicht auch als kostenlose Alternative zu den vermehrt in diesem Bereich auf Abonnements setzenden Anwendungen von Drittanbietern.<\/p>\n<p><a href=\"https:\/\/images.iphone-ticker.de\/wp-content\/uploads\/2024\/06\/juni-erinnerungen.png\"><img loading=\"lazy\" decoding=\"async\" src=\"https:\/\/images.iphone-ticker.de\/wp-content\/uploads\/2024\/06\/juni-erinnerungen-700x700.png\" alt=\"Juni Erinnerungen\" width=\"700\" height=\"700\" class=\"aligncenter size-large wp-image-236377\" srcset=\"https:\/\/images.iphone-ticker.de\/wp-content\/uploads\/2024\/06\/juni-erinnerungen-700x700.png 700w, https:\/\/images.iphone-ticker.de\/wp-content\/uploads\/2024\/06\/juni-erinnerungen-500x500.png 500w, https:\/\/images.iphone-ticker.de\/wp-content\/uploads\/2024\/06\/juni-erinnerungen-150x150.png 150w, https:\/\/images.iphone-ticker.de\/wp-content\/uploads\/2024\/06\/juni-erinnerungen-1536x1536.png 1536w, https:\/\/images.iphone-ticker.de\/wp-content\/uploads\/2024\/06\/juni-erinnerungen-2048x2048.png 2048w\" sizes=\"auto, (max-width: 700px) 100vw, 700px\" \/><\/a><\/p>\n<h2>Apple-Kalender statt Abo-Angeboten?<\/h2>\n<p>Eben erst hat ja Readdle <a href=\"https:\/\/www.iphone-ticker.de\/calendars-5-wird-eingestellt-nachfolger-mit-abo-modell-235994\/\" title=\"Calendars 5 wird eingestellt: Nachfolger mit Abo-Modell\">mitgeteilt<\/a>, dass das beliebte Calendars 5 eingestellt wird und einer L\u00f6sung weichen muss, die den Fokus auf ein Abo-Angebot setzt. Wenngleich viele solcher externen App-Angebote aufgrund ihres erweiterten Funktionsumfangs insbesondere in gesch\u00e4ftlichen Umfeld sicher oft ihre Berechtigung haben. iOS sollte von Haus aus mit einer Kalender-App ausgestattet sein, die in der Lage ist, die Grundbed\u00fcrfnisse von Standardnutzern in diesem Bereich ausreichend abzudecken.<img loading=\"lazy\" decoding=\"async\" src=\"https:\/\/vg01.met.vgwort.de\/na\/941b4ecced00409b8338cf09c3a69038\" width=\"1\" height=\"1\" no-lazy class=\"tracking\"><\/p>\n","protected":false},"excerpt":{"rendered":"<a href=\"https:\/\/www.iphone-ticker.de\/ios-18-erlaubt-das-erstellen-von-erinnerungen-im-kalender-236370\/\"><img width=\"150\" height=\"150\" src=\"https:\/\/images.iphone-ticker.de\/wp-content\/uploads\/2024\/06\/kalender-feature-150x150.jpg\" class=\"alignright tfe wp-post-image\" alt=\"Kalender Feature\" decoding=\"async\" loading=\"lazy\" \/><\/a><p>Angesichts der Ank\u00fcndigung von Apples KI-Ansatz \u201eApple Intelligence\u201c und diversen weiteren gro\u00dfen Neuerungen in iOS 18 sind ein paar weniger spektakul\u00e4re, von Apple angek\u00fcndigte Verbesserungen f\u00fcr den Alltagseinsatz von iOS beinahe untergegangen. Ganz besonders z\u00e4hlt hier unserer Meinung nach ein fast schon nebenbei erw\u00e4hnter Punkt dazu, der Apples Kalender-App in unserer pers\u00f6nlichen Rangliste ein ganzes [&hellip;]<\/p>\n","protected":false},"author":2,"featured_media":236373,"comment_status":"open","ping_status":"closed","sticky":false,"template":"","format":"standard","meta":{"footnotes":""},"categories":[639,1975],"tags":[6793],"class_list":["post-236370","post","type-post","status-publish","format-standard","has-post-thumbnail","hentry","category-ios","category-feature","tag-neu-in-ios-18"],"aioseo_notices":[],"subheadline":["Auch direktes Bearbeiten m\u00f6glich"],"featured_image":["https:\/\/images.iphone-ticker.de\/wp-content\/uploads\/2024\/06\/kalender-feature.jpg"],"rest_api_enabler":{"subheadline":"Auch direktes Bearbeiten m\u00f6glich","featured_image":"https:\/\/images.iphone-ticker.de\/wp-content\/uploads\/2024\/06\/kalender-feature.jpg"},"_links":{"self":[{"href":"https:\/\/www.iphone-ticker.de\/apiv2\/wp\/v2\/posts\/236370","targetHints":{"allow":["GET"]}}],"collection":[{"href":"https:\/\/www.iphone-ticker.de\/apiv2\/wp\/v2\/posts"}],"about":[{"href":"https:\/\/www.iphone-ticker.de\/apiv2\/wp\/v2\/types\/post"}],"author":[{"embeddable":true,"href":"https:\/\/www.iphone-ticker.de\/apiv2\/wp\/v2\/users\/2"}],"replies":[{"embeddable":true,"href":"https:\/\/www.iphone-ticker.de\/apiv2\/wp\/v2\/comments?post=236370"}],"version-history":[{"count":3,"href":"https:\/\/www.iphone-ticker.de\/apiv2\/wp\/v2\/posts\/236370\/revisions"}],"predecessor-version":[{"id":236379,"href":"https:\/\/www.iphone-ticker.de\/apiv2\/wp\/v2\/posts\/236370\/revisions\/236379"}],"wp:featuredmedia":[{"embeddable":true,"href":"https:\/\/www.iphone-ticker.de\/apiv2\/wp\/v2\/media\/236373"}],"wp:attachment":[{"href":"https:\/\/www.iphone-ticker.de\/apiv2\/wp\/v2\/media?parent=236370"}],"wp:term":[{"taxonomy":"category","embeddable":true,"href":"https:\/\/www.iphone-ticker.de\/apiv2\/wp\/v2\/categories?post=236370"},{"taxonomy":"post_tag","embeddable":true,"href":"https:\/\/www.iphone-ticker.de\/apiv2\/wp\/v2\/tags?post=236370"}],"curies":[{"name":"wp","href":"https:\/\/api.w.org\/{rel}","templated":true}]}}