{"id":235190,"date":"2024-05-23T15:29:57","date_gmt":"2024-05-23T13:29:57","guid":{"rendered":"https:\/\/www.iphone-ticker.de\/?p=235190"},"modified":"2024-05-23T15:29:57","modified_gmt":"2024-05-23T13:29:57","slug":"die-neue-sonos-app-ceo-spence-reagiert-auf-kritik","status":"publish","type":"post","link":"https:\/\/www.iphone-ticker.de\/die-neue-sonos-app-ceo-spence-reagiert-auf-kritik-235190\/","title":{"rendered":"Die neue Sonos-App: CEO Spence reagiert auf Kritik"},"content":{"rendered":"<p>Erstmals seit Ver\u00f6ffentlichung der neuen Sonos-Applikation <a href=\"https:\/\/www.iphone-ticker.de\/die-neue-sonos-app-jetzt-im-app-store-verfuegbar-234350\/\">am 7. Mai<\/a> hat sich Unternehmenschef Patrick Spence jetzt zur neu gestalteten Anwendung zu Wort gemeldet, auf deren pl\u00f6tzliche Verteilung viele Kunden entgeistert reagierten.<\/p>\n<p><a href=\"https:\/\/images.iphone-ticker.de\/wp-content\/uploads\/2024\/05\/Patrick_SpenceChiefExecutiveOfficer.jpg\"><img loading=\"lazy\" decoding=\"async\" class=\"aligncenter size-medium wp-image-235192\" src=\"https:\/\/images.iphone-ticker.de\/wp-content\/uploads\/2024\/05\/Patrick_SpenceChiefExecutiveOfficer-500x353.jpg\" alt=\"Patrick SpenceChiefExecutiveOfficer\" width=\"500\" height=\"353\" srcset=\"https:\/\/images.iphone-ticker.de\/wp-content\/uploads\/2024\/05\/Patrick_SpenceChiefExecutiveOfficer-500x353.jpg 500w, https:\/\/images.iphone-ticker.de\/wp-content\/uploads\/2024\/05\/Patrick_SpenceChiefExecutiveOfficer-700x494.jpg 700w, https:\/\/images.iphone-ticker.de\/wp-content\/uploads\/2024\/05\/Patrick_SpenceChiefExecutiveOfficer.jpg 1200w\" sizes=\"auto, (max-width: 500px) 100vw, 500px\" \/><\/a><\/p>\n<p>Wie berichtet, hat die neue Sonos-Anwendung <a href=\"https:\/\/www.iphone-ticker.de\/sonos-neue-app-version-streicht-populaere-funktionen-234433\/\">zahlreiche Funktionen entfernt<\/a>, was vielen Bestandskunden den gewohnten Einsatz der Multiroom-Lautsprecher unm\u00f6glich machte. Lokale Musikbibliotheken lie\u00dfen sich nicht mehr wiedergeben, manuell angelegte Online-Radiostationen konnten nicht mehr abgespielt werden, Wecker waren pl\u00f6tzlich nicht mehr zug\u00e4nglich, und zudem fehlte jede M\u00f6glichkeit, die aktuell laufende Wiedergabeliste um neue Songs zu erg\u00e4nzen.<\/p>\n<h2>Launch der neuen App war richtig<\/h2>\n<p><a href=\"https:\/\/www.theverge.com\/2024\/5\/22\/24162168\/sonos-ceo-patrick-spence-new-app-design-interview\">In einem Gespr\u00e4ch<\/a> mit dem US-Journalisten Christian Welch hat Patrick Spence jetzt einger\u00e4umt, dass man einen besseren Job in der Kommunikation h\u00e4tte machen k\u00f6nnen. Die Ausgabe der neuen Anwendung bewertet der Sonos-Chef jedoch nach wie vor als richtigen Schritt.<\/p>\n<p><a href=\"https:\/\/images.iphone-ticker.de\/wp-content\/uploads\/2024\/05\/neue-sonos-app.png\"><img loading=\"lazy\" decoding=\"async\" class=\"aligncenter size-large wp-image-234370\" src=\"https:\/\/images.iphone-ticker.de\/wp-content\/uploads\/2024\/05\/neue-sonos-app-700x700.png\" alt=\"Neue Sonos App\" width=\"700\" height=\"700\" srcset=\"https:\/\/images.iphone-ticker.de\/wp-content\/uploads\/2024\/05\/neue-sonos-app-700x700.png 700w, https:\/\/images.iphone-ticker.de\/wp-content\/uploads\/2024\/05\/neue-sonos-app-500x500.png 500w, https:\/\/images.iphone-ticker.de\/wp-content\/uploads\/2024\/05\/neue-sonos-app-150x150.png 150w, https:\/\/images.iphone-ticker.de\/wp-content\/uploads\/2024\/05\/neue-sonos-app-1536x1536.png 1536w, https:\/\/images.iphone-ticker.de\/wp-content\/uploads\/2024\/05\/neue-sonos-app-2048x2048.png 2048w\" sizes=\"auto, (max-width: 700px) 100vw, 700px\" \/><\/a><\/p>\n<p>Sonos-CEO Spence zufolge habe es zwei Hauptthemen gegeben, die Kunden \u00fcber Jahre hinweg in ihren E-Mails und ihrem Feedback angesprochen h\u00e4tten: Den Wunsch nach einem Kopfh\u00f6rer und die App.<\/p>\n<p>W\u00e4hrend seiner gesamten Zeit bei Sonos, insbesondere aber w\u00e4hrend seiner Zeit als CEO, h\u00e4tten Kunden immer wieder darauf hingewiesen, dass die App einfacher zu bedienen und moderner werden m\u00fcsse. Wichtig war vielen, dass die App schneller reagiert und geringere Latenzen aufweist. Die Daten und das Feedback w\u00fcrden zeigen, dass die App nun tats\u00e4chlich einfacher zu navigieren sei.<\/p>\n<p>Die neue Architektur und die vorgenommenen \u00c4nderungen erm\u00f6glichten es Sonos zudem, schneller als bislang zu reagieren. Ein Beispiel sei das Alarmproblem, dessen Ursache deutlich schneller behoben werden konnte, als dies in der Vergangenheit der Fall gewesen w\u00e4re.<\/p>\n<p><div class=\"responsive-video\"><iframe loading=\"lazy\" title=\"How to use the Sonos app\" width=\"500\" height=\"281\" src=\"https:\/\/www.youtube-nocookie.com\/embed\/zevXtODoMeE?feature=oembed\" frameborder=\"0\" allow=\"accelerometer; autoplay; clipboard-write; encrypted-media; gyroscope; picture-in-picture; web-share\" referrerpolicy=\"strict-origin-when-cross-origin\" allowfullscreen><\/iframe><\/div><\/p>\n<p>Spence betont, dass es wichtig sei, Entscheidungen gegen\u00fcber den Kunden klarer zu kommunizieren und versprach, dass das Unternehmen in dieser Hinsicht besser werden werde. Die Sonos-App sei nun wesentlich einfacher zu bedienen, reaktionsschneller und insgesamt eine bessere Erfahrung. Dies sei f\u00fcr 99 Prozent der Kunden, die keine Kritik an Sonos \u00e4u\u00dferten, von Vorteil.<\/p>\n<h2>Zeitplan zur Wiedereinf\u00fchrung von Funktionen<\/h2>\n<p>Sonos hatte am 14. Mai einen Zeitplan zur Wiedereinf\u00fchrung der verschwundenen Funktionen kommuniziert.<\/p>\n<ul>\n<li><strong>Sonos legt Zeitplan vor:<\/strong> <a title=\"Sonos legt Zeitplan vor: Ab Mitte Juni wird nachger\u00fcstet\" href=\"https:\/\/www.ifun.de\/sonos-legt-zeitplan-vor-ab-mitte-juni-wird-nachgeruestet-232486\/\">Ab Mitte Juni wird nachger\u00fcstet<\/a><\/li>\n<\/ul>\n<p><img loading=\"lazy\" decoding=\"async\" src=\"https:\/\/vg08.met.vgwort.de\/na\/326a3823d6fa4f7eb8fcbb882de10729\" width=\"1\" height=\"1\" no-lazy class=\"tracking\"><\/p>\n","protected":false},"excerpt":{"rendered":"<a href=\"https:\/\/www.iphone-ticker.de\/die-neue-sonos-app-ceo-spence-reagiert-auf-kritik-235190\/\"><img width=\"150\" height=\"150\" src=\"https:\/\/images.iphone-ticker.de\/wp-content\/uploads\/2024\/05\/Patrick_SpenceChiefExecutiveOfficer-150x150.jpg\" class=\"alignright tfe wp-post-image\" alt=\"Patrick SpenceChiefExecutiveOfficer\" decoding=\"async\" loading=\"lazy\" \/><\/a><p>Erstmals seit Ver\u00f6ffentlichung der neuen Sonos-Applikation am 7. Mai hat sich Unternehmenschef Patrick Spence jetzt zur neu gestalteten Anwendung zu Wort gemeldet, auf deren pl\u00f6tzliche Verteilung viele Kunden entgeistert reagierten. Wie berichtet, hat die neue Sonos-Anwendung zahlreiche Funktionen entfernt, was vielen Bestandskunden den gewohnten Einsatz der Multiroom-Lautsprecher unm\u00f6glich machte. Lokale Musikbibliotheken lie\u00dfen sich nicht mehr [&hellip;]<\/p>\n","protected":false},"author":1,"featured_media":235192,"comment_status":"open","ping_status":"closed","sticky":false,"template":"","format":"standard","meta":{"footnotes":""},"categories":[1],"tags":[381,32,713],"class_list":["post-235190","post","type-post","status-publish","format-standard","has-post-thumbnail","hentry","category-news","tag-app","tag-kritik","tag-sonos"],"aioseo_notices":[],"subheadline":["99 Prozent der Kunden zufrieden","99 Prozent der Kunden zufrieden"],"featured_image":["https:\/\/images.iphone-ticker.de\/wp-content\/uploads\/2024\/05\/neue-sonos-app-feature.jpg"],"rest_api_enabler":{"subheadline":["99 Prozent der Kunden zufrieden","99 Prozent der Kunden zufrieden"],"featured_image":"https:\/\/images.iphone-ticker.de\/wp-content\/uploads\/2024\/05\/neue-sonos-app-feature.jpg"},"_links":{"self":[{"href":"https:\/\/www.iphone-ticker.de\/apiv2\/wp\/v2\/posts\/235190","targetHints":{"allow":["GET"]}}],"collection":[{"href":"https:\/\/www.iphone-ticker.de\/apiv2\/wp\/v2\/posts"}],"about":[{"href":"https:\/\/www.iphone-ticker.de\/apiv2\/wp\/v2\/types\/post"}],"author":[{"embeddable":true,"href":"https:\/\/www.iphone-ticker.de\/apiv2\/wp\/v2\/users\/1"}],"replies":[{"embeddable":true,"href":"https:\/\/www.iphone-ticker.de\/apiv2\/wp\/v2\/comments?post=235190"}],"version-history":[{"count":2,"href":"https:\/\/www.iphone-ticker.de\/apiv2\/wp\/v2\/posts\/235190\/revisions"}],"predecessor-version":[{"id":235194,"href":"https:\/\/www.iphone-ticker.de\/apiv2\/wp\/v2\/posts\/235190\/revisions\/235194"}],"wp:featuredmedia":[{"embeddable":true,"href":"https:\/\/www.iphone-ticker.de\/apiv2\/wp\/v2\/media\/235192"}],"wp:attachment":[{"href":"https:\/\/www.iphone-ticker.de\/apiv2\/wp\/v2\/media?parent=235190"}],"wp:term":[{"taxonomy":"category","embeddable":true,"href":"https:\/\/www.iphone-ticker.de\/apiv2\/wp\/v2\/categories?post=235190"},{"taxonomy":"post_tag","embeddable":true,"href":"https:\/\/www.iphone-ticker.de\/apiv2\/wp\/v2\/tags?post=235190"}],"curies":[{"name":"wp","href":"https:\/\/api.w.org\/{rel}","templated":true}]}}