{"id":23509,"date":"2011-07-28T15:41:44","date_gmt":"2011-07-28T13:41:44","guid":{"rendered":"http:\/\/www.iphone-ticker.de\/?p=23509"},"modified":"2011-07-29T10:43:23","modified_gmt":"2011-07-29T08:43:23","slug":"vietnamesische-foren-fotos-sollen-preiswert-iphone-zeigen","status":"publish","type":"post","link":"https:\/\/www.iphone-ticker.de\/vietnamesische-foren-fotos-sollen-preiswert-iphone-zeigen-23509\/","title":{"rendered":"Vietnamesische Foren-Fotos sollen Preiswert-iPhone zeigen &#8211; Zitterbilder das iPhone 5 [Update]"},"content":{"rendered":"<p><strong>Update<\/strong>: Seth Weintraub wirft ein <a href=\"http:\/\/9to5mac.com\/2011\/07\/28\/have-we-found-the-iphone-5\/\">weiteres Foto<\/a> in den Ger\u00fcchte-Mix und schm\u00fcckt das Zitterbild mit einer so schwammigen Augenzeugen-Geschichte, das wir auf eine Zusammenfassung verzichten und lieber direkt auf den <a href=\"http:\/\/en.wikipedia.org\/wiki\/Link_bait\">Link-Bait Artikel<\/a> der Wikipedia verweisen. Das Foto &#8211; diesmal wirklich sicher ein iPhone 5 Mitarbeiter-Ger\u00e4t &#8211; ist ganz unten eingebettet&#8230; <\/p>\n<hr \/>\n<p> <a href=\"http:\/\/www.iphone-ticker.de\/2011\/06\/27\/iphone-5-produktionsbeginn-ende-august-preiswert-iphone-erneut-gesprach\/\">Immer wieder<\/a> im Gespr\u00e4ch, und mit der zunehmenden Markts\u00e4ttigung im Premium-Bereich auch immer plausibler: Apple soll an einem Preiswert-iPhone im unteren dreistelligen Euro-Bereich arbeiten und k\u00f6nnte dieses zusammen mit der n\u00e4chsten Ger\u00e4te-Generation vorstellen und das iPhone 3GS als Spar-Ger\u00e4t abl\u00f6sen. <\/p>\n<p><a href=\"http:\/\/www.iphone-ticker.de\/wp-content\/uploads\/2011\/07\/platikphone.jpg\"><img loading=\"lazy\" decoding=\"async\" src=\"http:\/\/www.iphone-ticker.de\/wp-content\/uploads\/2011\/07\/platikphone.jpg\" alt=\"\" title=\"platikphone\" width=\"464\" height=\"360\" class=\"aligncenter size-full wp-image-23510\" srcset=\"https:\/\/images.iphone-ticker.de\/wp-content\/uploads\/2011\/07\/platikphone.jpg 464w, https:\/\/images.iphone-ticker.de\/wp-content\/uploads\/2011\/07\/platikphone-300x232.jpg 300w\" sizes=\"auto, (max-width: 464px) 100vw, 464px\" \/><\/a><\/p>\n<p>Bilder aus dem <a href=\"http:\/\/translate.google.com\/translate?hl=en&#038;ie=UTF8&#038;prev=_t&#038;rurl=translate.google.com&#038;sl=vi&#038;tl=en&#038;twu=1&#038;u=http:\/\/www.tinhte.vn\/tin-tuc-gioi-thieu-118\/ro-ri-hinh-anh-thong-tin-iphone-tiep-theo-dang-thu-boi-nha-mang-781082\/\">vietnamesischen Tinhte-Forum<\/a> sollen diese Ger\u00fcchte jetzt st\u00fctzen. Die, zumindest in der Vergangenheit  durchaus gut informierte Quelle (siehe etwa <a href=\"http:\/\/www.ifun.de\/2010\/05\/19\/video-ipod-touch-prototyp-mit-kamera\/\">hier<\/a>, <a href=\"http:\/\/www.ifun.de\/2010\/05\/15\/macbook-update-steht-bevor-video\/\">hier<\/a> oder <a href=\"http:\/\/www.iphone-ticker.de\/2011\/04\/19\/ios-5-youtube-video-ladt-zum-spekulieren-ein\/\">hier<\/a>) zeigt nun ein iPhone-Modell, das nicht mit Glas, sondern mit preiswerteren Kunststoffabdeckungen f\u00fcr die Vorder- und R\u00fcckseite best\u00fcckt sein soll. Wir bleiben skeptisch sehen aber weiterhin einen freien Platz auf der Liste der Vorf\u00fchr-Ger\u00e4te f\u00fcr die <a href=\"http:\/\/www.iphone-ticker.de\/2011\/07\/21\/neue-vorfuhrgerate-im-anmarsch-telekom-shops-bereiten-sich-auf-kw-33-vor\/\">deutschen Telekom-Shops<\/a>.<\/p>\n<p><!--more--><\/p>\n<p><a href=\"http:\/\/www.iphone-ticker.de\/wp-content\/uploads\/2011\/07\/unterplastik.jpg\"><img loading=\"lazy\" decoding=\"async\" src=\"http:\/\/www.iphone-ticker.de\/wp-content\/uploads\/2011\/07\/unterplastik.jpg\" alt=\"\" title=\"unterplastik\" width=\"464\" height=\"425\" class=\"aligncenter size-full wp-image-23525\" srcset=\"https:\/\/images.iphone-ticker.de\/wp-content\/uploads\/2011\/07\/unterplastik.jpg 464w, https:\/\/images.iphone-ticker.de\/wp-content\/uploads\/2011\/07\/unterplastik-300x274.jpg 300w\" sizes=\"auto, (max-width: 464px) 100vw, 464px\" \/><\/a><\/p>\n<p><a href=\"http:\/\/www.iphone-ticker.de\/wp-content\/uploads\/2011\/07\/linkbait.jpg\"><img loading=\"lazy\" decoding=\"async\" src=\"http:\/\/www.iphone-ticker.de\/wp-content\/uploads\/2011\/07\/linkbait.jpg\" alt=\"\" title=\"linkbait\" width=\"464\" height=\"466\" class=\"aligncenter size-full wp-image-23528\" srcset=\"https:\/\/images.iphone-ticker.de\/wp-content\/uploads\/2011\/07\/linkbait.jpg 464w, https:\/\/images.iphone-ticker.de\/wp-content\/uploads\/2011\/07\/linkbait-150x150.jpg 150w, https:\/\/images.iphone-ticker.de\/wp-content\/uploads\/2011\/07\/linkbait-298x300.jpg 298w\" sizes=\"auto, (max-width: 464px) 100vw, 464px\" \/><\/a><\/p>\n","protected":false},"excerpt":{"rendered":"<a href=\"https:\/\/www.iphone-ticker.de\/vietnamesische-foren-fotos-sollen-preiswert-iphone-zeigen-23509\/\"><img decoding=\"async\" width=\"150\" src=\"http:\/\/www.iphone-ticker.de\/wp-content\/uploads\/2011\/07\/platikphone.jpg\" class=\"alignright wp-post-image tfe\" alt=\"\" title=\"platikphone\" \/><\/a><p>Zitterbilder das iPhone 5&#8230;<\/p>\n","protected":false},"author":1,"featured_media":0,"comment_status":"open","ping_status":"closed","sticky":false,"template":"","format":"standard","meta":{"footnotes":""},"categories":[745,6],"tags":[10,671,344,3910],"class_list":["post-23509","post","type-post","status-publish","format-standard","hentry","category-featured","category-rumors","tag-bilder","tag-gerucht","tag-iphone","tag-rumors"],"aioseo_notices":[],"featured_image":["http:\/\/www.iphone-ticker.de\/wp-content\/uploads\/2011\/07\/jungejunge.png"],"rest_api_enabler":{"featured_image":"http:\/\/www.iphone-ticker.de\/wp-content\/uploads\/2011\/07\/jungejunge.png"},"_links":{"self":[{"href":"https:\/\/www.iphone-ticker.de\/apiv2\/wp\/v2\/posts\/23509","targetHints":{"allow":["GET"]}}],"collection":[{"href":"https:\/\/www.iphone-ticker.de\/apiv2\/wp\/v2\/posts"}],"about":[{"href":"https:\/\/www.iphone-ticker.de\/apiv2\/wp\/v2\/types\/post"}],"author":[{"embeddable":true,"href":"https:\/\/www.iphone-ticker.de\/apiv2\/wp\/v2\/users\/1"}],"replies":[{"embeddable":true,"href":"https:\/\/www.iphone-ticker.de\/apiv2\/wp\/v2\/comments?post=23509"}],"version-history":[{"count":8,"href":"https:\/\/www.iphone-ticker.de\/apiv2\/wp\/v2\/posts\/23509\/revisions"}],"predecessor-version":[{"id":23541,"href":"https:\/\/www.iphone-ticker.de\/apiv2\/wp\/v2\/posts\/23509\/revisions\/23541"}],"wp:attachment":[{"href":"https:\/\/www.iphone-ticker.de\/apiv2\/wp\/v2\/media?parent=23509"}],"wp:term":[{"taxonomy":"category","embeddable":true,"href":"https:\/\/www.iphone-ticker.de\/apiv2\/wp\/v2\/categories?post=23509"},{"taxonomy":"post_tag","embeddable":true,"href":"https:\/\/www.iphone-ticker.de\/apiv2\/wp\/v2\/tags?post=23509"}],"curies":[{"name":"wp","href":"https:\/\/api.w.org\/{rel}","templated":true}]}}