{"id":234697,"date":"2024-05-15T07:01:37","date_gmt":"2024-05-15T05:01:37","guid":{"rendered":"https:\/\/www.iphone-ticker.de\/?p=234697"},"modified":"2024-05-15T07:01:37","modified_gmt":"2024-05-15T05:01:37","slug":"sonos-neue-ideen-wichtiger-als-ein-zuverlaessiges-system","status":"publish","type":"post","link":"https:\/\/www.iphone-ticker.de\/sonos-neue-ideen-wichtiger-als-ein-zuverlaessiges-system-234697\/","title":{"rendered":"Sonos: Neue Ideen wichtiger als ein zuverl\u00e4ssiges System?"},"content":{"rendered":"<p>Sonos hat mit seiner neuen App <a href=\"https:\/\/www.iphone-ticker.de\/sonos-neue-app-version-streicht-populaere-funktionen-234433\/\" title=\"Sonos: Neue App-Version streicht popul\u00e4re Funktionen\">einen miserablen Job<\/a> gemacht. Die Kundenproteste im Anschluss an deren Ver\u00f6ffentlichung beziehen sich nur in begrenztem Ma\u00df auf das ungewohnte, neue Design-Konzept. Vorrangig steht hier auf dem Papier, dass der Hersteller den K\u00e4ufern seiner hochpreisigen Lautsprecher nicht nur wichtige Funktionen genommen hat, sondern sich allgemein auch die Performance und Zuverl\u00e4ssigkeit des Systems verschlechtert hat.<\/p>\n<p>Vor diesem Hintergrund ist es wohl kaum als Offenheit gegen\u00fcber den Kunden zu betrachten, dass der Hersteller als fehlend kritisierte Funktionen zur\u00fcckbringen will und sich zudem in einer Online-Fragestunde seinen Kunden gestellt hat. Vielmehr hat Sonos hier eilig die Rettungsboote ins Wasser geworfen und es wird gemunkelt, dass sowohl die verfr\u00fchte Ver\u00f6ffentlichung der App als auch die nun laufenden Aktionen zur Schadensbegrenzung allem voran den Grund haben, den Weg f\u00fcr den in K\u00fcrze erwarteten <a href=\"https:\/\/www.iphone-ticker.de\/sonos-ace-der-neue-sonos-kopfhoerer-zeigt-sich-erstmals-234294\/\" title=\"Sonos Ace: Der neue Sonos-Kopfh\u00f6rer zeigt sich erstmals\">Sonos-Kopfh\u00f6rer<\/a> und damit einen der f\u00fcr Sonos wichtigsten Produktstarts der letzten Jahre zu bereiten.<\/p>\n<p><a href=\"https:\/\/images.iphone-ticker.de\/wp-content\/uploads\/2024\/05\/sonos-ama.jpg\"><img loading=\"lazy\" decoding=\"async\" src=\"https:\/\/images.iphone-ticker.de\/wp-content\/uploads\/2024\/05\/sonos-ama-700x373.jpg\" alt=\"Sonos Ama\" width=\"700\" height=\"373\" class=\"alignnone size-large wp-image-234700\" srcset=\"https:\/\/images.iphone-ticker.de\/wp-content\/uploads\/2024\/05\/sonos-ama-700x373.jpg 700w, https:\/\/images.iphone-ticker.de\/wp-content\/uploads\/2024\/05\/sonos-ama-500x266.jpg 500w, https:\/\/images.iphone-ticker.de\/wp-content\/uploads\/2024\/05\/sonos-ama-1536x818.jpg 1536w, https:\/\/images.iphone-ticker.de\/wp-content\/uploads\/2024\/05\/sonos-ama.jpg 1800w\" sizes=\"auto, (max-width: 700px) 100vw, 700px\" \/><\/a><\/p>\n<h2>Relevante Funktionen \u00fcber Bord gekippt<\/h2>\n<p>Vom Gegenteil konnten uns auch die von Sonos-Mitarbeitern in einer <a href=\"https:\/\/en.community.sonos.com\/events-at-sonos-229141\/new-sonos-app-community-ama-recap-6893728\">Online-Fragestunde im Sonos-Forum<\/a> verbreiteten Antworten nicht \u00fcberzeugen. Mit Tucker Severson, Diane Roberts und Kate Wojogbe stellten sich hier drei Sonos-Mitarbeiter aus dem Management und der Entwicklung den Fragen der Nutzer. \u00dcber deren Antwort auf die wichtigste Frage, warum man eine solch umfassende \u00dcberarbeitung unvollst\u00e4ndig ausliefere, kann man eigentlich nur den Kopf sch\u00fctteln: Man habe die Anwendung von Grund auf neu entwickelt und im Laufe des Prozesses die alten Anwendung ausgeblendet, um Ablenkung auszuschlie\u00dfen und der Neuentwicklung die vollst\u00e4ndige Aufmerksamkeit zuteil werden zu lassen.<\/p>\n<p>Diese Aussage impliziert, dass man \u00fcber Jahre hinweg erarbeite und im Wesentlichen auch auf Nutzungsgrundlagen basierende Nutzungsm\u00f6glichkeiten einfach mal \u00fcber Bord gekippt hat, weil sie dem Entwicklungsteam als st\u00f6rend erschienen. Wohlgemerkt reden wir hier nicht von einer Gratis-Aufgabenliste oder dergleichen, sondern vom wichtigsten Steuerelement f\u00fcr ein Audioset, dessen Besitzer dem Konzern oft bereits vierstellige Euro-Betr\u00e4ge in die Taschen geschoben haben.<\/p>\n<p>Da helfen auch S\u00e4tze wie \u201eEine App ist niemals fertig\u201c nicht viel. Relevante und viel genutzte Funktionen fehlen oder stehen nur \u00fcber Umwege zur Verf\u00fcgung. Obendrauf hat sich dann auch noch die Leistung des Systems stetig verschlechtert, was zumindest teilweise daran liegen k\u00f6nnte, dass Sonos sein System stetig mehr von Online-Funktionen abh\u00e4ngig macht.<\/p>\n<h2>Sonos-Wecker reaktivieren<\/h2>\n<p>Wenigstens eine gute Nachricht f\u00fcr Sonos-Nutzer gibt es. Der Wegfall der Weck- und Timer-Funktionen sei in der Tat so nicht geplant gewesen, sondern resultiere aus einem in letzter Sekunden entdeckten technischen Problem. Immerhin l\u00e4sst sich die Wecker-Funktion bereits wieder reaktivieren. Eine tempor\u00e4re L\u00f6sung hierf\u00fcr hat die Sonos-Entwicklerin Diane Roberts <a href=\"https:\/\/en.community.sonos.com\/events-at-sonos-229141\/sonos-app-redesign-ama-6893676?postid=16729488#post16729488\">hier beschrieben<\/a>.<\/p>\n<p>Ansonsten will sich Sonos bei der R\u00fcckkehr vermisster Funktionen <a href=\"https:\/\/www.ifun.de\/sonos-legt-zeitplan-vor-ab-mitte-juni-wird-nachgeruestet-232486\/\">an diesen Zeitplan<\/a> halten. Nutzer von lokalen Musiksammlungen m\u00fcssen sich demnach bis Juni gedulden, bis sie ihr System wieder wie gewohnt verwenden k\u00f6nnen.<img loading=\"lazy\" decoding=\"async\" src=\"https:\/\/vg07.met.vgwort.de\/na\/b5dc2e00acd54b2b9166f407fad86d6d\" width=\"1\" height=\"1\" no-lazy class=\"tracking\"><\/p>\n","protected":false},"excerpt":{"rendered":"<a href=\"https:\/\/www.iphone-ticker.de\/sonos-neue-ideen-wichtiger-als-ein-zuverlaessiges-system-234697\/\"><img width=\"150\" height=\"150\" src=\"https:\/\/images.iphone-ticker.de\/wp-content\/uploads\/2024\/05\/sonos-ama-150x150.jpg\" class=\"alignright tfe wp-post-image\" alt=\"Sonos Ama\" decoding=\"async\" loading=\"lazy\" \/><\/a><p>Sonos hat mit seiner neuen App einen miserablen Job gemacht. Die Kundenproteste im Anschluss an deren Ver\u00f6ffentlichung beziehen sich nur in begrenztem Ma\u00df auf das ungewohnte, neue Design-Konzept. Vorrangig steht hier auf dem Papier, dass der Hersteller den K\u00e4ufern seiner hochpreisigen Lautsprecher nicht nur wichtige Funktionen genommen hat, sondern sich allgemein auch die Performance und [&hellip;]<\/p>\n","protected":false},"author":2,"featured_media":234700,"comment_status":"open","ping_status":"closed","sticky":false,"template":"","format":"standard","meta":{"footnotes":""},"categories":[1],"tags":[713],"class_list":["post-234697","post","type-post","status-publish","format-standard","has-post-thumbnail","hentry","category-news","tag-sonos"],"aioseo_notices":[],"subheadline":["Workaround f\u00fcr Wecker verf\u00fcgbar"],"featured_image":["https:\/\/images.iphone-ticker.de\/wp-content\/uploads\/2022\/03\/sonos-roam-sl-feature-1.jpg"],"rest_api_enabler":{"subheadline":"Workaround f\u00fcr Wecker verf\u00fcgbar","featured_image":"https:\/\/images.iphone-ticker.de\/wp-content\/uploads\/2022\/03\/sonos-roam-sl-feature-1.jpg"},"_links":{"self":[{"href":"https:\/\/www.iphone-ticker.de\/apiv2\/wp\/v2\/posts\/234697","targetHints":{"allow":["GET"]}}],"collection":[{"href":"https:\/\/www.iphone-ticker.de\/apiv2\/wp\/v2\/posts"}],"about":[{"href":"https:\/\/www.iphone-ticker.de\/apiv2\/wp\/v2\/types\/post"}],"author":[{"embeddable":true,"href":"https:\/\/www.iphone-ticker.de\/apiv2\/wp\/v2\/users\/2"}],"replies":[{"embeddable":true,"href":"https:\/\/www.iphone-ticker.de\/apiv2\/wp\/v2\/comments?post=234697"}],"version-history":[{"count":3,"href":"https:\/\/www.iphone-ticker.de\/apiv2\/wp\/v2\/posts\/234697\/revisions"}],"predecessor-version":[{"id":234701,"href":"https:\/\/www.iphone-ticker.de\/apiv2\/wp\/v2\/posts\/234697\/revisions\/234701"}],"wp:featuredmedia":[{"embeddable":true,"href":"https:\/\/www.iphone-ticker.de\/apiv2\/wp\/v2\/media\/234700"}],"wp:attachment":[{"href":"https:\/\/www.iphone-ticker.de\/apiv2\/wp\/v2\/media?parent=234697"}],"wp:term":[{"taxonomy":"category","embeddable":true,"href":"https:\/\/www.iphone-ticker.de\/apiv2\/wp\/v2\/categories?post=234697"},{"taxonomy":"post_tag","embeddable":true,"href":"https:\/\/www.iphone-ticker.de\/apiv2\/wp\/v2\/tags?post=234697"}],"curies":[{"name":"wp","href":"https:\/\/api.w.org\/{rel}","templated":true}]}}