{"id":234376,"date":"2024-05-07T19:03:30","date_gmt":"2024-05-07T17:03:30","guid":{"rendered":"https:\/\/www.iphone-ticker.de\/?p=234376"},"modified":"2024-05-16T06:45:30","modified_gmt":"2024-05-16T04:45:30","slug":"iphone-17-slim-experimentiert-apple-mit-dem-plus-modell","status":"publish","type":"post","link":"https:\/\/www.iphone-ticker.de\/iphone-17-slim-experimentiert-apple-mit-dem-plus-modell-234376\/","title":{"rendered":"iPhone 17 Slim: Experimentiert Apple mit dem Plus-Modell?"},"content":{"rendered":"<p>Aktuellen Prognosen des in Hong Kong ans\u00e4ssigen Markt-Analysten Jeff Pu zufolge (Haitong International Research), k\u00f6nnte Apple bei der im Herbst 2025 erwarteten iPhone-17-Familie, etwas aus der ansonsten inzwischen doch sehr vorhersagbaren Reihe tanzen.<\/p>\n<h2>Slim statt Plus beim iPhone 17?<\/h2>\n<p>Laut Pu sei es m\u00f6glich, dass Apple die Einf\u00fchrung eines &#8222;iPhone 17 Slim&#8220; vorbereiten k\u00f6nnte, welches im n\u00e4chsten Jahr dann die Nachfolge des noch nicht erschienenen iPhone 16 Plus antreten w\u00fcrde. Mit dem neuen Slim-Modell w\u00fcrde Apple dann nicht nur ein neues Branding einf\u00fchren, sondern auch eine deutlich d\u00fcnnere Bauform.<\/p>\n<p><a href=\"https:\/\/images.iphone-ticker.de\/wp-content\/uploads\/2024\/04\/evolution-iphone-scaled.jpg\"><img loading=\"lazy\" decoding=\"async\" class=\"aligncenter size-large wp-image-233124\" src=\"https:\/\/images.iphone-ticker.de\/wp-content\/uploads\/2024\/04\/evolution-iphone-700x315.jpg\" alt=\"Evolution Iphone\" width=\"700\" height=\"315\" srcset=\"https:\/\/images.iphone-ticker.de\/wp-content\/uploads\/2024\/04\/evolution-iphone-700x315.jpg 700w, https:\/\/images.iphone-ticker.de\/wp-content\/uploads\/2024\/04\/evolution-iphone-500x225.jpg 500w, https:\/\/images.iphone-ticker.de\/wp-content\/uploads\/2024\/04\/evolution-iphone-1536x691.jpg 1536w, https:\/\/images.iphone-ticker.de\/wp-content\/uploads\/2024\/04\/evolution-iphone-2048x922.jpg 2048w\" sizes=\"auto, (max-width: 700px) 100vw, 700px\" \/><\/a><\/p>\n<h6><a href=\"https:\/\/twitter.com\/imicsun\">Die bisherigen iPhone-Generationen | Bild: imicsun<\/a><\/h6>\n<p>Seit Einf\u00fchrung des iPhone 12 hat Apple stets vier Ger\u00e4te gleichzeitig auf den Markt gebracht: Zwei teure Pro-Modelle und zwei regul\u00e4re iPhone-Modelle jeweils in einer kleinen und einer gro\u00dfen Variante.<\/p>\n<h2>iPhone 14 brachte das Plus zur\u00fcck<\/h2>\n<p>Das iPhone 12 und das iPhone 13 wurden ihrer Zeit jeweils von einem iPhone 12 mini und einem iPhone 13 mini begleitet. Das iPhone 14 verabschiedete sich vom ultrakompakten Bruder und setzte auf die Begleitung durch das etwas gr\u00f6\u00dfere iPhone 14 Plus. Das iPhone 15 verhielt sich identisch und auch vom diesj\u00e4hrigen iPhone 16 wird wieder bekannte Kost erwartet. Lediglich die Displaygr\u00f6\u00dfen sollen <a href=\"https:\/\/www.iphone-ticker.de\/?p=233991\">in diesem Jahr leicht variieren<\/a>.<\/p>\n<p>So k\u00f6nnte das Display des iPhone 16 Pro von den bisherigen 6,1 auf 6,3 Zoll anwachsen. Beim iPhone 16 Pro Max wird eine Zunahme von den aktuellen 6,7 auf 6,9 Zoll erwartet. Das iPhone 16 und das iPhone 16 Plus sollen hingegen den Displaygr\u00f6\u00dfen ihrer Vorg\u00e4nger treu bleiben.<\/p>\n<p><a href=\"https:\/\/images.iphone-ticker.de\/wp-content\/uploads\/2024\/04\/iphone-16-familie-large.jpg\"><img loading=\"lazy\" decoding=\"async\" class=\"aligncenter size-large wp-image-233993\" src=\"https:\/\/images.iphone-ticker.de\/wp-content\/uploads\/2024\/04\/iphone-16-familie-large-700x394.jpg\" alt=\"Iphone 16 Familie Large\" width=\"700\" height=\"394\" srcset=\"https:\/\/images.iphone-ticker.de\/wp-content\/uploads\/2024\/04\/iphone-16-familie-large-700x394.jpg 700w, https:\/\/images.iphone-ticker.de\/wp-content\/uploads\/2024\/04\/iphone-16-familie-large-500x281.jpg 500w, https:\/\/images.iphone-ticker.de\/wp-content\/uploads\/2024\/04\/iphone-16-familie-large.jpg 1200w\" sizes=\"auto, (max-width: 700px) 100vw, 700px\" \/><\/a><\/p>\n<p>Liegt Pu richtig, k\u00f6nnte Apple schon im n\u00e4chsten Jahr dann ein iPhone 17 Slim einf\u00fchren, das mit neuen Eckdaten in den Bereichen Gewicht und Tiefe antreten w\u00fcrde.<\/p>\n<p>Welche Ma\u00dfe hier machbar sind hat Apple vor wenigen Stunden bei der Pr\u00e4sentation des nur <a href=\"https:\/\/www.ifun.de\/ipad-pro-2024-duenner-mit-oled-touchscreen-und-m4-chip-232208\/\">5,1 Millimeter d\u00fcnnen iPad Pro<\/a> gezeigt. Leider stehen handfeste Details zum m\u00f6glichen Experiment noch aus.<\/p>\n<blockquote class=\"wp-embedded-content\" data-secret=\"pQcWGSfHBw\"><p><a href=\"https:\/\/www.iphone-ticker.de\/gorilla-glass-armor-orientiert-sich-das-iphone-17-bei-samsung-231920\/\">Gorilla Glass Armor: Orientiert sich das iPhone 17 an Samsung?<\/a><\/p><\/blockquote>\n<p><div class=\"responsive-embed\"><iframe loading=\"lazy\" class=\"wp-embedded-content\" sandbox=\"allow-scripts\" security=\"restricted\" style=\"position: absolute; clip: rect(1px, 1px, 1px, 1px);\" title=\"&#8222;Gorilla Glass Armor: Orientiert sich das iPhone 17 an Samsung?&#8220; &#8212; iphone-ticker.de\" src=\"https:\/\/www.iphone-ticker.de\/gorilla-glass-armor-orientiert-sich-das-iphone-17-bei-samsung-231920\/embed\/#?secret=hJAsXjiFE7#?secret=pQcWGSfHBw\" data-secret=\"pQcWGSfHBw\" width=\"500\" height=\"282\" frameborder=\"0\" marginwidth=\"0\" marginheight=\"0\" scrolling=\"no\"><\/iframe><\/div><\/p>\n<p><img loading=\"lazy\" decoding=\"async\" src=\"https:\/\/vg08.met.vgwort.de\/na\/5f0a34603f624a07a3d31bee30c86f3a\" width=\"1\" height=\"1\" no-lazy class=\"tracking\"><\/p>\n","protected":false},"excerpt":{"rendered":"<a href=\"https:\/\/www.iphone-ticker.de\/iphone-17-slim-experimentiert-apple-mit-dem-plus-modell-234376\/\"><img width=\"150\" height=\"150\" src=\"https:\/\/images.iphone-ticker.de\/wp-content\/uploads\/2024\/05\/iphone-17-slim-150x150.jpg\" class=\"alignright tfe wp-post-image\" alt=\"Iphone 17 Slim\" decoding=\"async\" loading=\"lazy\" \/><\/a><p>Aktuellen Prognosen des in Hong Kong ans\u00e4ssigen Markt-Analysten Jeff Pu zufolge (Haitong International Research), k\u00f6nnte Apple bei der im Herbst 2025 erwarteten iPhone-17-Familie, etwas aus der ansonsten inzwischen doch sehr vorhersagbaren Reihe tanzen. Slim statt Plus beim iPhone 17? Laut Pu sei es m\u00f6glich, dass Apple die Einf\u00fchrung eines &#8222;iPhone 17 Slim&#8220; vorbereiten k\u00f6nnte, welches [&hellip;]<\/p>\n","protected":false},"author":1,"featured_media":234377,"comment_status":"open","ping_status":"closed","sticky":false,"template":"","format":"standard","meta":{"footnotes":""},"categories":[1,1975],"tags":[2064,6741,3910],"class_list":["post-234376","post","type-post","status-publish","format-standard","has-post-thumbnail","hentry","category-news","category-feature","tag-geruechte","tag-iphone-17","tag-rumors"],"aioseo_notices":[],"featured_image":["https:\/\/images.iphone-ticker.de\/wp-content\/uploads\/2024\/05\/iphone-17-slim.jpg"],"subheadline":["iPhone 14 brachte das Plus zur\u00fcck"],"rest_api_enabler":{"featured_image":"https:\/\/images.iphone-ticker.de\/wp-content\/uploads\/2024\/05\/iphone-17-slim.jpg","subheadline":"iPhone 14 brachte das Plus zur\u00fcck"},"_links":{"self":[{"href":"https:\/\/www.iphone-ticker.de\/apiv2\/wp\/v2\/posts\/234376","targetHints":{"allow":["GET"]}}],"collection":[{"href":"https:\/\/www.iphone-ticker.de\/apiv2\/wp\/v2\/posts"}],"about":[{"href":"https:\/\/www.iphone-ticker.de\/apiv2\/wp\/v2\/types\/post"}],"author":[{"embeddable":true,"href":"https:\/\/www.iphone-ticker.de\/apiv2\/wp\/v2\/users\/1"}],"replies":[{"embeddable":true,"href":"https:\/\/www.iphone-ticker.de\/apiv2\/wp\/v2\/comments?post=234376"}],"version-history":[{"count":1,"href":"https:\/\/www.iphone-ticker.de\/apiv2\/wp\/v2\/posts\/234376\/revisions"}],"predecessor-version":[{"id":234379,"href":"https:\/\/www.iphone-ticker.de\/apiv2\/wp\/v2\/posts\/234376\/revisions\/234379"}],"wp:featuredmedia":[{"embeddable":true,"href":"https:\/\/www.iphone-ticker.de\/apiv2\/wp\/v2\/media\/234377"}],"wp:attachment":[{"href":"https:\/\/www.iphone-ticker.de\/apiv2\/wp\/v2\/media?parent=234376"}],"wp:term":[{"taxonomy":"category","embeddable":true,"href":"https:\/\/www.iphone-ticker.de\/apiv2\/wp\/v2\/categories?post=234376"},{"taxonomy":"post_tag","embeddable":true,"href":"https:\/\/www.iphone-ticker.de\/apiv2\/wp\/v2\/tags?post=234376"}],"curies":[{"name":"wp","href":"https:\/\/api.w.org\/{rel}","templated":true}]}}