{"id":233949,"date":"2024-04-29T08:13:51","date_gmt":"2024-04-29T06:13:51","guid":{"rendered":"https:\/\/www.iphone-ticker.de\/?p=233949"},"modified":"2024-04-29T08:13:51","modified_gmt":"2024-04-29T06:13:51","slug":"podcast-app-castro-produktpflege-steht-wieder-im-vordergrund","status":"publish","type":"post","link":"https:\/\/www.iphone-ticker.de\/podcast-app-castro-produktpflege-steht-wieder-im-vordergrund-233949\/","title":{"rendered":"Podcast-App Castro: Produktpflege steht wieder im Vordergrund"},"content":{"rendered":"<p>Der neue Inhaber der Podcast-App <a href=\"https:\/\/castro.fm\/\">Castro<\/a> hat sich am Wochenende <a href=\"https:\/\/old.reddit.com\/r\/podcasts\/comments\/1cdm2nv\/i_am_the_owner_of_castro_podcasts_ask_me_anything\/\">den Fragen von Nutzern gestellt<\/a> und signalisiert, dass er sich fortan wieder ernsthaft um die Pflege und Weiterentwicklung der Anwendung k\u00fcmmern will. Bleibt zu hoffen, dass die Berg- und Talfahrt der App damit endg\u00fcltig ihr Ende gefunden hat.<\/p>\n<p>Castro war \u00fcber lange Zeit hinweg nicht nur bei uns eine der favorisierten Podcast-Apps. Fragw\u00fcrdige Besitzerwechsel und Funktionsausf\u00e4lle haben dann aber nicht nur Zweifel an der Zukunft der App gesch\u00fcrt, sondern auch nicht wenige Nutzer direkt auch zu einem Wechsel veranlasst. Neben Apples Podcast-App als einfache L\u00f6sung stehen hier mit Apps wie <a href=\"https:\/\/overcast.fm\/\">Overcast<\/a> auch durchaus leistungsf\u00e4hige Alternativen zur Wahl.<\/p>\n<p><a href=\"https:\/\/images.iphone-ticker.de\/wp-content\/uploads\/2023\/03\/castro-app-2-scaled.jpg\"><img loading=\"lazy\" decoding=\"async\" src=\"https:\/\/images.iphone-ticker.de\/wp-content\/uploads\/2023\/03\/castro-app-2-700x693.jpg\" alt=\"Castro App 2\" width=\"700\" height=\"693\" class=\"alignnone size-large wp-image-208557\" srcset=\"https:\/\/images.iphone-ticker.de\/wp-content\/uploads\/2023\/03\/castro-app-2-700x693.jpg 700w, https:\/\/images.iphone-ticker.de\/wp-content\/uploads\/2023\/03\/castro-app-2-500x495.jpg 500w, https:\/\/images.iphone-ticker.de\/wp-content\/uploads\/2023\/03\/castro-app-2-150x150.jpg 150w, https:\/\/images.iphone-ticker.de\/wp-content\/uploads\/2023\/03\/castro-app-2-1536x1520.jpg 1536w, https:\/\/images.iphone-ticker.de\/wp-content\/uploads\/2023\/03\/castro-app-2-2048x2027.jpg 2048w\" sizes=\"auto, (max-width: 700px) 100vw, 700px\" \/><\/a><\/p>\n<h2>CarPlay-Erweiterungen und mehr<\/h2>\n<p>Bestehende Nutzer von Castro d\u00fcrfen sich in jedem Fall dar\u00fcber freuen, dass mit Bezug auf die App nun wieder die Pflege und Erweiterung des Funktionsumfangs im Fokus stehen. Einen Vorgeschmack darauf gab es bereits gestern mit der Freigabe der App-Version 2024.4, die sich nicht nur um verschiedene Fehlerbehebungen k\u00fcmmert, sondern auch ein zus\u00e4tzliches, mittelgro\u00dfes Castro-Widget f\u00fcr den Home-Bildschirm integriert. Als n\u00e4chstes ist zudem die Unterst\u00fctzung von Apples \u201eDynamic Island\u201c geplant. <\/p>\n<p>Mit weiteren Updates der Podcast-App soll allem voran die CarPlay-Unterst\u00fctzung verbessert werden. Hier will der Entwickler dem Wunsch zahlreicher Nutzer nachkommen, die Anzeige und Benutzung von Kapiteln zu integrieren. Auch soll der Apple-Watch-Ableger von Castro komplett \u00fcberarbeitet und neu ver\u00f6ffentlicht werden.<\/p>\n<h2>Castro Plus als optionales Abo<\/h2>\n<p>Castro l\u00e4sst sich grunds\u00e4tzlich kostenlos laden und auch verwenden. Ein optionales Abonnement von <a href=\"https:\/\/castro.fm\/#castro-plus\">Castro Plus<\/a> stellt erg\u00e4nzende Funktionen bereit, darunter neben diversen Optionen zur Verbesserung des Audio-Erlebnisses auch die M\u00f6glichkeit zum sogenannten Sideloading von beliebigen Audio- und Videodateien. Bei Videos trennt Castro automatisch die Audiospur ab und stellt diese zum sp\u00e4teren Anh\u00f6ren bereit.<\/p>\n<p>Castro Plus wird zum Jahrespreis von 24,99 Euro angeboten. \u00dcber die \u00dcberarbeitung der Preisstruktur des Abos haben wir <a href=\"https:\/\/www.iphone-ticker.de\/podcast-app-castro-abos-werden-guenstiger-und-teurer-233118\/\" title=\"Podcast-App Castro: Abos werden g\u00fcnstiger \u2013 und teurer\">k\u00fcrzlich erst berichtet<\/a>.<img loading=\"lazy\" decoding=\"async\" src=\"https:\/\/vg07.met.vgwort.de\/na\/49e555105d0741ec9b9280ba64597655\" width=\"1\" height=\"1\" no-lazy class=\"tracking\"><\/p>\n<!-- WP-Appbox (Version: 4.5.9 \/\/ Store: appstore \/\/ ID: 1080840241) -->\t<!-- app-link -->\n\t<div id=\"article-single-app-preview\">\n\t\t<div id=\"article-single-app-preview-header\">\n\t\t\t<span class=\"title\">Laden im App Store<\/span>\n\t\t<\/div>\n\t\t<div id=\"article-single-app-preview-content\">\n\t\t\t<div id=\"article-single-app-preview-img\"><img loading=\"lazy\" decoding=\"async\" src=\"\/\/www.iphone-ticker.de\/wp-content\/cache\/wp-appbox\/a0701104993f118b516784d1e0d27305\/ai-043b9a50e510e011dff7d356afce902c\" alt=\"Castro: Podcast App & Player\"  height=\"72\" width=\"72\" class=\"asl-icon-img\" \/><\/div>\n\t\t\t<div id=\"article-single-app-preview-desc\">\n\t\t\t\t<span class=\"name\">Castro: Podcast App & Player<\/span><br \/>\n\t\t\t\t<span class=\"seller\">Entwickler: <a target=\"_blank\" rel=\"nofollow\" href=\"https:\/\/apps.apple.com\/de\/developer\/bluck-apps\/id1734049168\">Bluck Apps<\/a><\/span>\n\t\t\t<\/div>\n\t\t\t<a target=\"_blank\" rel=\"nofollow\" href=\"https:\/\/apps.apple.com\/de\/app\/castro-podcast-app-player\/id1080840241\"><div id=\"article-single-app-preview-download\">Preis: Kostenlos<sup>+<\/sup><br \/>\n\t\t\t<span class=\"size\">Laden<\/span><\/div><\/a>\n\t\t<\/div>\n\t\t<!-- <div id=\"article-single-app-preview-footer\"><\/div>\t-->\n\t<\/div>\n\t<!-- app-link\/ende --><!-- \/WP-Appbox -->\n","protected":false},"excerpt":{"rendered":"<a href=\"https:\/\/www.iphone-ticker.de\/podcast-app-castro-produktpflege-steht-wieder-im-vordergrund-233949\/\"><img decoding=\"async\" width=\"150\" src=\"https:\/\/images.iphone-ticker.de\/wp-content\/uploads\/2023\/03\/castro-app-2-700x693.jpg\" class=\"alignright wp-post-image tfe\" alt=\"Castro App 2\" title=\"\" \/><\/a><p>Der neue Inhaber der Podcast-App Castro hat sich am Wochenende den Fragen von Nutzern gestellt und signalisiert, dass er sich fortan wieder ernsthaft um die Pflege und Weiterentwicklung der Anwendung k\u00fcmmern will. Bleibt zu hoffen, dass die Berg- und Talfahrt der App damit endg\u00fcltig ihr Ende gefunden hat. Castro war \u00fcber lange Zeit hinweg nicht [&hellip;]<\/p>\n","protected":false},"author":2,"featured_media":0,"comment_status":"open","ping_status":"closed","sticky":false,"template":"","format":"standard","meta":{"footnotes":""},"categories":[39],"tags":[2584,1507],"class_list":["post-233949","post","type-post","status-publish","format-standard","hentry","category-apps","tag-castro","tag-podcasts"],"aioseo_notices":[],"featured_image":["https:\/\/images.iphone-ticker.de\/wp-content\/uploads\/2024\/02\/castro-podcast-appfeature.jpg"],"subheadline":["Weitere Feature-Updates angek\u00fcndigt"],"rest_api_enabler":{"featured_image":"https:\/\/images.iphone-ticker.de\/wp-content\/uploads\/2024\/02\/castro-podcast-appfeature.jpg","subheadline":"Weitere Feature-Updates angek\u00fcndigt"},"_links":{"self":[{"href":"https:\/\/www.iphone-ticker.de\/apiv2\/wp\/v2\/posts\/233949","targetHints":{"allow":["GET"]}}],"collection":[{"href":"https:\/\/www.iphone-ticker.de\/apiv2\/wp\/v2\/posts"}],"about":[{"href":"https:\/\/www.iphone-ticker.de\/apiv2\/wp\/v2\/types\/post"}],"author":[{"embeddable":true,"href":"https:\/\/www.iphone-ticker.de\/apiv2\/wp\/v2\/users\/2"}],"replies":[{"embeddable":true,"href":"https:\/\/www.iphone-ticker.de\/apiv2\/wp\/v2\/comments?post=233949"}],"version-history":[{"count":3,"href":"https:\/\/www.iphone-ticker.de\/apiv2\/wp\/v2\/posts\/233949\/revisions"}],"predecessor-version":[{"id":233952,"href":"https:\/\/www.iphone-ticker.de\/apiv2\/wp\/v2\/posts\/233949\/revisions\/233952"}],"wp:attachment":[{"href":"https:\/\/www.iphone-ticker.de\/apiv2\/wp\/v2\/media?parent=233949"}],"wp:term":[{"taxonomy":"category","embeddable":true,"href":"https:\/\/www.iphone-ticker.de\/apiv2\/wp\/v2\/categories?post=233949"},{"taxonomy":"post_tag","embeddable":true,"href":"https:\/\/www.iphone-ticker.de\/apiv2\/wp\/v2\/tags?post=233949"}],"curies":[{"name":"wp","href":"https:\/\/api.w.org\/{rel}","templated":true}]}}