{"id":231771,"date":"2024-03-18T15:05:44","date_gmt":"2024-03-18T14:05:44","guid":{"rendered":"https:\/\/www.iphone-ticker.de\/?p=231771"},"modified":"2024-03-19T13:49:41","modified_gmt":"2024-03-19T12:49:41","slug":"airpods-grosses-portfolio-update-im-herbst","status":"publish","type":"post","link":"https:\/\/www.iphone-ticker.de\/airpods-grosses-portfolio-update-im-herbst-231771\/","title":{"rendered":"AirPods: Gro\u00dfes Portfolio-Update im Herbst"},"content":{"rendered":"<p>Apple bereitet sich auf die Markteinf\u00fchrung der n\u00e4chsten Generation seiner AirPods-Ohrh\u00f6rer vor und d\u00fcrfte nach Angaben des Wirtschaftsnachrichten-Dienstes Bloomberg <a href=\"https:\/\/www.bloomberg.com\/news\/newsletters\/2024-03-17\/apple-aapl-revamped-carplay-becomes-last-hope-after-apple-car-is-canceled-ltvif8zt\">neue Produktionsrekorde<\/a> aufstellen: Schon im Mai k\u00f6nnte Apple demnach mit der Massenproduktion beginnen, die sich bis zum Verkaufsstart im Herbst um die Fertigung von 20 bis 25 Millionen Einheiten der neuen Ohrh\u00f6rer k\u00fcmmern soll.<a href=\"https:\/\/images.iphone-ticker.de\/wp-content\/uploads\/2023\/10\/airpods-modelle.jpg\"><img loading=\"lazy\" decoding=\"async\" class=\"aligncenter size-medium wp-image-224078\" src=\"https:\/\/images.iphone-ticker.de\/wp-content\/uploads\/2023\/10\/airpods-modelle-500x280.jpg\" alt=\"Airpods Modelle\" width=\"500\" height=\"280\" srcset=\"https:\/\/images.iphone-ticker.de\/wp-content\/uploads\/2023\/10\/airpods-modelle-500x280.jpg 500w, https:\/\/images.iphone-ticker.de\/wp-content\/uploads\/2023\/10\/airpods-modelle-700x392.jpg 700w, https:\/\/images.iphone-ticker.de\/wp-content\/uploads\/2023\/10\/airpods-modelle.jpg 994w\" sizes=\"auto, (max-width: 500px) 100vw, 500px\" \/><\/a><\/p>\n<h2>AirPods und AirPods 3 werden ersetzt<\/h2>\n<p>Dies l\u00e4ge deutlich \u00fcber den in vergangenen Jahren produzierten St\u00fcckzahlen. Erh\u00e4ltlich sollen die neuen Airpods dann zwischen September und Oktober sein, d\u00fcrften von Apple also gemeinsam mit der diesj\u00e4hrigen iPhone Generation vorgestellt und in den Markt eingef\u00fchrt werden.<\/p>\n<p>Die neuen Modellvarianten werden die zweite und dritte Generation der AirPods ersetzen und sich sowohl \u00e4u\u00dferlich von diesen unterscheiden als auch neue Funktionen mitbringen.<\/p>\n<h2>AirPods Pro ver\u00e4ndern sich nur geringf\u00fcgig<\/h2>\n<p>Zu den neuen Features geh\u00f6ren unter anderem Ladecases mit USB-C-Buchsen und ein aktualisiertes Design, das f\u00fcr eine bessere Passform im Ohr sorgen soll. Durch neue Modelle ersetzt werden sollen die regul\u00e4ren AirPods und die AirPods der dritten Generation.<\/p>\n<p>Apple stellt also die Einstiegs- und die Mittelklasse neu auf. Die neue Mittelklasse soll ebenfalls \u00fcber eine aktive Ger\u00e4uschunterdr\u00fcckung verf\u00fcgen und ein Ladecase mit integriertem Lautsprecher erhalten, das auf Zuruf ein Signalton abspielen kann und so beim Wiederfinden von Ohrh\u00f6rern hilft, die hinter die Couch oder unter das Bett gefallen sind.<\/p>\n<p><a href=\"https:\/\/images.iphone-ticker.de\/wp-content\/uploads\/2024\/03\/audioanpassungen.png\"><img loading=\"lazy\" decoding=\"async\" class=\"aligncenter size-large wp-image-231459\" src=\"https:\/\/images.iphone-ticker.de\/wp-content\/uploads\/2024\/03\/audioanpassungen-700x700.png\" alt=\"Audioanpassungen\" width=\"700\" height=\"700\" srcset=\"https:\/\/images.iphone-ticker.de\/wp-content\/uploads\/2024\/03\/audioanpassungen-700x700.png 700w, https:\/\/images.iphone-ticker.de\/wp-content\/uploads\/2024\/03\/audioanpassungen-500x500.png 500w, https:\/\/images.iphone-ticker.de\/wp-content\/uploads\/2024\/03\/audioanpassungen-150x150.png 150w, https:\/\/images.iphone-ticker.de\/wp-content\/uploads\/2024\/03\/audioanpassungen-1536x1536.png 1536w, https:\/\/images.iphone-ticker.de\/wp-content\/uploads\/2024\/03\/audioanpassungen-2048x2048.png 2048w\" sizes=\"auto, (max-width: 700px) 100vw, 700px\" \/><\/a><\/p>\n<p>Die AirPods Pro, die bereits mit einem USB-C-Ladecase angeboten werden, bleiben unver\u00e4ndert am Markt und freuen sich lediglich \u00fcber eine Software-Aktualisierung. Wie berichtet, will Apple hier einen H\u00f6rger\u00e4temodus anbieten und auch eine gesonderte H\u00f6rtestfunktion ist offenbar in Planung.<\/p>\n<ul>\n<li><strong>Mit iOS 18:<\/strong> <a title=\"Mit iOS 18: AirPods Pro sollen neuen H\u00f6rger\u00e4te-Modus bekommen\" href=\"https:\/\/www.iphone-ticker.de\/mit-ios-18-airpods-pro-sollen-neuen-hoergeraete-modus-bekommen-231458\/\">AirPods Pro sollen neuen H\u00f6rger\u00e4te-Modus bekommen<\/a><\/li>\n<\/ul>\n<p><img loading=\"lazy\" decoding=\"async\" src=\"https:\/\/vg04.met.vgwort.de\/na\/ccb7c342f14346d1bd4d4ac968c27588\" width=\"1\" height=\"1\" no-lazy class=\"tracking\"><\/p>\n","protected":false},"excerpt":{"rendered":"<a href=\"https:\/\/www.iphone-ticker.de\/airpods-grosses-portfolio-update-im-herbst-231771\/\"><img decoding=\"async\" width=\"150\" src=\"https:\/\/images.iphone-ticker.de\/wp-content\/uploads\/2023\/10\/airpods-modelle-500x280.jpg\" class=\"alignright wp-post-image tfe\" alt=\"Airpods Modelle\" title=\"\" \/><\/a><p>Apple bereitet sich auf die Markteinf\u00fchrung der n\u00e4chsten Generation seiner AirPods-Ohrh\u00f6rer vor und d\u00fcrfte nach Angaben des Wirtschaftsnachrichten-Dienstes Bloomberg neue Produktionsrekorde aufstellen: Schon im Mai k\u00f6nnte Apple demnach mit der Massenproduktion beginnen, die sich bis zum Verkaufsstart im Herbst um die Fertigung von 20 bis 25 Millionen Einheiten der neuen Ohrh\u00f6rer k\u00fcmmern soll. AirPods und [&hellip;]<\/p>\n","protected":false},"author":1,"featured_media":0,"comment_status":"open","ping_status":"closed","sticky":false,"template":"","format":"standard","meta":{"footnotes":""},"categories":[14],"tags":[3567,3912,2064,3910],"class_list":["post-231771","post","type-post","status-publish","format-standard","hentry","category-apple","tag-airpods","tag-apple","tag-geruechte","tag-rumors"],"aioseo_notices":[],"subheadline":["AirPods und AirPods 3 werden ersetzt"],"featured_image":["https:\/\/images.iphone-ticker.de\/wp-content\/uploads\/2023\/10\/airpods-pro-2-feature.jpg"],"rest_api_enabler":{"subheadline":"AirPods und AirPods 3 werden ersetzt","featured_image":"https:\/\/images.iphone-ticker.de\/wp-content\/uploads\/2023\/10\/airpods-pro-2-feature.jpg"},"_links":{"self":[{"href":"https:\/\/www.iphone-ticker.de\/apiv2\/wp\/v2\/posts\/231771","targetHints":{"allow":["GET"]}}],"collection":[{"href":"https:\/\/www.iphone-ticker.de\/apiv2\/wp\/v2\/posts"}],"about":[{"href":"https:\/\/www.iphone-ticker.de\/apiv2\/wp\/v2\/types\/post"}],"author":[{"embeddable":true,"href":"https:\/\/www.iphone-ticker.de\/apiv2\/wp\/v2\/users\/1"}],"replies":[{"embeddable":true,"href":"https:\/\/www.iphone-ticker.de\/apiv2\/wp\/v2\/comments?post=231771"}],"version-history":[{"count":2,"href":"https:\/\/www.iphone-ticker.de\/apiv2\/wp\/v2\/posts\/231771\/revisions"}],"predecessor-version":[{"id":231834,"href":"https:\/\/www.iphone-ticker.de\/apiv2\/wp\/v2\/posts\/231771\/revisions\/231834"}],"wp:attachment":[{"href":"https:\/\/www.iphone-ticker.de\/apiv2\/wp\/v2\/media?parent=231771"}],"wp:term":[{"taxonomy":"category","embeddable":true,"href":"https:\/\/www.iphone-ticker.de\/apiv2\/wp\/v2\/categories?post=231771"},{"taxonomy":"post_tag","embeddable":true,"href":"https:\/\/www.iphone-ticker.de\/apiv2\/wp\/v2\/tags?post=231771"}],"curies":[{"name":"wp","href":"https:\/\/api.w.org\/{rel}","templated":true}]}}