{"id":231722,"date":"2024-03-18T07:04:41","date_gmt":"2024-03-18T06:04:41","guid":{"rendered":"https:\/\/www.iphone-ticker.de\/?p=231722"},"modified":"2024-03-25T21:06:27","modified_gmt":"2024-03-25T20:06:27","slug":"einheitliche-ladekabel-usb-c-pflicht-vom-bundestag-beschlossen","status":"publish","type":"post","link":"https:\/\/www.iphone-ticker.de\/einheitliche-ladekabel-usb-c-pflicht-vom-bundestag-beschlossen-231722\/","title":{"rendered":"Einheitliche Ladekabel: USB-C-Pflicht vom Bundestag beschlossen"},"content":{"rendered":"<p>Das Thema \u201eeinheitliche Ladekabel\u201c ist jetzt ganz offiziell unter Dach und Fach. Der Bundestag hat den mit dem Titel \u201e\u00c4nderung des Funkanlagengesetzes\u201c versehenen Gesetzentwurf diesbez\u00fcglich in der vergangenen Woche nun wie erwartet auch beschlossen.<\/p>\n<p>Die Neufassung des Gesetzes verpflichtet die Hersteller in Zukunft dazu, alle Ger\u00e4te, die \u00fcber eine kabelgebundene Schnittstelle zum Laden verf\u00fcgen, f\u00fcr diesen Zweck mit einem USB-C-Anschluss auszustatten. Die Grundlage hierf\u00fcr bildet eine bereits 2022 erlassene europ\u00e4ische Richtlinie, die nun in zwei Schritten umgesetzt wird.<\/p>\n<p><a href=\"https:\/\/images.iphone-ticker.de\/wp-content\/uploads\/2024\/03\/usb-c-unsplash.jpg\"><img loading=\"lazy\" decoding=\"async\" src=\"https:\/\/images.iphone-ticker.de\/wp-content\/uploads\/2024\/03\/usb-c-unsplash-700x404.jpg\" alt=\"Usb C Unsplash\" width=\"700\" height=\"404\" class=\"alignnone size-large wp-image-231727\" srcset=\"https:\/\/images.iphone-ticker.de\/wp-content\/uploads\/2024\/03\/usb-c-unsplash-700x404.jpg 700w, https:\/\/images.iphone-ticker.de\/wp-content\/uploads\/2024\/03\/usb-c-unsplash-500x289.jpg 500w, https:\/\/images.iphone-ticker.de\/wp-content\/uploads\/2024\/03\/usb-c-unsplash.jpg 1395w\" sizes=\"auto, (max-width: 700px) 100vw, 700px\" \/><\/a><\/p>\n<p>Zun\u00e4chst m\u00fcssen ab dem 28. Dezember 2024 Mobilger\u00e4te wie Tablets, Digitalkameras,Kopfh\u00f6rer und Headsets, tragbare Videospielkonsolen, tragbare Lautsprecher und eBook-Reader mit einem USB-C-Ladeanschluss ausgestattet sein, was bereits den Gro\u00dfteil aller in den Geltungsbereich der Richtlinie fallenden Ger\u00e4te abdeckt. Vom 28. April 2026 an gilt die Vorgabe f\u00fcr s\u00e4mtliche Ger\u00e4te, was insbesondere dann auch Notebooks betrifft.<\/p>\n<p><div class=\"responsive-video\"><iframe loading=\"lazy\" width=\"640\" height=\"360\" src=\"https:\/\/webtv.bundestag.de\/pservices\/player\/embed\/nokey?e=bt-od&#038;ep=69&#038;a=144277506&#038;c=7608582&#038;t=https%3A%2F%2Fdbtg.tv%2Fcvid%2F7608582\" allowfullscreen=\"true\" referrerpolicy=\"origin\" style=\"border:none;\" allow=\"geolocation; autoplay\" sandbox=\"allow-same-origin allow-scripts allow-forms allow-modals allow-popups\"><\/iframe><\/div><\/p>\n<h2>Altger\u00e4te d\u00fcrfen weiter verkauft werden<\/h2>\n<p>Apple ist diesbez\u00fcglich ja inzwischen auf Kurs und hat nicht nur die neuen iPhone-Modelle bereits auf USB-C umgestellt, sondern unterst\u00fctzt l\u00e4ngst auch bei seinen Notebooks die Ladefunktion \u00fcber USB-C. In Zukunft werden wir auch die restlichen Mobilger\u00e4te und Zubeh\u00f6r wie Tastaturen und M\u00e4use von Apple entsprechend angepasst sehen, wenn sie neu auf den Markt kommen.<\/p>\n<p>Wichtig ist zu wissen, dass die neue Bestimmung ausschlie\u00dflich Ger\u00e4te betrifft, die nach den genannten Stichtagen erstmalig in den Verkehr gebracht werden. Es wird somit auch nach dem 28. Dezember noch m\u00f6glich sein, \u00e4ltere und mit einem Lightning-Anschluss ausgestattete Modelle von iPhone oder iPad zu verkaufen. Dies und die weitl\u00e4ufigen Erf\u00fcllungsfristen sollen sicherstellen, dass sie die \u00c4nderungen von Seiten der Hersteller mit vertretbarem Aufwand umsetzen lassen.<img loading=\"lazy\" decoding=\"async\" src=\"https:\/\/vg06.met.vgwort.de\/na\/236e2dc447b04b1abd0001ab1028e582\" width=\"1\" height=\"1\" no-lazy class=\"tracking\"><\/p>\n","protected":false},"excerpt":{"rendered":"<a href=\"https:\/\/www.iphone-ticker.de\/einheitliche-ladekabel-usb-c-pflicht-vom-bundestag-beschlossen-231722\/\"><img width=\"150\" height=\"150\" src=\"https:\/\/images.iphone-ticker.de\/wp-content\/uploads\/2024\/03\/usb-c-unsplash-150x150.jpg\" class=\"alignright tfe wp-post-image\" alt=\"Usb C Unsplash\" decoding=\"async\" loading=\"lazy\" \/><\/a><p>Das Thema \u201eeinheitliche Ladekabel\u201c ist jetzt ganz offiziell unter Dach und Fach. Der Bundestag hat den mit dem Titel \u201e\u00c4nderung des Funkanlagengesetzes\u201c versehenen Gesetzentwurf diesbez\u00fcglich in der vergangenen Woche nun wie erwartet auch beschlossen. Die Neufassung des Gesetzes verpflichtet die Hersteller in Zukunft dazu, alle Ger\u00e4te, die \u00fcber eine kabelgebundene Schnittstelle zum Laden verf\u00fcgen, f\u00fcr [&hellip;]<\/p>\n","protected":false},"author":2,"featured_media":231727,"comment_status":"open","ping_status":"closed","sticky":false,"template":"","format":"standard","meta":{"footnotes":""},"categories":[1,1975],"tags":[2857,3103,3140],"class_list":["post-231722","post","type-post","status-publish","format-standard","has-post-thumbnail","hentry","category-news","category-feature","tag-gesetz","tag-ladekabel","tag-usb-c"],"aioseo_notices":[],"subheadline":["EU-Standard unter Dach und Fach"],"featured_image":["https:\/\/images.iphone-ticker.de\/wp-content\/uploads\/2024\/03\/usb-c-iphone-feature.jpg"],"rest_api_enabler":{"subheadline":"EU-Standard unter Dach und Fach","featured_image":"https:\/\/images.iphone-ticker.de\/wp-content\/uploads\/2024\/03\/usb-c-iphone-feature.jpg"},"_links":{"self":[{"href":"https:\/\/www.iphone-ticker.de\/apiv2\/wp\/v2\/posts\/231722","targetHints":{"allow":["GET"]}}],"collection":[{"href":"https:\/\/www.iphone-ticker.de\/apiv2\/wp\/v2\/posts"}],"about":[{"href":"https:\/\/www.iphone-ticker.de\/apiv2\/wp\/v2\/types\/post"}],"author":[{"embeddable":true,"href":"https:\/\/www.iphone-ticker.de\/apiv2\/wp\/v2\/users\/2"}],"replies":[{"embeddable":true,"href":"https:\/\/www.iphone-ticker.de\/apiv2\/wp\/v2\/comments?post=231722"}],"version-history":[{"count":7,"href":"https:\/\/www.iphone-ticker.de\/apiv2\/wp\/v2\/posts\/231722\/revisions"}],"predecessor-version":[{"id":231733,"href":"https:\/\/www.iphone-ticker.de\/apiv2\/wp\/v2\/posts\/231722\/revisions\/231733"}],"wp:featuredmedia":[{"embeddable":true,"href":"https:\/\/www.iphone-ticker.de\/apiv2\/wp\/v2\/media\/231727"}],"wp:attachment":[{"href":"https:\/\/www.iphone-ticker.de\/apiv2\/wp\/v2\/media?parent=231722"}],"wp:term":[{"taxonomy":"category","embeddable":true,"href":"https:\/\/www.iphone-ticker.de\/apiv2\/wp\/v2\/categories?post=231722"},{"taxonomy":"post_tag","embeddable":true,"href":"https:\/\/www.iphone-ticker.de\/apiv2\/wp\/v2\/tags?post=231722"}],"curies":[{"name":"wp","href":"https:\/\/api.w.org\/{rel}","templated":true}]}}