{"id":230562,"date":"2024-02-26T08:03:17","date_gmt":"2024-02-26T07:03:17","guid":{"rendered":"https:\/\/www.iphone-ticker.de\/?p=230562"},"modified":"2024-03-03T20:07:43","modified_gmt":"2024-03-03T19:07:43","slug":"ios-18-auch-umfangreiches-design-update-erwartet","status":"publish","type":"post","link":"https:\/\/www.iphone-ticker.de\/ios-18-auch-umfangreiches-design-update-erwartet-230562\/","title":{"rendered":"iOS 18: Auch umfangreiches Design-Update erwartet"},"content":{"rendered":"<p>Der f\u00fcr gew\u00f6hnlich gut unterrichtete US-Journalist Mark Gurman, der f\u00fcr den Wirtschaftsnachrichten-Dienst Bloomberg unter anderem die Markteinf\u00fchrung und zahlreiche technische Kenndaten der Apple Vision Pro zutreffend vorausgesagt hatte, hat sich in seinem <a href=\"https:\/\/www.bloomberg.com\/news\/newsletters\/2024-02-25\/apple-ponders-making-new-wearables-ai-glasses-airpods-with-cameras-smart-ring-lt1kb7cd\">&#8222;Power On&#8220;-Newsletter<\/a> zu dem bevorstehenden Design-Update von iOS 18 ge\u00e4u\u00dfert.<\/p>\n<blockquote class=\"twitter-tweet\">\n<p dir=\"ltr\" lang=\"en\">My version of VisionOS on iPhone<\/p>\n<p>Icons <a href=\"https:\/\/twitter.com\/matteotiscia?ref_src=twsrc%5Etfw\">@matteotiscia<\/a><br \/>\nWidgy u\/DamiienB &#8211; Reddit<br \/>\nMockup <a href=\"https:\/\/twitter.com\/SeanKly?ref_src=twsrc%5Etfw\">@SeanKly<\/a><\/p>\n<p>&#x2716;&#xfe0f;&#x2716;&#xfe0f;&#x2716;&#xfe0f;&#x2716;&#xfe0f;&#x2716;&#xfe0f;&#x2716;&#xfe0f;&#x2716;&#xfe0f;&#x2716;&#xfe0f;&#x2716;&#xfe0f;&#x2716;&#xfe0f;&#x2716;&#xfe0f;&#x2716;&#xfe0f; <a href=\"https:\/\/t.co\/rmaZNQKPfP\">pic.twitter.com\/rmaZNQKPfP<\/a><\/p>\n<p>\u2014 AviadorGT (@aviador_gt) <a href=\"https:\/\/twitter.com\/aviador_gt\/status\/1759305306696265917?ref_src=twsrc%5Etfw\">February 18, 2024<\/a><\/p><\/blockquote>\n<p><script async src=\"https:\/\/platform.twitter.com\/widgets.js\" charset=\"utf-8\"><\/script><\/p>\n<p>Das n\u00e4chste iPhone-Betriebssystem soll demnach die \u00dcberarbeitung der iOS-Benutzeroberfl\u00e4che angehen und wird ein frisches User-Interface-Design mitbringen, an dessen Implementierung Apple derzeit arbeitet. Zwar sollen die sichtbaren \u00c4nderungen nicht so drastisch ausfallen, wie beim Sprung von iOS 6 zu iOS 7, das iPhone-Betriebssystem wird sich nach Angaben Gurmans jedoch erkennbar ver\u00e4ndern.<\/p>\n<p>Der Marktstart der Apple Vision Pro hatte Fragen \u00fcber eine m\u00f6gliche Neugestaltung des iPhone-Betriebssystems aufgeworfen. Spekuliert wurde vor allem dar\u00fcber, ob Apple das neue Design von visionOS auch auf die Mobilger\u00e4te des Konzerns \u00fcbertragen k\u00f6nnte.<\/p>\n<p>Allerdings ist unwahrscheinlich, dass Apple die dreidimensionalen Benutzeroberfl\u00e4chen, die glas\u00e4hnlichen Hintergr\u00fcnde und die speziell f\u00fcr die r\u00e4umliche Nutzung ausgelegten UI-Elemente auf iPhone und iPad bringen wird. Hier wird eine dezentere Design-\u00dcberarbeitung erwartet.<\/p>\n<blockquote class=\"twitter-tweet\" data-media-max-width=\"560\">\n<p dir=\"ltr\" lang=\"en\">I don\u2019t like this concept of Vision OS on an iPhone just seems pointless on a mobile phone as the experience is not the same and is not immersive. <a href=\"https:\/\/twitter.com\/hashtag\/iPhone?src=hash&amp;ref_src=twsrc%5Etfw\">#iPhone<\/a> <a href=\"https:\/\/twitter.com\/hashtag\/Apple?src=hash&amp;ref_src=twsrc%5Etfw\">#Apple<\/a> <a href=\"https:\/\/twitter.com\/hashtag\/VisionOS?src=hash&amp;ref_src=twsrc%5Etfw\">#VisionOS<\/a> <a href=\"https:\/\/twitter.com\/hashtag\/iPhone15Pro?src=hash&amp;ref_src=twsrc%5Etfw\">#iPhone15Pro<\/a> <a href=\"https:\/\/twitter.com\/hashtag\/AppleVisionPro?src=hash&amp;ref_src=twsrc%5Etfw\">#AppleVisionPro<\/a> <a href=\"https:\/\/t.co\/MRMKlJFt6O\">pic.twitter.com\/MRMKlJFt6O<\/a><\/p>\n<p>\u2014 Neil Sargeant (@Neil_Sarg) <a href=\"https:\/\/twitter.com\/Neil_Sarg\/status\/1758386901231563217?ref_src=twsrc%5Etfw\">February 16, 2024<\/a><\/p><\/blockquote>\n<p><script async src=\"https:\/\/platform.twitter.com\/widgets.js\" charset=\"utf-8\"><\/script><\/p>\n<p>Zuletzt hatte Mark Gurman bereits gemeldet, dass iOS 18 eines der gr\u00f6\u00dften Betriebssystem-Updates \u00fcberhaupt auf das iPhone bringen wird. Das n\u00e4chste iPhone-Update, das Apple zuerst im Rahmen der WWDC-Entwicklerkonferenz im Sommer pr\u00e4sentieren wird, soll erstmals \u00fcber eine integrierte KI-Assistenz verf\u00fcgen und prall gef\u00fcllt mit neuen Funktionen sein, zu denen bislang jedoch so gut wie keine Details bekannt sind.<\/p>\n<p>Zus\u00e4tzlich zu den erwarteten Neuerungen wird iOS 18 wohl auch bei der Sonderbehandlung von europ\u00e4ischen Anwendern nachsch\u00e4rfen. Diese werden bereits mit iOS 17.4 die M\u00f6glichkeit erhalten einen anderen Browser als Safari zum Systemstandard zu machen und sollen langfristig alternative App Stores zur Installation von iOS-Applikationen nutzen k\u00f6nnen.<\/p>\n<h2>Zum Nachlesen:<\/h2>\n<ul>\n<li><strong>F\u00fcr lokale KI: <\/strong><a title=\"F\u00fcr lokale KI: \u201eNeural Engine\u201c im iPhone 16 wohl deutlich gr\u00f6\u00dfer\" href=\"https:\/\/www.iphone-ticker.de\/fuer-lokale-ki-neural-engine-im-iphone-16-wohl-deutlich-groesser-230081\/\">\u201eNeural Engine\u201c im iPhone 16 wohl deutlich gr\u00f6\u00dfer<\/a><\/li>\n<li><strong>iOS 18:<\/strong> <a title=\"iOS 18: Das gr\u00f6\u00dfte iPhone-Update aller Zeiten?\" href=\"https:\/\/www.iphone-ticker.de\/ios-18-das-groesste-iphone-update-aller-zeiten-229050\/\">Das gr\u00f6\u00dfte iPhone-Update aller Zeiten?<\/a><\/li>\n<\/ul>\n<p><img loading=\"lazy\" decoding=\"async\" src=\"https:\/\/vg07.met.vgwort.de\/na\/d3067d9eb9f84504b799b314b7399722\" width=\"1\" height=\"1\" no-lazy class=\"tracking\"><\/p>\n","protected":false},"excerpt":{"rendered":"<a href=\"https:\/\/www.iphone-ticker.de\/ios-18-auch-umfangreiches-design-update-erwartet-230562\/\"><img decoding=\"async\" width=\"150\" src=\"https:\/\/vg07.met.vgwort.de\/na\/d3067d9eb9f84504b799b314b7399722\" class=\"alignright wp-post-image tfe\" alt=\"\" title=\"\" \/><\/a><p>Der f\u00fcr gew\u00f6hnlich gut unterrichtete US-Journalist Mark Gurman, der f\u00fcr den Wirtschaftsnachrichten-Dienst Bloomberg unter anderem die Markteinf\u00fchrung und zahlreiche technische Kenndaten der Apple Vision Pro zutreffend vorausgesagt hatte, hat sich in seinem &#8222;Power On&#8220;-Newsletter zu dem bevorstehenden Design-Update von iOS 18 ge\u00e4u\u00dfert. My version of VisionOS on iPhone Icons @matteotiscia Widgy u\/DamiienB &#8211; Reddit Mockup [&hellip;]<\/p>\n","protected":false},"author":1,"featured_media":0,"comment_status":"open","ping_status":"closed","sticky":false,"template":"","format":"standard","meta":{"footnotes":""},"categories":[39,1975],"tags":[6619,78,6615],"class_list":["post-230562","post","type-post","status-publish","format-standard","hentry","category-apps","category-feature","tag-apple-vision-pro","tag-design","tag-ios-18"],"aioseo_notices":[],"featured_image":["https:\/\/images.iphone-ticker.de\/wp-content\/uploads\/2024\/01\/ios-18-feature.jpg"],"subheadline":["Inspiriert von visionOS?"],"rest_api_enabler":{"featured_image":"https:\/\/images.iphone-ticker.de\/wp-content\/uploads\/2024\/01\/ios-18-feature.jpg","subheadline":"Inspiriert von visionOS?"},"_links":{"self":[{"href":"https:\/\/www.iphone-ticker.de\/apiv2\/wp\/v2\/posts\/230562","targetHints":{"allow":["GET"]}}],"collection":[{"href":"https:\/\/www.iphone-ticker.de\/apiv2\/wp\/v2\/posts"}],"about":[{"href":"https:\/\/www.iphone-ticker.de\/apiv2\/wp\/v2\/types\/post"}],"author":[{"embeddable":true,"href":"https:\/\/www.iphone-ticker.de\/apiv2\/wp\/v2\/users\/1"}],"replies":[{"embeddable":true,"href":"https:\/\/www.iphone-ticker.de\/apiv2\/wp\/v2\/comments?post=230562"}],"version-history":[{"count":1,"href":"https:\/\/www.iphone-ticker.de\/apiv2\/wp\/v2\/posts\/230562\/revisions"}],"predecessor-version":[{"id":230564,"href":"https:\/\/www.iphone-ticker.de\/apiv2\/wp\/v2\/posts\/230562\/revisions\/230564"}],"wp:attachment":[{"href":"https:\/\/www.iphone-ticker.de\/apiv2\/wp\/v2\/media?parent=230562"}],"wp:term":[{"taxonomy":"category","embeddable":true,"href":"https:\/\/www.iphone-ticker.de\/apiv2\/wp\/v2\/categories?post=230562"},{"taxonomy":"post_tag","embeddable":true,"href":"https:\/\/www.iphone-ticker.de\/apiv2\/wp\/v2\/tags?post=230562"}],"curies":[{"name":"wp","href":"https:\/\/api.w.org\/{rel}","templated":true}]}}