{"id":229991,"date":"2024-02-14T20:04:25","date_gmt":"2024-02-14T19:04:25","guid":{"rendered":"https:\/\/www.iphone-ticker.de\/?p=229991"},"modified":"2024-02-14T20:22:05","modified_gmt":"2024-02-14T19:22:05","slug":"keine-web-apps-in-europa-apple-huellt-sich-in-schweigen","status":"publish","type":"post","link":"https:\/\/www.iphone-ticker.de\/keine-web-apps-in-europa-apple-huellt-sich-in-schweigen-229991\/","title":{"rendered":"Keine Web-Apps in Europa: Apple h\u00fcllt sich in Schweigen"},"content":{"rendered":"<p>Wir haben in der vergangenen Woche schon dar\u00fcber <a href=\"https:\/\/www.iphone-ticker.de\/funktion-von-web-apps-in-der-eu-kuenftig-wohl-eingeschraenkt-229765\/\">berichtet<\/a>, dass sich die auch PWA abgek\u00fcrzten \u201eprogressiven Web-Apps\u201c mit den ersten beiden Beta-Versionen von iOS 17.4 nicht mehr nutzen lassen. Die Problematik betrifft allerdings nur Nutzer in den L\u00e4ndern der Europ\u00e4ischen Union, sodass zuvor schon ein Zusammenhang mit dem Anfang M\u00e4rz in Kraft tretenden Gesetz \u00fcber digitale M\u00e4rkte vermutet wurde.<\/p>\n<p>Dieser Eindruck scheint sich mehr und mehr zu best\u00e4tigen und man muss sich wundern, warum Apple hier keine klare Ansage macht. Der iPhone-Hersteller hat bislang weder auf die Berichte \u00fcber den Fehler und die damit zusammenh\u00e4ngende Kritik reagiert, noch findet sich in den Update-Notizen zu der nun <a href=\"https:\/\/www.iphone-ticker.de\/ios-17-4-viele-kleine-verbesserungen-im-anmarsch-229953\/\">dritten Beta-Version von iOS 17.4<\/a> ein entsprechender Hinweis.<\/p>\n<blockquote class=\"twitter-tweet\">\n<p lang=\"en\" dir=\"ltr\">We can confirm that PWAs on iOS 17.4 are turned off for EU users on b3, while Apple keeps silent about it as if it&#39;s not happening.<\/p>\n<p>At this point, it\u2019s a feature disabled on purpose, and they want to keep it that way for the stable version to ship in a few weeks to all users. <a href=\"https:\/\/t.co\/kZHVxmRijX\">https:\/\/t.co\/kZHVxmRijX<\/a><\/p>\n<p>&mdash; Maximiliano Firtman (@firt) <a href=\"https:\/\/twitter.com\/firt\/status\/1757704444991426812?ref_src=twsrc%5Etfw\">February 14, 2024<\/a><\/p><\/blockquote>\n<p> <script async src=\"https:\/\/platform.twitter.com\/widgets.js\" charset=\"utf-8\"><\/script><\/p>\n<p>Dabei l\u00e4sst sich ganz und gar nicht ausschlie\u00dfen, dass Apple valide und nachvollziehbare Gr\u00fcnde daf\u00fcr hat, den Funktionsumfang von iOS entsprechend zu beschneiden. Apple muss im Zusammenhang mit den kommenden EU-Restriktionen auch im Bereich der auf dem iPhone verf\u00fcgbaren Internet-Browsern Umstellungen vornehmen. Die von der EU erlassenen Ma\u00dfnahmen wollen verhindern, dass Marktpartner eine Art Monopolstellung einnehmen und die damit verbundene Macht missbrauchen k\u00f6nnen. Auf die Web-Browser bezogen hei\u00dft das, dass Safari nicht mehr die Standardvorgabe auf dem iPhone sein darf, sondern der Nutzer k\u00fcnftig frei w\u00e4hlen kann, welche App er f\u00fcr seine Besuche im Internet verwenden will. Mit dem Start von iOS 17.4 ist hier eine <a href=\"https:\/\/www.iphone-ticker.de\/safari-alternativen-mit-ios-17-4-stellt-apple-diese-browser-zu-wahl-228998\/\">Auswahlliste mit zw\u00f6lf verschiedenen Apps<\/a> vorgesehen.<\/p>\n<h2>Apple l\u00e4sst Entwickler und Nutzer im Dunkeln<\/h2>\n<p>Bei den Web-Apps handelt es sich letztendlich um Internet-Lesezeichen, die auf dem Home-Bildschirm des iPhone abgelegt sind. Von daher ist zumindest denkbar, dass deren Start mit der neuen Browser-Auswahl in Konflikt ger\u00e4t oder zus\u00e4tzliche Anpassungen n\u00f6tig macht. Apple scheint bislang allerdings keinen Bedarf zu sehen, nicht nur betroffene Nutzer, sondern insbesondere auch irritierte Entwickler \u00fcber eventuelle Zusammenh\u00e4nge und vor allem \u00fcber die Gr\u00fcnde f\u00fcr die Einschr\u00e4nkung aufzukl\u00e4ren.<img loading=\"lazy\" decoding=\"async\" src=\"https:\/\/vg06.met.vgwort.de\/na\/658c3a28520c4bbf9062c1a2c4c8ae15\" width=\"1\" height=\"1\" no-lazy class=\"tracking\"><\/p>\n","protected":false},"excerpt":{"rendered":"<a href=\"https:\/\/www.iphone-ticker.de\/keine-web-apps-in-europa-apple-huellt-sich-in-schweigen-229991\/\"><img decoding=\"async\" width=\"150\" src=\"https:\/\/vg06.met.vgwort.de\/na\/658c3a28520c4bbf9062c1a2c4c8ae15\" class=\"alignright wp-post-image tfe\" alt=\"\" title=\"\" \/><\/a><p>Wir haben in der vergangenen Woche schon dar\u00fcber berichtet, dass sich die auch PWA abgek\u00fcrzten \u201eprogressiven Web-Apps\u201c mit den ersten beiden Beta-Versionen von iOS 17.4 nicht mehr nutzen lassen. Die Problematik betrifft allerdings nur Nutzer in den L\u00e4ndern der Europ\u00e4ischen Union, sodass zuvor schon ein Zusammenhang mit dem Anfang M\u00e4rz in Kraft tretenden Gesetz \u00fcber [&hellip;]<\/p>\n","protected":false},"author":2,"featured_media":0,"comment_status":"open","ping_status":"closed","sticky":false,"template":"","format":"standard","meta":{"footnotes":""},"categories":[88],"tags":[6697,6717,141],"class_list":["post-229991","post","type-post","status-publish","format-standard","hentry","category-entwickler","tag-ios-17-4","tag-pwa","tag-web-apps"],"aioseo_notices":[],"subheadline":["Zusammenhang mit DMA wahrscheinlich"],"featured_image":["https:\/\/images.iphone-ticker.de\/wp-content\/uploads\/2022\/03\/iphone-se-feature-2.jpg"],"rest_api_enabler":{"subheadline":"Zusammenhang mit DMA wahrscheinlich","featured_image":"https:\/\/images.iphone-ticker.de\/wp-content\/uploads\/2022\/03\/iphone-se-feature-2.jpg"},"_links":{"self":[{"href":"https:\/\/www.iphone-ticker.de\/apiv2\/wp\/v2\/posts\/229991","targetHints":{"allow":["GET"]}}],"collection":[{"href":"https:\/\/www.iphone-ticker.de\/apiv2\/wp\/v2\/posts"}],"about":[{"href":"https:\/\/www.iphone-ticker.de\/apiv2\/wp\/v2\/types\/post"}],"author":[{"embeddable":true,"href":"https:\/\/www.iphone-ticker.de\/apiv2\/wp\/v2\/users\/2"}],"replies":[{"embeddable":true,"href":"https:\/\/www.iphone-ticker.de\/apiv2\/wp\/v2\/comments?post=229991"}],"version-history":[{"count":5,"href":"https:\/\/www.iphone-ticker.de\/apiv2\/wp\/v2\/posts\/229991\/revisions"}],"predecessor-version":[{"id":229999,"href":"https:\/\/www.iphone-ticker.de\/apiv2\/wp\/v2\/posts\/229991\/revisions\/229999"}],"wp:attachment":[{"href":"https:\/\/www.iphone-ticker.de\/apiv2\/wp\/v2\/media?parent=229991"}],"wp:term":[{"taxonomy":"category","embeddable":true,"href":"https:\/\/www.iphone-ticker.de\/apiv2\/wp\/v2\/categories?post=229991"},{"taxonomy":"post_tag","embeddable":true,"href":"https:\/\/www.iphone-ticker.de\/apiv2\/wp\/v2\/tags?post=229991"}],"curies":[{"name":"wp","href":"https:\/\/api.w.org\/{rel}","templated":true}]}}