{"id":229394,"date":"2024-02-02T17:10:07","date_gmt":"2024-02-02T16:10:07","guid":{"rendered":"https:\/\/www.iphone-ticker.de\/?p=229394"},"modified":"2024-02-02T19:23:43","modified_gmt":"2024-02-02T18:23:43","slug":"das-parlament-neutral-ueberparteilich-und-jetzt-auch-fuer-mobilgeraete","status":"publish","type":"post","link":"https:\/\/www.iphone-ticker.de\/das-parlament-neutral-ueberparteilich-und-jetzt-auch-fuer-mobilgeraete-229394\/","title":{"rendered":"&#8222;Das Parlament&#8220;: Neutral, \u00fcberparteilich und jetzt auch f\u00fcr Mobilger\u00e4te"},"content":{"rendered":"<p>&#8222;<a href=\"https:\/\/www.das-parlament.de\/startseite\">Das Parlament<\/a>&#8222;, so hei\u00dft die Wochenzeitung des Deutschen Bundestages. Diese wird seit \u00fcber 70 Jahren herausgegeben und informiert politisch interessierte Menschen \u00fcber Debatten, Hintergr\u00fcnde aus Aussch\u00fcssen, Sitzungsverl\u00e4ufe und Diskussionen im Plenum.<\/p>\n<p><a href=\"https:\/\/images.iphone-ticker.de\/wp-content\/uploads\/2024\/02\/das-parlament.jpg\"><img loading=\"lazy\" decoding=\"async\" class=\"aligncenter size-medium wp-image-229396\" src=\"https:\/\/images.iphone-ticker.de\/wp-content\/uploads\/2024\/02\/das-parlament-500x418.jpg\" alt=\"Das Parlament\" width=\"500\" height=\"418\" srcset=\"https:\/\/images.iphone-ticker.de\/wp-content\/uploads\/2024\/02\/das-parlament-500x418.jpg 500w, https:\/\/images.iphone-ticker.de\/wp-content\/uploads\/2024\/02\/das-parlament-700x585.jpg 700w, https:\/\/images.iphone-ticker.de\/wp-content\/uploads\/2024\/02\/das-parlament.jpg 1382w\" sizes=\"auto, (max-width: 500px) 100vw, 500px\" \/><\/a><\/p>\n<h2>Seit 70 Jahren erh\u00e4ltlich<\/h2>\n<p>In ihren Anfangsjahren noch \u00fcber die Bundeszentrale f\u00fcr Politische Bildung publiziert, ist seit dem Jahr 2001 der Deutsche Bundestag selbst als Herausgeber f\u00fcr die Zeitung verantwortlich, der es sich hier zur Aufgabe gemacht hat, parlamentarische Geschehnisse einzuordnen und \u00fcber alle wichtigen Ausschussberatungen sowie alle Bundestagsdebatten zu informieren.<\/p>\n<p>Ihrem Selbstverst\u00e4ndnis folgend, ist jeder gew\u00e4hlte Bundestagsabgeordnete automatisch Mitherausgeber der Zeitung, was sich nat\u00fcrlich auch auf die Inhalte des Blattes auswirkt: So sieht die Redaktion ihre Berichterstattung gekennzeichnet von &#8222;strikter parteipolitischer Neutralit\u00e4t, Ausgewogenheit und der Darstellung der Positionen aller im Bundestag vertretenen Fraktionen&#8220;.<\/p>\n<p>Die Redaktion sagt ihren Lesern zu, weder Interpretationen noch Wertungen der parlamentarischen Vorg\u00e4nge vorzunehmen.<\/p>\n<p><a href=\"https:\/\/images.iphone-ticker.de\/wp-content\/uploads\/2024\/02\/das-parlament.png\"><img loading=\"lazy\" decoding=\"async\" class=\"aligncenter size-large wp-image-229397\" src=\"https:\/\/images.iphone-ticker.de\/wp-content\/uploads\/2024\/02\/das-parlament-700x700.png\" alt=\"Das Parlament\" width=\"700\" height=\"700\" srcset=\"https:\/\/images.iphone-ticker.de\/wp-content\/uploads\/2024\/02\/das-parlament-700x700.png 700w, https:\/\/images.iphone-ticker.de\/wp-content\/uploads\/2024\/02\/das-parlament-500x500.png 500w, https:\/\/images.iphone-ticker.de\/wp-content\/uploads\/2024\/02\/das-parlament-150x150.png 150w, https:\/\/images.iphone-ticker.de\/wp-content\/uploads\/2024\/02\/das-parlament-1536x1536.png 1536w, https:\/\/images.iphone-ticker.de\/wp-content\/uploads\/2024\/02\/das-parlament-2048x2048.png 2048w\" sizes=\"auto, (max-width: 700px) 100vw, 700px\" \/><\/a><\/p>\n<h2>Erstmals auch f\u00fcr Mobilger\u00e4te<\/h2>\n<p>Warum wir aktuell auf &#8222;Das Parlament&#8220; kommen? Die Wochenzeitung hat einen neu gestalteten Online-Auftritt <a href=\"https:\/\/www.das-parlament.de\/inland\/bundestag\/wir-haben-das-parlament-neu-gestaltet\">vorgestellt<\/a>, der erstmals auch f\u00fcr die Darstellung auf Mobilger\u00e4ten wie dem iPhone geeignet ist.<\/p>\n<p>Zwar hat man davon abgesehen, eine speziell optimierte iPhone-Applikation bereitzustellen, bietet jetzt aber immerhin eine Web-Anwendung an, die sowohl auf dem Desktop-Rechner als auch auf dem Mobilger\u00e4t problemlos konsumiert werden kann.<\/p>\n<p>Dar\u00fcber hinaus steht hier <a href=\"https:\/\/www.das-parlament.de\/e-paper\">das kostenlose E-Paper<\/a> der Wochenzeitung zum Download bereit. Dieses erscheint immer Freitagabend. Die aktuelle, heutige Ausgabe ist seit kurzem verf\u00fcgbar.<\/p>\n<ul>\n<li><strong>Das Parlament<\/strong> &#8211; <a href=\"https:\/\/www.das-parlament.de\/startseite\">Die Webseite<\/a><\/li>\n<li><strong>Das Parlament<\/strong> &#8211; <a href=\"https:\/\/www.das-parlament.de\/e-paper\">Das E-Paper<\/a><\/li>\n<\/ul>\n<p><img loading=\"lazy\" decoding=\"async\" src=\"https:\/\/vg01.met.vgwort.de\/na\/3cc9e6ff3ff04a90ba7d2bfe026e97c2\" width=\"1\" height=\"1\" no-lazy class=\"tracking\"><\/p>\n","protected":false},"excerpt":{"rendered":"<a href=\"https:\/\/www.iphone-ticker.de\/das-parlament-neutral-ueberparteilich-und-jetzt-auch-fuer-mobilgeraete-229394\/\"><img width=\"150\" height=\"150\" src=\"https:\/\/images.iphone-ticker.de\/wp-content\/uploads\/2024\/02\/das-parlament-150x150.png\" class=\"alignright tfe wp-post-image\" alt=\"Das Parlament\" decoding=\"async\" loading=\"lazy\" srcset=\"https:\/\/images.iphone-ticker.de\/wp-content\/uploads\/2024\/02\/das-parlament-150x150.png 150w, https:\/\/images.iphone-ticker.de\/wp-content\/uploads\/2024\/02\/das-parlament-500x500.png 500w, https:\/\/images.iphone-ticker.de\/wp-content\/uploads\/2024\/02\/das-parlament-700x700.png 700w, https:\/\/images.iphone-ticker.de\/wp-content\/uploads\/2024\/02\/das-parlament-1536x1536.png 1536w, https:\/\/images.iphone-ticker.de\/wp-content\/uploads\/2024\/02\/das-parlament-2048x2048.png 2048w\" sizes=\"auto, (max-width: 150px) 100vw, 150px\" \/><\/a><p>&#8222;Das Parlament&#8222;, so hei\u00dft die Wochenzeitung des Deutschen Bundestages. Diese wird seit \u00fcber 70 Jahren herausgegeben und informiert politisch interessierte Menschen \u00fcber Debatten, Hintergr\u00fcnde aus Aussch\u00fcssen, Sitzungsverl\u00e4ufe und Diskussionen im Plenum. Seit 70 Jahren erh\u00e4ltlich In ihren Anfangsjahren noch \u00fcber die Bundeszentrale f\u00fcr Politische Bildung publiziert, ist seit dem Jahr 2001 der Deutsche Bundestag selbst [&hellip;]<\/p>\n","protected":false},"author":1,"featured_media":229397,"comment_status":"closed","ping_status":"closed","sticky":false,"template":"","format":"standard","meta":{"footnotes":""},"categories":[1],"tags":[1490,412],"class_list":["post-229394","post","type-post","status-publish","format-standard","has-post-thumbnail","hentry","category-news","tag-bundestag","tag-politik"],"aioseo_notices":[],"subheadline":["Wochenzeitung des Bundestages"],"featured_image":["https:\/\/images.iphone-ticker.de\/wp-content\/uploads\/2024\/02\/das-parlament-feature.jpg"],"rest_api_enabler":{"subheadline":"Wochenzeitung des Bundestages","featured_image":"https:\/\/images.iphone-ticker.de\/wp-content\/uploads\/2024\/02\/das-parlament-feature.jpg"},"_links":{"self":[{"href":"https:\/\/www.iphone-ticker.de\/apiv2\/wp\/v2\/posts\/229394","targetHints":{"allow":["GET"]}}],"collection":[{"href":"https:\/\/www.iphone-ticker.de\/apiv2\/wp\/v2\/posts"}],"about":[{"href":"https:\/\/www.iphone-ticker.de\/apiv2\/wp\/v2\/types\/post"}],"author":[{"embeddable":true,"href":"https:\/\/www.iphone-ticker.de\/apiv2\/wp\/v2\/users\/1"}],"replies":[{"embeddable":true,"href":"https:\/\/www.iphone-ticker.de\/apiv2\/wp\/v2\/comments?post=229394"}],"version-history":[{"count":5,"href":"https:\/\/www.iphone-ticker.de\/apiv2\/wp\/v2\/posts\/229394\/revisions"}],"predecessor-version":[{"id":229406,"href":"https:\/\/www.iphone-ticker.de\/apiv2\/wp\/v2\/posts\/229394\/revisions\/229406"}],"wp:featuredmedia":[{"embeddable":true,"href":"https:\/\/www.iphone-ticker.de\/apiv2\/wp\/v2\/media\/229397"}],"wp:attachment":[{"href":"https:\/\/www.iphone-ticker.de\/apiv2\/wp\/v2\/media?parent=229394"}],"wp:term":[{"taxonomy":"category","embeddable":true,"href":"https:\/\/www.iphone-ticker.de\/apiv2\/wp\/v2\/categories?post=229394"},{"taxonomy":"post_tag","embeddable":true,"href":"https:\/\/www.iphone-ticker.de\/apiv2\/wp\/v2\/tags?post=229394"}],"curies":[{"name":"wp","href":"https:\/\/api.w.org\/{rel}","templated":true}]}}