{"id":228755,"date":"2024-01-23T08:30:56","date_gmt":"2024-01-23T07:30:56","guid":{"rendered":"https:\/\/www.iphone-ticker.de\/?p=228755"},"modified":"2024-01-23T08:31:34","modified_gmt":"2024-01-23T07:31:34","slug":"facebook-und-insta-verknuepfung-laesst-sich-wieder-aufloesen","status":"publish","type":"post","link":"https:\/\/www.iphone-ticker.de\/facebook-und-insta-verknuepfung-laesst-sich-wieder-aufloesen-228755\/","title":{"rendered":"Facebook und Insta: Verkn\u00fcpfung l\u00e4sst sich wieder aufl\u00f6sen"},"content":{"rendered":"<p>Der Facebook-Mutterkonzern Meta hat weitere Reaktionen auf das Gesetz \u00fcber digitale M\u00e4rkte angek\u00fcndigt, das ab M\u00e4rz 2024 in vollem Umfang in Kraft treten wird und die Marktmacht gro\u00dfer Plattformen innerhalb der Europ\u00e4ischen Union st\u00e4rker kontrollieren wird.<\/p>\n<p><a href=\"https:\/\/images.iphone-ticker.de\/wp-content\/uploads\/2024\/01\/facebok-meta-daten.jpg\"><img loading=\"lazy\" decoding=\"async\" class=\"aligncenter size-medium wp-image-228757\" src=\"https:\/\/images.iphone-ticker.de\/wp-content\/uploads\/2024\/01\/facebok-meta-daten-500x500.jpg\" alt=\"Facebok Meta Daten\" width=\"500\" height=\"500\" srcset=\"https:\/\/images.iphone-ticker.de\/wp-content\/uploads\/2024\/01\/facebok-meta-daten-500x500.jpg 500w, https:\/\/images.iphone-ticker.de\/wp-content\/uploads\/2024\/01\/facebok-meta-daten-700x700.jpg 700w, https:\/\/images.iphone-ticker.de\/wp-content\/uploads\/2024\/01\/facebok-meta-daten-150x150.jpg 150w, https:\/\/images.iphone-ticker.de\/wp-content\/uploads\/2024\/01\/facebok-meta-daten.jpg 1072w\" sizes=\"auto, (max-width: 500px) 100vw, 500px\" \/><\/a><\/p>\n<h2>&#8222;Im Laufe der kommenden Wochen&#8220;<\/h2>\n<p><a href=\"https:\/\/about.fb.com\/news\/2024\/01\/offering-people-more-choice-on-how-they-can-use-our-services-in-the-eu\/\">Wie Meta mitteilt<\/a>, werden Nutzer von Instagram und Facebook innerhalb der Europ\u00e4ischen Union zuk\u00fcnftig konkret festlegen d\u00fcrfen, inwiefern Daten zur eigenen Person von beiden Portalen ausgewertet und zwischen diesen geteilt werden d\u00fcrfen.<\/p>\n<p>Im &#8222;Laufe der kommenden Wochen&#8220; sollen Kontoinhaber von Facebook und Instagram diesbez\u00fcglich entsprechende Benachrichtigungen erhalten und die M\u00f6glichkeit haben, festzulegen, ob und in welchem Umfang Informationen zwischen beiden Portalen geteilt werden.<\/p>\n<h2>Verkn\u00fcpfung l\u00e4sst sich wieder aufl\u00f6sen<\/h2>\n<p>Dies gilt auch f\u00fcr Nutzer, die sich in der Vergangenheit bereits daf\u00fcr entschieden haben, die pers\u00f6nlichen Daten von beiden Portalen auswerten zu lassen und miteinander zu verbinden. Diese werden im so genannten &#8222;Accounts Center&#8220; festlegen k\u00f6nnen, ob die Verkn\u00fcpfung auch weiterhin Bestand haben soll oder ob die Konten bei Instagram und Facebook separat gef\u00fchrt und unabh\u00e4ngig voneinander verwaltet werden sollen.<\/p>\n<p>Dar\u00fcber hinaus wird Meta allen europ\u00e4ischen Nutzern die M\u00f6glichkeit anbieten, Instagram und Facebook g\u00e4nzlich werbefrei und ohne Auswertung der pers\u00f6nlichen Informationen f\u00fcr Werbekunden zu nutzen. Dies ist hierzulande bereits \u00fcber den bezahlten Zugriff m\u00f6glich, der Anwendern in Deutschland bereits seit November 2023 angeboten wird.<\/p>\n<p>Neuerungen, die auch f\u00fcr den Facebook Messenger, den Facebook Marketplace und Facebook Gaming gelten. Zuk\u00fcnftig sollen sich Nutzer aussuchen d\u00fcrfen, ob diese den selben Account auf allen Facebook-Plattformen verwenden oder mit unterschiedlichen Konten im Marketplace, beim Messenger und bei Facebook selbst aktiv sind.<\/p>\n<p><img loading=\"lazy\" decoding=\"async\" src=\"https:\/\/vg05.met.vgwort.de\/na\/73a89278586e4027a19b47f1b5fa4fe4\" width=\"1\" height=\"1\" no-lazy class=\"tracking\"><\/p>\n","protected":false},"excerpt":{"rendered":"<a href=\"https:\/\/www.iphone-ticker.de\/facebook-und-insta-verknuepfung-laesst-sich-wieder-aufloesen-228755\/\"><img width=\"150\" height=\"150\" src=\"https:\/\/images.iphone-ticker.de\/wp-content\/uploads\/2024\/01\/facebok-meta-daten-150x150.jpg\" class=\"alignright tfe wp-post-image\" alt=\"Facebok Meta Daten\" decoding=\"async\" loading=\"lazy\" srcset=\"https:\/\/images.iphone-ticker.de\/wp-content\/uploads\/2024\/01\/facebok-meta-daten-150x150.jpg 150w, https:\/\/images.iphone-ticker.de\/wp-content\/uploads\/2024\/01\/facebok-meta-daten-500x500.jpg 500w, https:\/\/images.iphone-ticker.de\/wp-content\/uploads\/2024\/01\/facebok-meta-daten-700x700.jpg 700w, https:\/\/images.iphone-ticker.de\/wp-content\/uploads\/2024\/01\/facebok-meta-daten.jpg 1072w\" sizes=\"auto, (max-width: 150px) 100vw, 150px\" \/><\/a><p>Der Facebook-Mutterkonzern Meta hat weitere Reaktionen auf das Gesetz \u00fcber digitale M\u00e4rkte angek\u00fcndigt, das ab M\u00e4rz 2024 in vollem Umfang in Kraft treten wird und die Marktmacht gro\u00dfer Plattformen innerhalb der Europ\u00e4ischen Union st\u00e4rker kontrollieren wird. &#8222;Im Laufe der kommenden Wochen&#8220; Wie Meta mitteilt, werden Nutzer von Instagram und Facebook innerhalb der Europ\u00e4ischen Union zuk\u00fcnftig [&hellip;]<\/p>\n","protected":false},"author":1,"featured_media":228757,"comment_status":"open","ping_status":"closed","sticky":false,"template":"","format":"standard","meta":{"footnotes":""},"categories":[1],"tags":[3914,292,455,1321,2377,147],"class_list":["post-228755","post","type-post","status-publish","format-standard","has-post-thumbnail","hentry","category-news","tag-apps","tag-europa","tag-facebook","tag-instagram","tag-meta","tag-recht"],"aioseo_notices":[],"featured_image":["https:\/\/images.iphone-ticker.de\/wp-content\/uploads\/2024\/01\/meta-facebook-feature.jpg"],"subheadline":["Auch Messenger, Marketplace und Gaming betroffen"],"rest_api_enabler":{"featured_image":"https:\/\/images.iphone-ticker.de\/wp-content\/uploads\/2024\/01\/meta-facebook-feature.jpg","subheadline":"Auch Messenger, Marketplace und Gaming betroffen"},"_links":{"self":[{"href":"https:\/\/www.iphone-ticker.de\/apiv2\/wp\/v2\/posts\/228755","targetHints":{"allow":["GET"]}}],"collection":[{"href":"https:\/\/www.iphone-ticker.de\/apiv2\/wp\/v2\/posts"}],"about":[{"href":"https:\/\/www.iphone-ticker.de\/apiv2\/wp\/v2\/types\/post"}],"author":[{"embeddable":true,"href":"https:\/\/www.iphone-ticker.de\/apiv2\/wp\/v2\/users\/1"}],"replies":[{"embeddable":true,"href":"https:\/\/www.iphone-ticker.de\/apiv2\/wp\/v2\/comments?post=228755"}],"version-history":[{"count":1,"href":"https:\/\/www.iphone-ticker.de\/apiv2\/wp\/v2\/posts\/228755\/revisions"}],"predecessor-version":[{"id":228759,"href":"https:\/\/www.iphone-ticker.de\/apiv2\/wp\/v2\/posts\/228755\/revisions\/228759"}],"wp:featuredmedia":[{"embeddable":true,"href":"https:\/\/www.iphone-ticker.de\/apiv2\/wp\/v2\/media\/228757"}],"wp:attachment":[{"href":"https:\/\/www.iphone-ticker.de\/apiv2\/wp\/v2\/media?parent=228755"}],"wp:term":[{"taxonomy":"category","embeddable":true,"href":"https:\/\/www.iphone-ticker.de\/apiv2\/wp\/v2\/categories?post=228755"},{"taxonomy":"post_tag","embeddable":true,"href":"https:\/\/www.iphone-ticker.de\/apiv2\/wp\/v2\/tags?post=228755"}],"curies":[{"name":"wp","href":"https:\/\/api.w.org\/{rel}","templated":true}]}}