{"id":227431,"date":"2024-01-05T17:50:02","date_gmt":"2024-01-05T16:50:02","guid":{"rendered":"https:\/\/www.iphone-ticker.de\/?p=227431"},"modified":"2024-01-12T19:15:06","modified_gmt":"2024-01-12T18:15:06","slug":"100-tage-iphone-15-pro-das-beste-upgrade-bislang","status":"publish","type":"post","link":"https:\/\/www.iphone-ticker.de\/100-tage-iphone-15-pro-das-beste-upgrade-bislang-227431\/","title":{"rendered":"100 Tage iPhone 15 Pro: Das beste Upgrade seit langer, langer Zeit"},"content":{"rendered":"<p>Wir haben das iPhone 15 Pro, in diesem Jahr in <a rel=\"noindex, nofollow\" href=\"http:\/\/www.ifun.de\/amzn\/B0CHX7H38D\">der Farbvariante Titan Natur<\/a>, jetzt seit etwa 100 Tagen im Betrieb &#8211; und m\u00fcssen hier mal ein paar Zeilen zum aktuellen Flaggschiff verlieren. Dies f\u00e4llt uns gar nicht so leicht, denn dass wir einer neuen Ger\u00e4tegeneration des iPhones einen eigenen Eintrag gewidmet haben, ist lange her.<\/p>\n<p><a href=\"https:\/\/images.iphone-ticker.de\/wp-content\/uploads\/2024\/01\/action-taste.png\"><img loading=\"lazy\" decoding=\"async\" class=\"aligncenter size-medium wp-image-227842\" src=\"https:\/\/images.iphone-ticker.de\/wp-content\/uploads\/2024\/01\/action-taste-500x454.png\" alt=\"Action Taste\" width=\"500\" height=\"454\" srcset=\"https:\/\/images.iphone-ticker.de\/wp-content\/uploads\/2024\/01\/action-taste-500x454.png 500w, https:\/\/images.iphone-ticker.de\/wp-content\/uploads\/2024\/01\/action-taste.png 696w\" sizes=\"auto, (max-width: 500px) 100vw, 500px\" \/><\/a><\/p>\n<p>Da wir sowohl vor der Ver\u00f6ffentlichung neuer Ger\u00e4temodelle jedes noch so unscheinbare Detail notieren, als auch nach dem Verkaufsstart alle kleinen und gro\u00dfen Entdeckungen ber\u00fccksichtigen, die das neue Ger\u00e4t von der vorangegangenen Modellvariante unterscheiden, h\u00e4tten zus\u00e4tzliche Hardware-Besprechungen irgendwie aufgesetzt gewirkt.<\/p>\n<p>Best\u00e4tigt Apple im Jahresabstand doch verl\u00e4sslich die seit 2007 etablierte Faustformel: Das jeweils neueste iPhone ist das beste Smartphone auf dem Markt.<\/p>\n<p>Damit gilt: Wer das beste Smartphone nutzen m\u00f6chte, der kauft sich ein iPhone. Funktionsumfang, Spezifikationen und Gestaltung sind dabei nicht mehr wirklich  kaufentscheidend, sondern werden eher wie kleine \u00dcberraschungen und unverhoffte Dreingaben wahrgenommen: 2015 lieferte erstmals eine brauchbare Bewegtbildstabilisierung, 2017 gab es die hervorragende Gesichtserkennung Face ID obendrauf, 2020 die Magnetr\u00fcckseite und den Night Mode f\u00fcr Fotoaufnahmen, 2021 das ungeschlagene ProMotion Display.<\/p>\n<h2>Das iPhone 15 Pro<\/h2>\n<p>Das im vergangenen Herbst ausgegebene iPhone 15 Pro macht hier, zumindest oberfl\u00e4chlich betrachtet, keine gro\u00dfe Ausnahme. Die neue Ger\u00e4tegeneration wird in diesem Jahr von einem verbesserten Kamerasystem begleitet, setzt auf einen neuen Materialmix und tauscht den seit nunmehr 16 Jahren bew\u00e4hrten Stummschalter gegen einen neuen Taster aus, ohne die Anzahl der Bedienelemente dabei zu ver\u00e4ndern.<\/p>\n<p>Doch ganz so unscheinbar wie auf den ersten Blick zu vermuten, ist die Neuver\u00f6ffentlichung in diesem Jahr nicht: Den Sprung auf das iPhone 15 Pro &#8211; bewerten wir in diesem Jahr als bestes Upgrade seit langer, langer Zeit. Unabh\u00e4ngig davon, auf welche iPhone-Generation ihr aktuell als t\u00e4glichen Begleiter setzt.<\/p>\n<p><a href=\"https:\/\/images.iphone-ticker.de\/wp-content\/uploads\/2024\/01\/iphone-15-pro-verpackung-sonne-scaled.jpg\"><img loading=\"lazy\" decoding=\"async\" class=\"aligncenter size-large wp-image-227841\" src=\"https:\/\/images.iphone-ticker.de\/wp-content\/uploads\/2024\/01\/iphone-15-pro-verpackung-sonne-700x467.jpg\" alt=\"Iphone 15 Pro Verpackung Sonne\" width=\"700\" height=\"467\" srcset=\"https:\/\/images.iphone-ticker.de\/wp-content\/uploads\/2024\/01\/iphone-15-pro-verpackung-sonne-700x467.jpg 700w, https:\/\/images.iphone-ticker.de\/wp-content\/uploads\/2024\/01\/iphone-15-pro-verpackung-sonne-500x333.jpg 500w, https:\/\/images.iphone-ticker.de\/wp-content\/uploads\/2024\/01\/iphone-15-pro-verpackung-sonne-1536x1024.jpg 1536w, https:\/\/images.iphone-ticker.de\/wp-content\/uploads\/2024\/01\/iphone-15-pro-verpackung-sonne-2048x1365.jpg 2048w\" sizes=\"auto, (max-width: 700px) 100vw, 700px\" \/><\/a><\/p>\n<h2>20 Gramm federleichter<\/h2>\n<p>Die unserer Meinung nach wichtigste und in zahlreichen der fr\u00fchen Produktrezensionen leider unterschlagene Ver\u00e4nderung ist das Gewicht des neuen Pro-Modells. Das iPhone 15 Pro bringt nur 187 g und damit knapp 20 Gramm weniger als sein Vorg\u00e4nger auf die Waage, was sich bereits bei der ersten Inbetriebnahme unmittelbar bemerkbar macht. 20 Gramm mag erst mal wenig klingen, macht aber mehr als ein Zehntel das Gesamtgewichts aus. W\u00e4hrend das iPhone 14 Pro mit seinem Eigengewicht noch locker die Sommer-Shorts nach unten rutschen lassen konnte, ist das iPhone 15 Pro nicht nur der deutlich angenehmere Insasse in Hosen- und Hemdtaschen, sondern l\u00e4sst auch l\u00e4ngere Videoaufnahmen ohne Erm\u00fcdungserscheinungen im Handgelenk zu.<\/p>\n<p>Den Materialwechsel merken wir dem iPhone 15 Pro, ehrlich gesagt, nicht wirklich an &#8211; erst recht nicht im Alltagseinsatz hinter den zus\u00e4tzlichen <a href=\"https:\/\/www.iphone-ticker.de\/nomad-modern-leather-magsafe-eine-empfehlung-fuer-das-iphone-15-226839\/\">Schutzschichten aus Kunststoff und Leder<\/a> \u2013 wir sind jedoch Fans des neuen, kurvigeren Ger\u00e4terahmens, der das neue High-End-Modell deutlich filigraner wirken l\u00e4sst als seine Vorg\u00e4nger. Das  iPhone 15 Pro ist leichter, griffiger und runder. Ein Handschmeichler durch und durch.<\/p>\n<p><a href=\"https:\/\/images.iphone-ticker.de\/wp-content\/uploads\/2024\/01\/iphone-15-pro-verpackung-scaled.jpg\"><img loading=\"lazy\" decoding=\"async\" class=\"aligncenter size-large wp-image-227843\" src=\"https:\/\/images.iphone-ticker.de\/wp-content\/uploads\/2024\/01\/iphone-15-pro-verpackung-700x467.jpg\" alt=\"Iphone 15 Pro Verpackung\" width=\"700\" height=\"467\" srcset=\"https:\/\/images.iphone-ticker.de\/wp-content\/uploads\/2024\/01\/iphone-15-pro-verpackung-700x467.jpg 700w, https:\/\/images.iphone-ticker.de\/wp-content\/uploads\/2024\/01\/iphone-15-pro-verpackung-500x333.jpg 500w, https:\/\/images.iphone-ticker.de\/wp-content\/uploads\/2024\/01\/iphone-15-pro-verpackung-1536x1024.jpg 1536w, https:\/\/images.iphone-ticker.de\/wp-content\/uploads\/2024\/01\/iphone-15-pro-verpackung-2048x1365.jpg 2048w\" sizes=\"auto, (max-width: 700px) 100vw, 700px\" \/><\/a><\/p>\n<p>Demgegen\u00fcber f\u00fchlt sich das iPhone 14 Pro inzwischen geradezu nach einer B\u00fcrde an. Statt einen besonders wertigen Eindruck zu vermitteln, wirkt das 2022 ver\u00f6ffentlichte Ger\u00e4t im direkten Vergleich einfach nur sehr schwer.<\/p>\n<h2>Endlich echtes USB-C<\/h2>\n<p>Zweites Feature-Highlight: der Austausch der Lightning-Buchse durch einen vollwertigen USB-C-Anschluss (mit Geschwindigkeiten bis zu 10Gb\/s). Ein Feature, f\u00fcr das wir uns in erster Linie zwar bei der Europ\u00e4ischen Union bedanken d\u00fcrfen, letztlich jedoch ganz gl\u00fccklich dar\u00fcber sind, dass Apple hier nicht auf eine trotzige Adapterimplementierung gesetzt, sondern die Vorgaben der europ\u00e4ischen Regulierer zum Anlass genommen hat, sich f\u00fcr eine einheitliche Stromversorgung in allen wichtigen Ger\u00e4tefamilien zu entscheiden.<\/p>\n<p>Wer heute ein MacBook Air, ein iPhone 15 Pro und ein iPad Pro kauft, dem reicht ein Netzteil und ein Ladekabel aus. Dies klingt erst mal nicht sehr revolution\u00e4r, ist aber ein riesiger Schritt nach vorne.<\/p>\n<p>Ein Schritt nach vorne sind auch die Ger\u00e4tetasten des neuen iPhone 15 Pro. Was man so gut wie nirgends nachlesen kann: mit der Action-Taste verf\u00fcgt das iPhone 15 Pro nicht nur \u00fcber einen neuen Hardwareknopf, alle anderen Bedienelemente sind im Vergleich zum Vorg\u00e4nger auch neu gelagert und deutlich reaktiver als bislang. Die Druckpunkte, sind weicher, das Feedback unmittelbarer.<\/p>\n<p><a href=\"https:\/\/images.iphone-ticker.de\/wp-content\/uploads\/2024\/01\/tasten-iphone-15-pro.png\"><img loading=\"lazy\" decoding=\"async\" class=\"aligncenter size-large wp-image-227844\" src=\"https:\/\/images.iphone-ticker.de\/wp-content\/uploads\/2024\/01\/tasten-iphone-15-pro-700x359.png\" alt=\"Tasten Iphone 15 Pro\" width=\"700\" height=\"359\" srcset=\"https:\/\/images.iphone-ticker.de\/wp-content\/uploads\/2024\/01\/tasten-iphone-15-pro-700x359.png 700w, https:\/\/images.iphone-ticker.de\/wp-content\/uploads\/2024\/01\/tasten-iphone-15-pro-500x257.png 500w, https:\/\/images.iphone-ticker.de\/wp-content\/uploads\/2024\/01\/tasten-iphone-15-pro-1536x789.png 1536w, https:\/\/images.iphone-ticker.de\/wp-content\/uploads\/2024\/01\/tasten-iphone-15-pro.png 1566w\" sizes=\"auto, (max-width: 700px) 100vw, 700px\" \/><\/a><\/p>\n<h2>Zukunft, Zukunft, Zukunft<\/h2>\n<p>Als erstes iPhone \u00fcberhaupt verf\u00fcgt das iPhone 15 Pro \u00fcber ein integriertes Thread-Modul. Auch dieses ist, wie der USB-C-Port, als Versprechen in die Zukunft zu werten, da das Funkmodul derzeit noch keine Funktion erf\u00fcllt, von Apple aber wohl sp\u00e4testens dann freigeschaltet werden d\u00fcrfte, wenn der neue Smart-Home-Standard Matter dann endlich das Durcheinander aus verschiedenen Apps, Industrie-Standards und Herstellersystemen aus unserem Wohnzimmern verdr\u00e4ngt.<\/p>\n<p>Mit Blick auf die Leistungsbeschreibung des iPhone 15 Pro k\u00f6nnte man den Eindruck gewinnen, Apple h\u00e4tte sich intern schon mal darauf verst\u00e4ndigt, die Aufmerksamkeit der Hard- und Software-Ingenieure in den kommenden Jahren vor allem der Datenbrille Apple Vision Pro zu sichern. Das letzte iPhone vor der Einf\u00fchrung der neuen Produktkategorie wurde entsprechend bis zum Eich-Strich mit neuen Funktionen und Erweiterungen f\u00fcr die kommenden Jahre vollgepackt: Die sogenannte Neural Engine des neuen A17-Prozessors ist doppelt so schnell wie die des iPhone 14 Pro und auch das WLAN-Modul, das erstmals auf den neuen Wi-Fi 6E-Standard setzt, \u00fcberrundet die drahtlosen Kapazit\u00e4ten seines Vorg\u00e4ngers.<\/p>\n<p><a href=\"https:\/\/images.iphone-ticker.de\/wp-content\/uploads\/2024\/01\/makro-aufnahme.png\"><img loading=\"lazy\" decoding=\"async\" class=\"aligncenter size-large wp-image-227846\" src=\"https:\/\/images.iphone-ticker.de\/wp-content\/uploads\/2024\/01\/makro-aufnahme-700x526.png\" alt=\"Makro Aufnahme\" width=\"700\" height=\"526\" srcset=\"https:\/\/images.iphone-ticker.de\/wp-content\/uploads\/2024\/01\/makro-aufnahme-700x526.png 700w, https:\/\/images.iphone-ticker.de\/wp-content\/uploads\/2024\/01\/makro-aufnahme-500x376.png 500w, https:\/\/images.iphone-ticker.de\/wp-content\/uploads\/2024\/01\/makro-aufnahme.png 814w\" sizes=\"auto, (max-width: 700px) 100vw, 700px\" \/><\/a><\/p>\n<p>Ebenfalls wenig bekannt: Im iPhone 15 Pro wurde der Ultrabreitband-Chip erstmals in g\u00e4nzlich neuer Generation verbaut. Das Aufsp\u00fcren nahegelegener Objekte ist nun im dreifachen Radius des bisherigen m\u00f6glich.<\/p>\n<h2>Ein riesiges Upgrade vom iPhone 12<\/h2>\n<p>Da die meisten Anwender ihre Ger\u00e4te nicht jedes Jahr wechseln, lohnt sich der Blick zur\u00fcck: Wer derzeit etwa noch auf ein iPhone 12 setzt, der freut sich nicht nur \u00fcber das neue Material, die neue Leichtigkeit, die neue Action-Taste, den USB-C-Port und nat\u00fcrlich auch \u00fcber das neue Kameramodul mit dem l\u00e4ngsten optischen Zoom der jemals in einem iPhone verbaut wurde. Zusammen mit der Makro-Funktion dr\u00fcckt einem das iPhone iPhone 15 quasi sieben Kamera-Objektive in die Hand:<\/p>\n<p><a href=\"https:\/\/images.iphone-ticker.de\/wp-content\/uploads\/2024\/01\/kameras-iphone15-pro.jpg\"><img loading=\"lazy\" decoding=\"async\" class=\"aligncenter size-large wp-image-227845\" src=\"https:\/\/images.iphone-ticker.de\/wp-content\/uploads\/2024\/01\/kameras-iphone15-pro-700x356.jpg\" alt=\"Kameras Iphone15 Pro\" width=\"700\" height=\"356\" srcset=\"https:\/\/images.iphone-ticker.de\/wp-content\/uploads\/2024\/01\/kameras-iphone15-pro-700x356.jpg 700w, https:\/\/images.iphone-ticker.de\/wp-content\/uploads\/2024\/01\/kameras-iphone15-pro-500x254.jpg 500w, https:\/\/images.iphone-ticker.de\/wp-content\/uploads\/2024\/01\/kameras-iphone15-pro-1536x780.jpg 1536w, https:\/\/images.iphone-ticker.de\/wp-content\/uploads\/2024\/01\/kameras-iphone15-pro-2048x1041.jpg 2048w\" sizes=\"auto, (max-width: 700px) 100vw, 700px\" \/><\/a><\/p>\n<p>Das iPhone 15 Pro verf\u00fcgt im Gegensatz zu dem 2020 ver\u00f6ffentlichten Modell \u00fcber einen Touchscreen, der bis zu doppelt so hell  leuchten kann. Zudem bringt es das iPhone 15 Pro auch auf eine um bis zu neun Stunden l\u00e4ngere Akkulaufzeit bei der durchgehenden Wiedergabe von Videoinhalten, freut sich \u00fcber das Vorhandensein der Unfallerkennung, \u00fcber Bluetooth 5.3, \u00fcber eine bis zu 70 Prozent schnellere Performance (wenn man den A17 mit dem im iPhone 12 verbauten A14-Chip vergleicht) und kann  auf bis zu 1 Terabyte Speicher zugreifen.<\/p>\n<p>Dazu gibt es dann nicht nur das ProMotion-Display mit seiner butterweichen Bildwiederholrate von 120 Hz, sondern auch das neue Dynamic Island, dass den Sensor- und Kameraausschnitt auf der Ger\u00e4tefront in einen zus\u00e4tzlichen Infobereich sowie in ein erg\u00e4nzendes Bedienelement verwandelt.<\/p>\n<h2>Ein so guter Zeitpunkt wie lange nicht mehr<\/h2>\n<p>Um es kurz zu machen: Unserer Meinung nach gab es lange keinen so guten Zeitpunkt den Sprung auf die neueste iPhone-Generation zu wagen. Dies gilt sowohl f\u00fcr Anwender, die derzeit noch auf ein iPhone 14 Pro setzen, und damit noch hervorragende Eintauschwerte mitnehmen k\u00f6nnen, als auch f\u00fcr Anwender ohne FOMO-Diagnose, die sich mit ihrem iPhone XR eigentlich noch pudelwohl f\u00fchlen. Wir gehen davon aus, dass das iPhone 15 Pro wieder eines der Ger\u00e4te ist, mit denen sich die n\u00e4chsten sieben Jahre problemlos \u00fcberbr\u00fccken lassen, ohne auf halber Strecke in das Regal mit den Neuerscheinungen zu schielen.<\/p>\n<script>\r\n  function open_amazon(link) {\r\n    if (navigator.userAgent.indexOf(\"Firefox\") != -1) {\r\n      window.open(link, '_blank');\r\n    } else {\r\n      var tag = document.createElement('a');\r\n      tag.setAttribute('href', link);\r\n      tag.innerHTML = \"amzn\";\r\n      tag.click();\r\n    }\r\n  }\r\n<\/script>\r\n    <div id=\"article-single-amazon-preview\" onclick=\"return open_amazon('https:\/\/www.amazon.de\/dp\/B0CHX7H38D?tag=musicweb02&linkCode=ogi&th=1&psc=1');\">\n  <div id=\"article-single-amazon-preview-header\">\n    <span class=\"title\">Produkthinweis<\/span>\n      <\/div>\n  <div id=\"article-single-amazon-preview-content\">\n    <div id=\"article-single-amazon-preview-img\" style=\"background: url('https:\/\/m.media-amazon.com\/images\/I\/41biRVTcO5L.jpg') center center no-repeat; background-size: cover;\"><\/div>\n    <div id=\"article-single-amazon-preview-desc\">\n      <span class=\"bezeichnung\"><a href=\"https:\/\/www.amazon.de\/dp\/B0CHX7H38D?tag=musicweb02&linkCode=ogi&th=1&psc=1\" style=\"text-decoration: none; border-bottom: 0px; box-shadow: none;\">Apple iPhone 15 Pro (256 GB) - Titan Natur<\/a><\/span>\n      <span class=\"preis--aktuell\">857,20 EUR<\/span>\n      <span class=\"preis--alt\"><\/span>\n    <\/div>\n  <\/div>\n<\/div>\n<p><div class=\"responsive-video\"><iframe loading=\"lazy\" title=\"Introducing iPhone 15 Pro | Apple\" width=\"500\" height=\"281\" src=\"https:\/\/www.youtube-nocookie.com\/embed\/xqyUdNxWazA?feature=oembed\" frameborder=\"0\" allow=\"accelerometer; autoplay; clipboard-write; encrypted-media; gyroscope; picture-in-picture; web-share\" referrerpolicy=\"strict-origin-when-cross-origin\" allowfullscreen><\/iframe><\/div><\/p>\n<p><img loading=\"lazy\" decoding=\"async\" src=\"https:\/\/vg02.met.vgwort.de\/na\/da3874474392403887f22d74a7af79c7\" width=\"1\" height=\"1\" no-lazy class=\"tracking\"><\/p>\n","protected":false},"excerpt":{"rendered":"<a href=\"https:\/\/www.iphone-ticker.de\/100-tage-iphone-15-pro-das-beste-upgrade-bislang-227431\/\"><img width=\"150\" height=\"150\" src=\"https:\/\/images.iphone-ticker.de\/wp-content\/uploads\/2024\/01\/makro-aufnahme-150x150.png\" class=\"alignright tfe wp-post-image\" alt=\"Makro Aufnahme\" decoding=\"async\" loading=\"lazy\" \/><\/a><p>Wir haben das iPhone 15 Pro, in diesem Jahr in der Farbvariante Titan Natur, jetzt seit etwa 100 Tagen im Betrieb &#8211; und m\u00fcssen hier mal ein paar Zeilen zum aktuellen Flaggschiff verlieren. Dies f\u00e4llt uns gar nicht so leicht, denn dass wir einer neuen Ger\u00e4tegeneration des iPhones einen eigenen Eintrag gewidmet haben, ist lange [&hellip;]<\/p>\n","protected":false},"author":1,"featured_media":227846,"comment_status":"open","ping_status":"closed","sticky":false,"template":"","format":"standard","meta":{"footnotes":""},"categories":[1,1975],"tags":[3912,6506],"class_list":["post-227431","post","type-post","status-publish","format-standard","has-post-thumbnail","hentry","category-news","category-feature","tag-apple","tag-iphone-15-pro"],"aioseo_notices":[],"featured_image":["https:\/\/images.iphone-ticker.de\/wp-content\/uploads\/2024\/01\/iphone-15-pro-titan.jpg"],"subheadline":["Zukunft, Zukunft, Zukunft"],"rest_api_enabler":{"featured_image":"https:\/\/images.iphone-ticker.de\/wp-content\/uploads\/2024\/01\/iphone-15-pro-titan.jpg","subheadline":"Zukunft, Zukunft, Zukunft"},"_links":{"self":[{"href":"https:\/\/www.iphone-ticker.de\/apiv2\/wp\/v2\/posts\/227431","targetHints":{"allow":["GET"]}}],"collection":[{"href":"https:\/\/www.iphone-ticker.de\/apiv2\/wp\/v2\/posts"}],"about":[{"href":"https:\/\/www.iphone-ticker.de\/apiv2\/wp\/v2\/types\/post"}],"author":[{"embeddable":true,"href":"https:\/\/www.iphone-ticker.de\/apiv2\/wp\/v2\/users\/1"}],"replies":[{"embeddable":true,"href":"https:\/\/www.iphone-ticker.de\/apiv2\/wp\/v2\/comments?post=227431"}],"version-history":[{"count":2,"href":"https:\/\/www.iphone-ticker.de\/apiv2\/wp\/v2\/posts\/227431\/revisions"}],"predecessor-version":[{"id":227848,"href":"https:\/\/www.iphone-ticker.de\/apiv2\/wp\/v2\/posts\/227431\/revisions\/227848"}],"wp:featuredmedia":[{"embeddable":true,"href":"https:\/\/www.iphone-ticker.de\/apiv2\/wp\/v2\/media\/227846"}],"wp:attachment":[{"href":"https:\/\/www.iphone-ticker.de\/apiv2\/wp\/v2\/media?parent=227431"}],"wp:term":[{"taxonomy":"category","embeddable":true,"href":"https:\/\/www.iphone-ticker.de\/apiv2\/wp\/v2\/categories?post=227431"},{"taxonomy":"post_tag","embeddable":true,"href":"https:\/\/www.iphone-ticker.de\/apiv2\/wp\/v2\/tags?post=227431"}],"curies":[{"name":"wp","href":"https:\/\/api.w.org\/{rel}","templated":true}]}}