{"id":227168,"date":"2023-12-20T18:16:08","date_gmt":"2023-12-20T17:16:08","guid":{"rendered":"https:\/\/www.iphone-ticker.de\/?p=227168"},"modified":"2023-12-20T18:16:08","modified_gmt":"2023-12-20T17:16:08","slug":"innenansichten-hintergrundbilder-fuer-iphone-15-und-iphone-14","status":"publish","type":"post","link":"https:\/\/www.iphone-ticker.de\/innenansichten-hintergrundbilder-fuer-iphone-15-und-iphone-14-227168\/","title":{"rendered":"Innenansichten: Hintergrundbilder f\u00fcr iPhone 15 und iPhone 14"},"content":{"rendered":"<p>Die Webseite <a href=\"https:\/\/basicappleguy.com\/\">basicappleguy.com<\/a> ist Spiel- und Tummelplatz des gleichnamigen, anonymen Content Creators. Denn nicht nur hier, sondern auch auf der Kurznachrichten-Plattform X, auf Instagram und Mastodon schon seit geraumer Zeit mit arbeitsintensiven Hintergrundgrafiken und Wallpapern f\u00fcr Apples Endger\u00e4te auff\u00e4llt.<\/p>\n<p><a href=\"https:\/\/images.iphone-ticker.de\/wp-content\/uploads\/2023\/12\/15and15ProMaxComparison.png\"><img loading=\"lazy\" decoding=\"async\" class=\"aligncenter size-medium wp-image-227170\" src=\"https:\/\/images.iphone-ticker.de\/wp-content\/uploads\/2023\/12\/15and15ProMaxComparison-500x500.png\" alt=\"15and15ProMaxComparison\" width=\"500\" height=\"500\" srcset=\"https:\/\/images.iphone-ticker.de\/wp-content\/uploads\/2023\/12\/15and15ProMaxComparison-500x500.png 500w, https:\/\/images.iphone-ticker.de\/wp-content\/uploads\/2023\/12\/15and15ProMaxComparison-700x700.png 700w, https:\/\/images.iphone-ticker.de\/wp-content\/uploads\/2023\/12\/15and15ProMaxComparison-150x150.png 150w, https:\/\/images.iphone-ticker.de\/wp-content\/uploads\/2023\/12\/15and15ProMaxComparison.png 1514w\" sizes=\"auto, (max-width: 500px) 100vw, 500px\" \/><\/a><\/p>\n<p>Wir wollen euch an dieser Stelle auf die Innenansichten hinweisen, die der basicappleguy seit kurzem sowohl in einer <a href=\"https:\/\/basicappleguy.com\/basicappleblog\/iphone-15-pro-schematics\">Variante f\u00fcr das iPhone 15<\/a> als auch in einer nun schon etwas \u00e4lteren Ausgabe f\u00fcr <a href=\"https:\/\/basicappleguy.com\/basicappleblog\/iphone-14-pro-amp-pro-max-schematics\">das iPhone 14 zum Download<\/a> anbietet.<\/p>\n<h2>Handgezeichnetes Interieur<\/h2>\n<p>Bei den Hintergrundbildern f\u00fcr die Pro-Ger\u00e4te der beiden Modellfamilien, die auf der Webseite des Gestalters <a href=\"https:\/\/basicappleguy.com\/basicappleblog\/iphone-13-pro-schematic\">seit dem iPhone 13<\/a> in Handarbeit angefertigt werden, handelt es sich um selbst gezeichnete, digitale Grafiken, die auf <a href=\"https:\/\/www.ifixit.com\/News\/82867\/iphone-15-teardown-reveals-software-lockdown\">Grundlage der ifixit-Fotos<\/a> des iPhone-Inneren erstellt wurden.<\/p>\n<p>Dabei hat der Gestalter beim Nachbau der iPhone 15 Pro-Innereien in diesem Jahr umfangreiche Neuerungen vorgenommen. So wurde fast die gesamte Grafik neu konzipiert, einzig das Frontkamera-Modul des iPhone 14 Pro wurde wiederverwendet.<\/p>\n<p><a href=\"https:\/\/images.iphone-ticker.de\/wp-content\/uploads\/2023\/12\/TapticUSB.png\"><img loading=\"lazy\" decoding=\"async\" class=\"aligncenter size-large wp-image-227171\" src=\"https:\/\/images.iphone-ticker.de\/wp-content\/uploads\/2023\/12\/TapticUSB-700x479.png\" alt=\"TapticUSB\" width=\"700\" height=\"479\" srcset=\"https:\/\/images.iphone-ticker.de\/wp-content\/uploads\/2023\/12\/TapticUSB-700x479.png 700w, https:\/\/images.iphone-ticker.de\/wp-content\/uploads\/2023\/12\/TapticUSB-500x342.png 500w, https:\/\/images.iphone-ticker.de\/wp-content\/uploads\/2023\/12\/TapticUSB.png 1514w\" sizes=\"auto, (max-width: 700px) 100vw, 700px\" \/><\/a><\/p>\n<p>Ebenfalls g\u00e4nzlich neu sind der USB-C-Anschluss, die auch von Apple komplett \u00fcberarbeitete Taptic Engine und die Neugestaltung von Lautsprecher, Geh\u00e4use, R\u00fcckkamera, Akku und anderer Komponenten.<\/p>\n<h2>In sieben Farben verf\u00fcgbar<\/h2>\n<p>Da das im vergangenen Jahr als besonderes Highlight herausgearbeitete Logicboard des iPhone 14 Pro nach Angaben des Gestalters sehr gut ankam, wurde die k\u00fcnstlerisch-freie Interpretation der Hauptplatine in diesem Jahr auch f\u00fcr das iPhone 15 Pro wiederholt. Normalerweise ist das Logicboard nach unten gerichtet und von oben nicht sichtbar.<\/p>\n<p><a href=\"https:\/\/images.iphone-ticker.de\/wp-content\/uploads\/2023\/12\/iPhone15P_Colours.png\"><img loading=\"lazy\" decoding=\"async\" class=\"aligncenter size-large wp-image-227172\" src=\"https:\/\/images.iphone-ticker.de\/wp-content\/uploads\/2023\/12\/iPhone15P_Colours-700x479.png\" alt=\"IPhone15P Colours\" width=\"700\" height=\"479\" srcset=\"https:\/\/images.iphone-ticker.de\/wp-content\/uploads\/2023\/12\/iPhone15P_Colours-700x479.png 700w, https:\/\/images.iphone-ticker.de\/wp-content\/uploads\/2023\/12\/iPhone15P_Colours-500x342.png 500w, https:\/\/images.iphone-ticker.de\/wp-content\/uploads\/2023\/12\/iPhone15P_Colours-1536x1051.png 1536w, https:\/\/images.iphone-ticker.de\/wp-content\/uploads\/2023\/12\/iPhone15P_Colours.png 1594w\" sizes=\"auto, (max-width: 700px) 100vw, 700px\" \/><\/a><\/p>\n<p>Die Hintergrundbilder f\u00fcr iPhone 15 Pro und iPhone 15 Pro Max sind in sieben unterschiedlichen Farbvarianten erh\u00e4ltlich und stehen <a href=\"https:\/\/basicappleguy.com\/basicappleblog\/iphone-15-pro-schematics\">hier zum Download bereit<\/a>. Wer die Arbeiten des talentierten Apple-Fans unterst\u00fctzen m\u00f6chte, kann eine optionale Spende f\u00fcr die Kaffeekasse dalassen.<\/p>\n<p><img loading=\"lazy\" decoding=\"async\" src=\"https:\/\/vg06.met.vgwort.de\/na\/c9023e7ff31c40689e6feed7b62a0dfe\" width=\"1\" height=\"1\" no-lazy class=\"tracking\"><\/p>\n","protected":false},"excerpt":{"rendered":"<a href=\"https:\/\/www.iphone-ticker.de\/innenansichten-hintergrundbilder-fuer-iphone-15-und-iphone-14-227168\/\"><img width=\"150\" height=\"150\" src=\"https:\/\/images.iphone-ticker.de\/wp-content\/uploads\/2023\/12\/iPhone15P_Colours-150x150.png\" class=\"alignright tfe wp-post-image\" alt=\"IPhone15P Colours\" decoding=\"async\" loading=\"lazy\" \/><\/a><p>Die Webseite basicappleguy.com ist Spiel- und Tummelplatz des gleichnamigen, anonymen Content Creators. Denn nicht nur hier, sondern auch auf der Kurznachrichten-Plattform X, auf Instagram und Mastodon schon seit geraumer Zeit mit arbeitsintensiven Hintergrundgrafiken und Wallpapern f\u00fcr Apples Endger\u00e4te auff\u00e4llt. Wir wollen euch an dieser Stelle auf die Innenansichten hinweisen, die der basicappleguy seit kurzem sowohl [&hellip;]<\/p>\n","protected":false},"author":1,"featured_media":227172,"comment_status":"open","ping_status":"closed","sticky":false,"template":"","format":"standard","meta":{"footnotes":""},"categories":[1],"tags":[78,1447,69],"class_list":["post-227168","post","type-post","status-publish","format-standard","has-post-thumbnail","hentry","category-news","tag-design","tag-hintergrundbild","tag-wallpaper"],"aioseo_notices":[],"featured_image":["https:\/\/images.iphone-ticker.de\/wp-content\/uploads\/2023\/12\/wallpaper-iphone-15.jpg"],"subheadline":["In sieben Farben verf\u00fcgbar"],"rest_api_enabler":{"featured_image":"https:\/\/images.iphone-ticker.de\/wp-content\/uploads\/2023\/12\/wallpaper-iphone-15.jpg","subheadline":"In sieben Farben verf\u00fcgbar"},"_links":{"self":[{"href":"https:\/\/www.iphone-ticker.de\/apiv2\/wp\/v2\/posts\/227168","targetHints":{"allow":["GET"]}}],"collection":[{"href":"https:\/\/www.iphone-ticker.de\/apiv2\/wp\/v2\/posts"}],"about":[{"href":"https:\/\/www.iphone-ticker.de\/apiv2\/wp\/v2\/types\/post"}],"author":[{"embeddable":true,"href":"https:\/\/www.iphone-ticker.de\/apiv2\/wp\/v2\/users\/1"}],"replies":[{"embeddable":true,"href":"https:\/\/www.iphone-ticker.de\/apiv2\/wp\/v2\/comments?post=227168"}],"version-history":[{"count":1,"href":"https:\/\/www.iphone-ticker.de\/apiv2\/wp\/v2\/posts\/227168\/revisions"}],"predecessor-version":[{"id":227174,"href":"https:\/\/www.iphone-ticker.de\/apiv2\/wp\/v2\/posts\/227168\/revisions\/227174"}],"wp:featuredmedia":[{"embeddable":true,"href":"https:\/\/www.iphone-ticker.de\/apiv2\/wp\/v2\/media\/227172"}],"wp:attachment":[{"href":"https:\/\/www.iphone-ticker.de\/apiv2\/wp\/v2\/media?parent=227168"}],"wp:term":[{"taxonomy":"category","embeddable":true,"href":"https:\/\/www.iphone-ticker.de\/apiv2\/wp\/v2\/categories?post=227168"},{"taxonomy":"post_tag","embeddable":true,"href":"https:\/\/www.iphone-ticker.de\/apiv2\/wp\/v2\/tags?post=227168"}],"curies":[{"name":"wp","href":"https:\/\/api.w.org\/{rel}","templated":true}]}}