{"id":226249,"date":"2023-12-06T09:48:54","date_gmt":"2023-12-06T08:48:54","guid":{"rendered":"https:\/\/www.iphone-ticker.de\/?p=226249"},"modified":"2023-12-11T19:13:43","modified_gmt":"2023-12-11T18:13:43","slug":"apple-auf-konfrontationskurs-mit-indiens-usb-c-vorgaben","status":"publish","type":"post","link":"https:\/\/www.iphone-ticker.de\/apple-auf-konfrontationskurs-mit-indiens-usb-c-vorgaben-226249\/","title":{"rendered":"Apple: Auf Konfrontationskurs mit Indiens USB-C-Vorgaben"},"content":{"rendered":"<p>Mit der sogenannten <a href=\"https:\/\/single-market-economy.ec.europa.eu\/sectors\/electrical-and-electronic-engineering-industries-eei\/radio-equipment-directive-red\/one-common-charging-solution-all_de\">Common Charger Directive<\/a> der Europ\u00e4ischen Union hat sich Apple inzwischen arrangiert. Die Europ\u00e4ische Kommission hatte Vorgaben f\u00fcr einen einheitlichen Ladestandard entwickelt, der f\u00fcr eine massive Reduzierung des j\u00e4hrlich anfallenden Elektroschrott-Aufkommens sorgen soll.<\/p>\n<p><a href=\"https:\/\/images.iphone-ticker.de\/wp-content\/uploads\/2023\/12\/eu-vorgaben-1.jpg\"><img loading=\"lazy\" decoding=\"async\" class=\"aligncenter size-medium wp-image-226251\" src=\"https:\/\/images.iphone-ticker.de\/wp-content\/uploads\/2023\/12\/eu-vorgaben-1-500x268.jpg\" alt=\"Eu Vorgaben 1\" width=\"500\" height=\"268\" srcset=\"https:\/\/images.iphone-ticker.de\/wp-content\/uploads\/2023\/12\/eu-vorgaben-1-500x268.jpg 500w, https:\/\/images.iphone-ticker.de\/wp-content\/uploads\/2023\/12\/eu-vorgaben-1-700x375.jpg 700w, https:\/\/images.iphone-ticker.de\/wp-content\/uploads\/2023\/12\/eu-vorgaben-1.jpg 1116w\" sizes=\"auto, (max-width: 500px) 100vw, 500px\" \/><\/a><\/p>\n<h2>EU Vorgaben greifen ab 2024<\/h2>\n<p>Hersteller von Smartphones, Rechnern und anderen mobilen Elektroger\u00e4ten m\u00fcssen fortan auf den USB-C-Standard zum Laden ihrer Ger\u00e4te setzen und sollen ihre Hardware grunds\u00e4tzlich nicht mehr mit einem zus\u00e4tzlichen Netzteil ausliefern. Stattdessen sollen die Anbieter ihre Ger\u00e4te lediglich mit spezifischen Ladeinformationen kennzeichnen und so dar\u00fcber aufkl\u00e4ren, welches USB-C-Netzteil mit welcher Leistung unterst\u00fctzt wird.<\/p>\n<p>Der Wechsel vom Lightning-Port auf die USB-C-Buchse beim iPhone 15 ist Apples Reaktion auf die EU-Vorgaben, gegen die Cupertino lange Zeit \u00f6ffentlich argumentiert hat. Inzwischen bewirbt Apple den USB-C-Port selbst als attraktives Feature der neuesten iPhone-Generation.<\/p>\n<p><a href=\"https:\/\/images.iphone-ticker.de\/wp-content\/uploads\/2023\/12\/eu-vorgaben-2.jpg\"><img loading=\"lazy\" decoding=\"async\" class=\"aligncenter size-large wp-image-226250\" src=\"https:\/\/images.iphone-ticker.de\/wp-content\/uploads\/2023\/12\/eu-vorgaben-2-700x586.jpg\" alt=\"Eu Vorgaben 2\" width=\"700\" height=\"586\" srcset=\"https:\/\/images.iphone-ticker.de\/wp-content\/uploads\/2023\/12\/eu-vorgaben-2-700x586.jpg 700w, https:\/\/images.iphone-ticker.de\/wp-content\/uploads\/2023\/12\/eu-vorgaben-2-500x418.jpg 500w, https:\/\/images.iphone-ticker.de\/wp-content\/uploads\/2023\/12\/eu-vorgaben-2-1536x1285.jpg 1536w, https:\/\/images.iphone-ticker.de\/wp-content\/uploads\/2023\/12\/eu-vorgaben-2.jpg 1664w\" sizes=\"auto, (max-width: 700px) 100vw, 700px\" \/><\/a><\/p>\n<h2>Neue USB-C-Konflikte in Indien<\/h2>\n<p>W\u00e4hrend man die bittere Pille auf dem alten Kontinent also bereits geschluckt hat, bahnt sich die n\u00e4chste Auseinandersetzung jetzt mit den regulierenden Stellen in Indien an. Dort will man nicht nur die Vorgaben der Europ\u00e4ischen Union f\u00fcr Neuger\u00e4te adaptieren und diese bis zum Sommer 2025 umsetzen, auch bestehende Ger\u00e4temodelle sollen mit dem neuen USB-C-Standard ausger\u00fcstet werden.<\/p>\n<p>Den indischen USB-C-Vorgaben sollen nach Angaben der Nachrichtenagentur Reuters alle relevanten Smartphone-Anbieter <a href=\"https:\/\/www.reuters.com\/technology\/apple-warns-indias-eu-style-charger-rules-will-hit-local-production-target-2023-12-05\/\">zugestimmt haben<\/a> \u2013 mit Ausnahme von Apple. Apple selbst soll hinter verschlossenen T\u00fcren Druck auf das indische Digitalministerium ausge\u00fcbt haben und davor gewarnt haben, dass die Vorgaben, auch schon im Handel erh\u00e4ltliche Modelle mit USB-C-Ports auszur\u00fcsten, einen negativen Einfluss auf die Fertigungsst\u00e4tten im Land haben k\u00f6nnten. Apple selbst wollte sich auf Nachfrage nicht zum Sachverhalt \u00e4u\u00dfern.<\/p>\n<p>Apple hat sich beim Aufbau neuer Fertigungsst\u00e4tten in den zur\u00fcckliegenden Jahren <a href=\"https:\/\/www.iphone-ticker.de\/flucht-aus-china-foxconn-plant-iphone-grossprojekt-in-indien-208408\/\">vor allem auf Indien konzentriert<\/a> und versucht, die Abh\u00e4ngigkeit zu China mit neuen Werken in der s\u00fcdasiatischen Nation zu reduzieren. Schon im kommenden Jahr k\u00f6nnte jedes vierte iPhone in der Heimat des Ganges produziert werden.<\/p>\n<p><img loading=\"lazy\" decoding=\"async\" src=\"https:\/\/vg01.met.vgwort.de\/na\/ff70231f11d44367817ece1f8a588048\" width=\"1\" height=\"1\" no-lazy class=\"tracking\"><\/p>\n","protected":false},"excerpt":{"rendered":"<a href=\"https:\/\/www.iphone-ticker.de\/apple-auf-konfrontationskurs-mit-indiens-usb-c-vorgaben-226249\/\"><img width=\"150\" height=\"150\" src=\"https:\/\/images.iphone-ticker.de\/wp-content\/uploads\/2023\/12\/eu-vorgaben-1-150x150.jpg\" class=\"alignright tfe wp-post-image\" alt=\"Eu Vorgaben 1\" decoding=\"async\" loading=\"lazy\" \/><\/a><p>Mit der sogenannten Common Charger Directive der Europ\u00e4ischen Union hat sich Apple inzwischen arrangiert. Die Europ\u00e4ische Kommission hatte Vorgaben f\u00fcr einen einheitlichen Ladestandard entwickelt, der f\u00fcr eine massive Reduzierung des j\u00e4hrlich anfallenden Elektroschrott-Aufkommens sorgen soll. EU Vorgaben greifen ab 2024 Hersteller von Smartphones, Rechnern und anderen mobilen Elektroger\u00e4ten m\u00fcssen fortan auf den USB-C-Standard zum Laden [&hellip;]<\/p>\n","protected":false},"author":1,"featured_media":226251,"comment_status":"open","ping_status":"closed","sticky":false,"template":"","format":"standard","meta":{"footnotes":""},"categories":[1,1975],"tags":[160,292,2004,147,3140],"class_list":["post-226249","post","type-post","status-publish","format-standard","has-post-thumbnail","hentry","category-news","category-feature","tag-china","tag-europa","tag-indien","tag-recht","tag-usb-c"],"aioseo_notices":[],"featured_image":["https:\/\/images.iphone-ticker.de\/wp-content\/uploads\/2023\/12\/usb-c-indien-45w.jpg"],"subheadline":["Strenger als in Europa"],"rest_api_enabler":{"featured_image":"https:\/\/images.iphone-ticker.de\/wp-content\/uploads\/2023\/12\/usb-c-indien-45w.jpg","subheadline":"Strenger als in Europa"},"_links":{"self":[{"href":"https:\/\/www.iphone-ticker.de\/apiv2\/wp\/v2\/posts\/226249","targetHints":{"allow":["GET"]}}],"collection":[{"href":"https:\/\/www.iphone-ticker.de\/apiv2\/wp\/v2\/posts"}],"about":[{"href":"https:\/\/www.iphone-ticker.de\/apiv2\/wp\/v2\/types\/post"}],"author":[{"embeddable":true,"href":"https:\/\/www.iphone-ticker.de\/apiv2\/wp\/v2\/users\/1"}],"replies":[{"embeddable":true,"href":"https:\/\/www.iphone-ticker.de\/apiv2\/wp\/v2\/comments?post=226249"}],"version-history":[{"count":1,"href":"https:\/\/www.iphone-ticker.de\/apiv2\/wp\/v2\/posts\/226249\/revisions"}],"predecessor-version":[{"id":226253,"href":"https:\/\/www.iphone-ticker.de\/apiv2\/wp\/v2\/posts\/226249\/revisions\/226253"}],"wp:featuredmedia":[{"embeddable":true,"href":"https:\/\/www.iphone-ticker.de\/apiv2\/wp\/v2\/media\/226251"}],"wp:attachment":[{"href":"https:\/\/www.iphone-ticker.de\/apiv2\/wp\/v2\/media?parent=226249"}],"wp:term":[{"taxonomy":"category","embeddable":true,"href":"https:\/\/www.iphone-ticker.de\/apiv2\/wp\/v2\/categories?post=226249"},{"taxonomy":"post_tag","embeddable":true,"href":"https:\/\/www.iphone-ticker.de\/apiv2\/wp\/v2\/tags?post=226249"}],"curies":[{"name":"wp","href":"https:\/\/api.w.org\/{rel}","templated":true}]}}