{"id":225587,"date":"2023-11-23T15:11:38","date_gmt":"2023-11-23T14:11:38","guid":{"rendered":"https:\/\/www.iphone-ticker.de\/?p=225587"},"modified":"2023-11-28T23:23:51","modified_gmt":"2023-11-28T22:23:51","slug":"social-media-sucht-sammelklage-gegen-meta-tiktok-youtube-und-snap","status":"publish","type":"post","link":"https:\/\/www.iphone-ticker.de\/social-media-sucht-sammelklage-gegen-meta-tiktok-youtube-und-snap-225587\/","title":{"rendered":"Social-Media-Sucht: Sammelklage gegen Meta, TikTok, YouTube und Snap"},"content":{"rendered":"<p>Mehrere hundert Familien haben in den Vereinigten Staaten eine Klage gegen vier der gr\u00f6\u00dften Techkonzerne \u00fcberhaupt angesto\u00dfen und gehen im Namen ihrer Kinder nun rechtlich gegen den Facebook-Mutterkonzern Meta, gegen den chinesischen TikTok-Anbieter ByteDance, gegen den f\u00fcr YouTube verantwortlichen Anbieter Alphabet und gegen Snap, den Anbieter des Messengers Snapchat, vor.<\/p>\n<p><a href=\"https:\/\/images.iphone-ticker.de\/wp-content\/uploads\/2020\/01\/icloud-fotos-kinder.jpg\"><img loading=\"lazy\" decoding=\"async\" class=\"aligncenter size-medium wp-image-151939\" src=\"https:\/\/images.iphone-ticker.de\/wp-content\/uploads\/2020\/01\/icloud-fotos-kinder-500x334.jpg\" alt=\"Icloud Fotos Kinder\" width=\"500\" height=\"334\" srcset=\"https:\/\/images.iphone-ticker.de\/wp-content\/uploads\/2020\/01\/icloud-fotos-kinder-500x334.jpg 500w, https:\/\/images.iphone-ticker.de\/wp-content\/uploads\/2020\/01\/icloud-fotos-kinder-700x468.jpg 700w, https:\/\/images.iphone-ticker.de\/wp-content\/uploads\/2020\/01\/icloud-fotos-kinder.jpg 1000w\" sizes=\"auto, (max-width: 500px) 100vw, 500px\" \/><\/a><\/p>\n<p>Noch bis vor kurzem war unklar, ob die zust\u00e4ndigen Gerichte die Klage der Familien \u00fcberhaupt zulassen w\u00fcrden, hatten die Konzerne doch die Einstellung der Verfahren gefordert. Seit wenigen Tagen steht nun fest: Die <a href=\"https:\/\/www.documentcloud.org\/documents\/24166169-social-media-companies-lawsuit-dismissal-denied?responsive=1&amp;title=1\">Verfahren werden verhandelt<\/a>.<\/p>\n<h2>Eltern und Schulen klagen<\/h2>\n<p>Im Mittelpunkt steht der Vorwurf, dass die Unternehmen von der Social-Media-Sucht ihrer meist jungen Nutzer nicht nur profitieren, sondern diese aktiv befeuern. Die Anbieter w\u00fcrden h\u00e4ufig keine robusten Altersverifikationen implementieren, h\u00e4tten oft nur unzureichende Kontrollmechanismen f\u00fcr Eltern an Bord und w\u00fcrden das Entfernen bereits vorhandener Konten unn\u00f6tig kompliziert gestalten.<\/p>\n<p>Die klagenden Familien sind im gr\u00f6\u00dften Prozess seiner Art dabei nicht alleine. Unterst\u00fctzt werden die betroffenen Eltern auch von <a href=\"https:\/\/www.bbc.com\/news\/technology-67443705\">mehreren amerikanischen Schulbezirken<\/a>, die die s\u00fcchtig machenden Algorithmen der Techkonzerne kritisieren.<\/p>\n<p>Interessant ist: Diesmal k\u00f6nnen sich die Anbieter der sozialen Netzwerke nicht hinter der so genannten <a href=\"https:\/\/en.wikipedia.org\/wiki\/Section_230\">Section 230<\/a> verstecken, einer Rechtsnorm, die den Anbietern nutzergenerierter Inhalte die Verantwortung f\u00fcr den auf der eigenen Plattform gezeigten Content nimmt. Die Vorsitzende Richterin Gonzalez Rogers hat <a href=\"https:\/\/edition.cnn.com\/2023\/11\/15\/tech\/social-media-teen-addiction\/index.html\">bereits festgestellt<\/a>, dass Familien sehr wohl gegen die Aufbereitung der Inhalte klagen k\u00f6nnen, ohne sich konkret mit den angebotenen Inhalten auseinandersetzen zu m\u00fcssen.<\/p>\n<h2>Experimente mit Heranwachsenden<\/h2>\n<p>Der Vorwurf, die gro\u00dfen Tech-Konzerne w\u00fcrden den sucht\u00e4hnlichen Reiz sozialer Netzwerke schon l\u00e4nger aktiv ausnutzen, um Kinder, Jugendliche und Heranwachsende solange wie m\u00f6glich an den Bildschirm zu halten, steht schon l\u00e4nger im Raum. Das jetzt anlaufende Verfahren hat erstmals das Potenzial, den Bedarf f\u00fcr sch\u00e4rfere Regulierungen herauszuarbeiten.<\/p>\n<p>Bislang experimentieren die gro\u00dfen Techkonzerne mit der jungen Generation. Tunen ihre Algorithmen und optimieren die Anziehungskraft ihrer Apps. Die dabei anfallenden Gewinne werden privatisiert, negative Begleiterscheinungen wie Depressionen, Abh\u00e4ngigkeiten und eine in Mitleidenschaft gezogene Sozialstruktur indes wird vergesellschaftet.<\/p>\n<p>Wir werden das Verfahren im Blick behalten.<\/p>\n<p><img loading=\"lazy\" decoding=\"async\" src=\"https:\/\/vg01.met.vgwort.de\/na\/84e00d394f87432caf63ad435a28f166\" width=\"1\" height=\"1\" no-lazy class=\"tracking\"><\/p>\n","protected":false},"excerpt":{"rendered":"<a href=\"https:\/\/www.iphone-ticker.de\/social-media-sucht-sammelklage-gegen-meta-tiktok-youtube-und-snap-225587\/\"><img decoding=\"async\" width=\"150\" src=\"https:\/\/images.iphone-ticker.de\/wp-content\/uploads\/2020\/01\/icloud-fotos-kinder-500x334.jpg\" class=\"alignright wp-post-image tfe\" alt=\"Icloud Fotos Kinder\" title=\"\" \/><\/a><p>Mehrere hundert Familien haben in den Vereinigten Staaten eine Klage gegen vier der gr\u00f6\u00dften Techkonzerne \u00fcberhaupt angesto\u00dfen und gehen im Namen ihrer Kinder nun rechtlich gegen den Facebook-Mutterkonzern Meta, gegen den chinesischen TikTok-Anbieter ByteDance, gegen den f\u00fcr YouTube verantwortlichen Anbieter Alphabet und gegen Snap, den Anbieter des Messengers Snapchat, vor. Noch bis vor kurzem war [&hellip;]<\/p>\n","protected":false},"author":1,"featured_media":0,"comment_status":"open","ping_status":"closed","sticky":false,"template":"","format":"standard","meta":{"footnotes":""},"categories":[1,1975],"tags":[61,32,2377,147,5065,30],"class_list":["post-225587","post","type-post","status-publish","format-standard","hentry","category-news","category-feature","tag-kinder","tag-kritik","tag-meta","tag-recht","tag-tiktok","tag-youtube"],"aioseo_notices":[],"featured_image":["https:\/\/images.iphone-ticker.de\/wp-content\/uploads\/2017\/11\/kinder.jpg"],"subheadline":["Eltern und Schulen klagen"],"rest_api_enabler":{"featured_image":"https:\/\/images.iphone-ticker.de\/wp-content\/uploads\/2017\/11\/kinder.jpg","subheadline":"Eltern und Schulen klagen"},"_links":{"self":[{"href":"https:\/\/www.iphone-ticker.de\/apiv2\/wp\/v2\/posts\/225587","targetHints":{"allow":["GET"]}}],"collection":[{"href":"https:\/\/www.iphone-ticker.de\/apiv2\/wp\/v2\/posts"}],"about":[{"href":"https:\/\/www.iphone-ticker.de\/apiv2\/wp\/v2\/types\/post"}],"author":[{"embeddable":true,"href":"https:\/\/www.iphone-ticker.de\/apiv2\/wp\/v2\/users\/1"}],"replies":[{"embeddable":true,"href":"https:\/\/www.iphone-ticker.de\/apiv2\/wp\/v2\/comments?post=225587"}],"version-history":[{"count":1,"href":"https:\/\/www.iphone-ticker.de\/apiv2\/wp\/v2\/posts\/225587\/revisions"}],"predecessor-version":[{"id":225589,"href":"https:\/\/www.iphone-ticker.de\/apiv2\/wp\/v2\/posts\/225587\/revisions\/225589"}],"wp:attachment":[{"href":"https:\/\/www.iphone-ticker.de\/apiv2\/wp\/v2\/media?parent=225587"}],"wp:term":[{"taxonomy":"category","embeddable":true,"href":"https:\/\/www.iphone-ticker.de\/apiv2\/wp\/v2\/categories?post=225587"},{"taxonomy":"post_tag","embeddable":true,"href":"https:\/\/www.iphone-ticker.de\/apiv2\/wp\/v2\/tags?post=225587"}],"curies":[{"name":"wp","href":"https:\/\/api.w.org\/{rel}","templated":true}]}}