{"id":225229,"date":"2023-11-17T09:37:23","date_gmt":"2023-11-17T08:37:23","guid":{"rendered":"https:\/\/www.iphone-ticker.de\/?p=225229"},"modified":"2023-11-17T09:37:23","modified_gmt":"2023-11-17T08:37:23","slug":"airpods-pro-2-bei-apple-refurb-besser-nicht-kaufen","status":"publish","type":"post","link":"https:\/\/www.iphone-ticker.de\/airpods-pro-2-bei-apple-refurb-besser-nicht-kaufen-225229\/","title":{"rendered":"AirPods Pro 2 bei Apple Refurb: Besser nicht kaufen"},"content":{"rendered":"<p>Nachdem sich die AirPods der dritten Generation schon seit dem Sommer immer mal wieder mit Preisnachlass im <a href=\"https:\/\/apple.sjv.io\/50Pmn\" title=\"Apple Refurb Store\">Apple Refurb Store<\/a> zeigen, bietet Apple dort jetzt erstmals auch die <a href=\"apple.sjv.io\/B0kaqB\">AirPods Pro 2 general\u00fcberholt<\/a> an. Der Preis f\u00fcr die normalerweise 279 Euro teuren Ohrh\u00f6rer wird auf diesem Weg um 50 Euro reduziert.<\/p>\n<p>Was generell ein sehr guter Preis f\u00fcr die AirPods Pro ist, hat abgesehen von der Tatsache, dass es sich hier um general\u00fcberholte Ware handelt, noch ein paar weitere Fallstricke im Gep\u00e4ck. Vom Kauf w\u00fcrden wir aktuell insbesondere aus zwei Gr\u00fcnden abraten, zumindest solltet ihr diese Faktoren gr\u00fcndlich in Betracht ziehen.<\/p>\n<p><a href=\"https:\/\/images.iphone-ticker.de\/wp-content\/uploads\/2023\/11\/airpods-pro-refurb.jpg\"><img loading=\"lazy\" decoding=\"async\" src=\"https:\/\/images.iphone-ticker.de\/wp-content\/uploads\/2023\/11\/airpods-pro-refurb-700x428.jpg\" alt=\"Airpods Pro Refurb\" width=\"700\" height=\"428\" class=\"alignnone size-large wp-image-225231\" srcset=\"https:\/\/images.iphone-ticker.de\/wp-content\/uploads\/2023\/11\/airpods-pro-refurb-700x428.jpg 700w, https:\/\/images.iphone-ticker.de\/wp-content\/uploads\/2023\/11\/airpods-pro-refurb-500x305.jpg 500w, https:\/\/images.iphone-ticker.de\/wp-content\/uploads\/2023\/11\/airpods-pro-refurb.jpg 1400w\" sizes=\"auto, (max-width: 700px) 100vw, 700px\" \/><\/a><\/p>\n<h2>2 Gr\u00fcnde sprechen gegen den Kauf<\/h2>\n<p>Erstens geht bei einem schnellen Blick auf das Angebot vermutlich unter, dass es sich hier zwar um die weiterhin aktuelle zweite Generation der AirPods Pro handelt, hier jedoch die \u00e4ltere Variante mit Lightning-Anschluss angeboten wird. Apple hat die Ohrh\u00f6rer im September \u00fcberarbeitet und <a href=\"https:\/\/apple.sjv.io\/1rgPNB\" title=\"AirPods Pro\">bietet diese zwar weiterhin als AirPods Pro der 2. Generation<\/a> an, hat den Ladeanschluss aber von Lightning zu USB-C getauscht.<\/p>\n<p>Nicht offen dokumentiert aber mittlerweile von Apple <a href=\"https:\/\/www.iphone-ticker.de\/airpods-pro-jetzt-mit-usb-c-ladecase-nicht-alleine-erhaeltlich-222085\/\">best\u00e4tigt<\/a> wurde zudem eine weitere \u00c4nderung im Zusammenhang mit der \u00dcberarbeitung, die man zumindest dann mitnehmen sollte, wenn sich dadurch kein preislicher Unterschied ergibt. So ist nur die neuere Version der AirPods Pro 2 in der Lage, im Zusammenspiel mit der f\u00fcr n\u00e4chstes Jahr angek\u00fcndigten Datenbrille Apple Vision Pro verlustfreies Audio auszugeben.<\/p>\n<h2>Besseres Angebot kommt n\u00e4chste Woche<\/h2>\n<p>Aber mit dem Kauf der AirPods Pro w\u00fcrden wir aktuell sowieso bis n\u00e4chste Woche warten. Apple hat sein diesj\u00e4hriges Black-Friday-Event ja bereits <a href=\"https:\/\/www.ifun.de\/black-friday-bei-apple-auch-dieses-jahr-mit-geschenkkarten-222550\/\" title=\"Black Friday bei Apple auch dieses Jahr mit Geschenkkarten\">angek\u00fcndigt<\/a> und mitgeteilt, dass man beim Kauf von ausgew\u00e4hlten Produkten wieder Apple-Geschenkkarten dazu bekommt. Im Falle der AirPods Pro 2 soll der Wert der Gutscheinkarte 50 Euro betragen, somit bekommt man hier den gleichen Preisvorteil wie beim Kauf des Angebots bei Apple Refurb, erh\u00e4lt dann aber ein nagelneues und auch technisch aktuelles Modell, das man zudem noch kostenlos gravieren lassen kann.<img loading=\"lazy\" decoding=\"async\" src=\"https:\/\/vg08.met.vgwort.de\/na\/119b6b910bfa41ca90e3511561efb95a\" width=\"1\" height=\"1\" no-lazy class=\"tracking\"><\/p>\n","protected":false},"excerpt":{"rendered":"<a href=\"https:\/\/www.iphone-ticker.de\/airpods-pro-2-bei-apple-refurb-besser-nicht-kaufen-225229\/\"><img width=\"150\" height=\"150\" src=\"https:\/\/images.iphone-ticker.de\/wp-content\/uploads\/2023\/11\/airpods-pro-refurb-150x150.jpg\" class=\"alignright tfe wp-post-image\" alt=\"Airpods Pro Refurb\" decoding=\"async\" loading=\"lazy\" \/><\/a><p>Nachdem sich die AirPods der dritten Generation schon seit dem Sommer immer mal wieder mit Preisnachlass im Apple Refurb Store zeigen, bietet Apple dort jetzt erstmals auch die AirPods Pro 2 general\u00fcberholt an. Der Preis f\u00fcr die normalerweise 279 Euro teuren Ohrh\u00f6rer wird auf diesem Weg um 50 Euro reduziert. Was generell ein sehr guter [&hellip;]<\/p>\n","protected":false},"author":2,"featured_media":225231,"comment_status":"open","ping_status":"closed","sticky":false,"template":"","format":"standard","meta":{"footnotes":""},"categories":[1],"tags":[4903,6628],"class_list":["post-225229","post","type-post","status-publish","format-standard","has-post-thumbnail","hentry","category-news","tag-airpods-pro","tag-apple-refurb-store"],"aioseo_notices":[],"subheadline":["F\u00fcr das alte Modell zu teuer"],"featured_image":["https:\/\/images.iphone-ticker.de\/wp-content\/uploads\/2023\/10\/airpods-pro-2-feature.jpg"],"rest_api_enabler":{"subheadline":"F\u00fcr das alte Modell zu teuer","featured_image":"https:\/\/images.iphone-ticker.de\/wp-content\/uploads\/2023\/10\/airpods-pro-2-feature.jpg"},"_links":{"self":[{"href":"https:\/\/www.iphone-ticker.de\/apiv2\/wp\/v2\/posts\/225229","targetHints":{"allow":["GET"]}}],"collection":[{"href":"https:\/\/www.iphone-ticker.de\/apiv2\/wp\/v2\/posts"}],"about":[{"href":"https:\/\/www.iphone-ticker.de\/apiv2\/wp\/v2\/types\/post"}],"author":[{"embeddable":true,"href":"https:\/\/www.iphone-ticker.de\/apiv2\/wp\/v2\/users\/2"}],"replies":[{"embeddable":true,"href":"https:\/\/www.iphone-ticker.de\/apiv2\/wp\/v2\/comments?post=225229"}],"version-history":[{"count":2,"href":"https:\/\/www.iphone-ticker.de\/apiv2\/wp\/v2\/posts\/225229\/revisions"}],"predecessor-version":[{"id":225232,"href":"https:\/\/www.iphone-ticker.de\/apiv2\/wp\/v2\/posts\/225229\/revisions\/225232"}],"wp:featuredmedia":[{"embeddable":true,"href":"https:\/\/www.iphone-ticker.de\/apiv2\/wp\/v2\/media\/225231"}],"wp:attachment":[{"href":"https:\/\/www.iphone-ticker.de\/apiv2\/wp\/v2\/media?parent=225229"}],"wp:term":[{"taxonomy":"category","embeddable":true,"href":"https:\/\/www.iphone-ticker.de\/apiv2\/wp\/v2\/categories?post=225229"},{"taxonomy":"post_tag","embeddable":true,"href":"https:\/\/www.iphone-ticker.de\/apiv2\/wp\/v2\/tags?post=225229"}],"curies":[{"name":"wp","href":"https:\/\/api.w.org\/{rel}","templated":true}]}}