{"id":224448,"date":"2023-11-03T16:24:16","date_gmt":"2023-11-03T15:24:16","guid":{"rendered":"https:\/\/www.iphone-ticker.de\/?p=224448"},"modified":"2023-11-03T16:24:16","modified_gmt":"2023-11-03T15:24:16","slug":"tim-cook-zu-ki-und-schlechten-ipad-und-mac-verkaufszahlen","status":"publish","type":"post","link":"https:\/\/www.iphone-ticker.de\/tim-cook-zu-ki-und-schlechten-ipad-und-mac-verkaufszahlen-224448\/","title":{"rendered":"Tim Cook zu KI und schlechten iPad- und Mac-Verkaufszahlen"},"content":{"rendered":"<p>\u00dcber die gestrige Bekanntgabe der Apple-Quartalszahlen f\u00fcr die Monate Juli bis September haben wir bereits <a href=\"https:\/\/www.ifun.de\/apple-quartalszahlen-mac-bricht-massiv-ein-abo-einnahmen-steigen-221755\/\" title=\"Apple-Quartalszahlen: Mac bricht massiv ein \u2013 Abo-Einnahmen steigen\">berichtet<\/a>. Wie \u00fcblich hat sich im Anschluss daran der Apple-Chef Tim Cook gemeinsam mit einigen seiner Kollegen aus der Apple-Unternehmensleitung den Fragen von Journalisten und Marktbeobachtern gestellt. Weltbewegendes kam dabei wie erwartet nicht zutage, erw\u00e4hnenswert ist der eine oder andere Punkt aber doch.<\/p>\n<p><a href=\"https:\/\/images.iphone-ticker.de\/wp-content\/uploads\/2021\/08\/tim-cook-apple.jpg\"><img loading=\"lazy\" decoding=\"async\" src=\"https:\/\/images.iphone-ticker.de\/wp-content\/uploads\/2021\/08\/tim-cook-apple-500x270.jpg\" alt=\"Tim Cook Apple\" width=\"500\" height=\"270\" class=\"alignnone size-medium wp-image-178443\" srcset=\"https:\/\/images.iphone-ticker.de\/wp-content\/uploads\/2021\/08\/tim-cook-apple-500x270.jpg 500w, https:\/\/images.iphone-ticker.de\/wp-content\/uploads\/2021\/08\/tim-cook-apple.jpg 700w\" sizes=\"auto, (max-width: 500px) 100vw, 500px\" \/><\/a><\/p>\n<h2>Apple investiert im Stillen<\/h2>\n<p>So wurde Tim Cook mit der von ihm sicher auch erwarteten Frage konfrontiert, wie sich Apple angesichts des aktuellen H\u00f6henflugs dieser Technologie im Bereich der generativen KI zu platzieren gedenkt.<\/p>\n<p>Der Apple-Chef verwies hier zun\u00e4chst auf die Tatsache, dass Apple schon seit geraumer Zeit k\u00fcnstliche Intelligenz in seine Produkte integriert und beispielsweise das mit iOS 17 eingef\u00fchrte, bislang nur auf Englisch verf\u00fcgbare \u201e<a href=\"https:\/\/support.apple.com\/de-de\/guide\/iphone\/iph51936468d\/ios\">Personal Voice<\/a>\u201c auf dieser Technologie basiert. Auch Funktionen wie die Sturz- oder Unfallerkennung nutzen Cook zufolge k\u00fcnstliche Intelligenz.<\/p>\n<p>An generativer k\u00fcnstlicher Intelligenz (also Funktionen wie wir sie beispielsweise von ChatGPT kennen) arbeite man bei Apple nat\u00fcrlich, allerdings werde er hier keine Details nennen. Apple wolle dergleichen verantwortungsbewusst nutzen und mit der Zeit in Produkte integrieren. Man investiere nicht unerheblich in diesem Bereich.<\/p>\n<h2>Dem iPad fehlen die Neuerungen<\/h2>\n<p>Auf den Umsatzr\u00fcckgang in den Bereichen iPad und Wearables angesprochen, berief sich Cook darauf, dass es hier zuletzt keine Produktneuheiten gab. Der Apple-Chef hat in diesem Zusammenhang auch gleich drauf hingewiesen, dass man hier mit einer weiteren Verlangsamung rechnen m\u00fcsse, da in diesem Jahr im Gegensatz zum vergangenen Jahr zum Jahresende keine neuen Ger\u00e4te vorgestellt wurden.<\/p>\n<p>Beim iPad ging der Umsatz im letzten Quartal von 7,2 Milliarden US-Dollar im Vorjahr auf 6,4 Milliarden zur\u00fcck. Der Bereich Wearables fiel von 9,7 Milliarden auf 9,3 Milliarden Dollar.<\/p>\n<h2>Weihnachtsquartal soll die Mac-Verluste ausgleichen<\/h2>\n<p>Die starken Mac-Verluste im letzten Quartal sollen der eben erst vorgestellte M3-Prozessor und die damit ausgestatteten neuen Modelle von MacBook Pro und iMac in den letzten beiden Monaten des Jahres wieder wettmachen. Man ben\u00f6tigt keine Glaskugel, um die Prognose des Apple-Chefs f\u00fcr ein starkes Weihnachtsquartal in diesem Bereich zu unterschreiben, zumal der Mac im vergangenen Weihnachtsquartal mangels aktueller Produktneuheiten eher schwach aufgestellt war.<img loading=\"lazy\" decoding=\"async\" src=\"https:\/\/vg01.met.vgwort.de\/na\/46302e9845094cf695f1c2db1c151ddb\" width=\"1\" height=\"1\" no-lazy class=\"tracking\"><\/p>\n","protected":false},"excerpt":{"rendered":"<a href=\"https:\/\/www.iphone-ticker.de\/tim-cook-zu-ki-und-schlechten-ipad-und-mac-verkaufszahlen-224448\/\"><img width=\"150\" height=\"150\" src=\"https:\/\/images.iphone-ticker.de\/wp-content\/uploads\/2023\/11\/apple-feature-150x150.jpg\" class=\"alignright tfe wp-post-image\" alt=\"Apple Feature\" decoding=\"async\" loading=\"lazy\" \/><\/a><p>\u00dcber die gestrige Bekanntgabe der Apple-Quartalszahlen f\u00fcr die Monate Juli bis September haben wir bereits berichtet. Wie \u00fcblich hat sich im Anschluss daran der Apple-Chef Tim Cook gemeinsam mit einigen seiner Kollegen aus der Apple-Unternehmensleitung den Fragen von Journalisten und Marktbeobachtern gestellt. Weltbewegendes kam dabei wie erwartet nicht zutage, erw\u00e4hnenswert ist der eine oder andere [&hellip;]<\/p>\n","protected":false},"author":2,"featured_media":224451,"comment_status":"open","ping_status":"closed","sticky":false,"template":"","format":"standard","meta":{"footnotes":""},"categories":[14],"tags":[1366],"class_list":["post-224448","post","type-post","status-publish","format-standard","has-post-thumbnail","hentry","category-apple","tag-quartalszahlen"],"aioseo_notices":[],"subheadline":["Quartalszahlen-Nachschlag"],"featured_image":["https:\/\/images.iphone-ticker.de\/wp-content\/uploads\/2023\/11\/apple-feature.jpg"],"rest_api_enabler":{"subheadline":"Quartalszahlen-Nachschlag","featured_image":"https:\/\/images.iphone-ticker.de\/wp-content\/uploads\/2023\/11\/apple-feature.jpg"},"_links":{"self":[{"href":"https:\/\/www.iphone-ticker.de\/apiv2\/wp\/v2\/posts\/224448","targetHints":{"allow":["GET"]}}],"collection":[{"href":"https:\/\/www.iphone-ticker.de\/apiv2\/wp\/v2\/posts"}],"about":[{"href":"https:\/\/www.iphone-ticker.de\/apiv2\/wp\/v2\/types\/post"}],"author":[{"embeddable":true,"href":"https:\/\/www.iphone-ticker.de\/apiv2\/wp\/v2\/users\/2"}],"replies":[{"embeddable":true,"href":"https:\/\/www.iphone-ticker.de\/apiv2\/wp\/v2\/comments?post=224448"}],"version-history":[{"count":3,"href":"https:\/\/www.iphone-ticker.de\/apiv2\/wp\/v2\/posts\/224448\/revisions"}],"predecessor-version":[{"id":224452,"href":"https:\/\/www.iphone-ticker.de\/apiv2\/wp\/v2\/posts\/224448\/revisions\/224452"}],"wp:featuredmedia":[{"embeddable":true,"href":"https:\/\/www.iphone-ticker.de\/apiv2\/wp\/v2\/media\/224451"}],"wp:attachment":[{"href":"https:\/\/www.iphone-ticker.de\/apiv2\/wp\/v2\/media?parent=224448"}],"wp:term":[{"taxonomy":"category","embeddable":true,"href":"https:\/\/www.iphone-ticker.de\/apiv2\/wp\/v2\/categories?post=224448"},{"taxonomy":"post_tag","embeddable":true,"href":"https:\/\/www.iphone-ticker.de\/apiv2\/wp\/v2\/tags?post=224448"}],"curies":[{"name":"wp","href":"https:\/\/api.w.org\/{rel}","templated":true}]}}