{"id":224262,"date":"2023-10-31T16:45:53","date_gmt":"2023-10-31T15:45:53","guid":{"rendered":"https:\/\/www.iphone-ticker.de\/?p=224262"},"modified":"2023-10-31T16:45:53","modified_gmt":"2023-10-31T15:45:53","slug":"boostcharge-pro-2-in-1-dock-neue-design-ladestation-von-belkin","status":"publish","type":"post","link":"https:\/\/www.iphone-ticker.de\/boostcharge-pro-2-in-1-dock-neue-design-ladestation-von-belkin-224262\/","title":{"rendered":"BoostCharge Pro 2-in-1 Dock: Neue Design-Ladestation von Belkin"},"content":{"rendered":"<p>Belkin hat mit dem <a href=\"https:\/\/apple.sjv.io\/y2BbbV\">BoostCharge Pro 2-in-1 Dock<\/a> ein neues MagSafe-Ladeger\u00e4t im Programm, das vorrangig darauf abzielt, eine komfortable Ladem\u00f6glichkeit f\u00fcr das iPhone und die Apple Watch zu bieten. Auf dem Ladesockel f\u00fcr das Telefon lassen sich bei Bedarf aber auch die AirPods kabellos aufladen.<\/p>\n<p><a href=\"https:\/\/images.iphone-ticker.de\/wp-content\/uploads\/2023\/10\/BoostCharge-Pro-2-in-1-Dock-2.jpg\"><img loading=\"lazy\" decoding=\"async\" src=\"https:\/\/images.iphone-ticker.de\/wp-content\/uploads\/2023\/10\/BoostCharge-Pro-2-in-1-Dock-2-500x406.jpg\" alt=\"BoostCharge Pro 2 In 1 Dock 2\" width=\"500\" height=\"406\" class=\"alignnone size-medium wp-image-224264\" srcset=\"https:\/\/images.iphone-ticker.de\/wp-content\/uploads\/2023\/10\/BoostCharge-Pro-2-in-1-Dock-2-500x406.jpg 500w, https:\/\/images.iphone-ticker.de\/wp-content\/uploads\/2023\/10\/BoostCharge-Pro-2-in-1-Dock-2-700x568.jpg 700w, https:\/\/images.iphone-ticker.de\/wp-content\/uploads\/2023\/10\/BoostCharge-Pro-2-in-1-Dock-2.jpg 1400w\" sizes=\"auto, (max-width: 500px) 100vw, 500px\" \/><\/a><\/p>\n<p>Apple hat das neue Belkin-Ladeger\u00e4t bereits in den Farben Kohlegrau und Sand in seinem Onlineshop gelistet, das Zubeh\u00f6r ist derzeit aber weder online noch in den Apple-Ladengesch\u00e4ften verf\u00fcgbar, mit dem Verkauf will der Hesteller in der kommenden Woche beginnen. Die Preisangabe liegt mit 129,95 Euro im oberen, f\u00fcr Belkin-Zubeh\u00f6r wiederum dann aber fast schon g\u00fcnstigen Bereich. Der \u00e4ltere mit MagSafe kompatible <a href=\"https:\/\/apple.sjv.io\/mggOOy\">2-in-1-Charger von Belkin<\/a> wird f\u00fcr 119,95 Euro angeboten und f\u00fcr den <a href=\"https:\/\/apple.sjv.io\/ba0N29\">3-in-1-Charging-Stand von Belkin<\/a> bezahlt man bei Apple satte 159,95 Euro.<\/p>\n<p><a href=\"https:\/\/images.iphone-ticker.de\/wp-content\/uploads\/2023\/10\/BoostCharge-Pro-2-in-1-Dock3.jpg\"><img loading=\"lazy\" decoding=\"async\" src=\"https:\/\/images.iphone-ticker.de\/wp-content\/uploads\/2023\/10\/BoostCharge-Pro-2-in-1-Dock3-700x582.jpg\" alt=\"BoostCharge Pro 2 In 1 Dock3\" width=\"700\" height=\"582\" class=\"alignnone size-large wp-image-224263\" srcset=\"https:\/\/images.iphone-ticker.de\/wp-content\/uploads\/2023\/10\/BoostCharge-Pro-2-in-1-Dock3-700x582.jpg 700w, https:\/\/images.iphone-ticker.de\/wp-content\/uploads\/2023\/10\/BoostCharge-Pro-2-in-1-Dock3-500x416.jpg 500w, https:\/\/images.iphone-ticker.de\/wp-content\/uploads\/2023\/10\/BoostCharge-Pro-2-in-1-Dock3.jpg 1400w\" sizes=\"auto, (max-width: 700px) 100vw, 700px\" \/><\/a><\/p>\n<p>Das Design des neusten MagSafe-St\u00e4nders von Belkin muss man nat\u00fcrlich m\u00f6gen. Irgendwie erinnert der Sockel an eine Kaffeetasse. Die Apple-Watch-Ablage auf der R\u00fcckseite ist starr und der Magnethalter f\u00fcr das iPhone kann zwischen 0 und 70 Grad im Winkel angepasst werden, flach nach unten geklappt kann man dann auch die AirPods zum Laden auflegen. Die magnetische Halterung erm\u00f6glicht es auch, dass das iPhone im Querformat platziert wird, um die mit iOS 17 eingef\u00fchrten StandBy-Optionen zu verwenden.<\/p>\n<p><a href=\"https:\/\/images.iphone-ticker.de\/wp-content\/uploads\/2023\/10\/BoostCharge-Pro-2-in-1-Dock-1.jpg\"><img loading=\"lazy\" decoding=\"async\" src=\"https:\/\/images.iphone-ticker.de\/wp-content\/uploads\/2023\/10\/BoostCharge-Pro-2-in-1-Dock-1-700x462.jpg\" alt=\"BoostCharge Pro 2 In 1 Dock 1\" width=\"700\" height=\"462\" class=\"alignnone size-large wp-image-224265\" srcset=\"https:\/\/images.iphone-ticker.de\/wp-content\/uploads\/2023\/10\/BoostCharge-Pro-2-in-1-Dock-1-700x462.jpg 700w, https:\/\/images.iphone-ticker.de\/wp-content\/uploads\/2023\/10\/BoostCharge-Pro-2-in-1-Dock-1-500x330.jpg 500w, https:\/\/images.iphone-ticker.de\/wp-content\/uploads\/2023\/10\/BoostCharge-Pro-2-in-1-Dock-1.jpg 1400w\" sizes=\"auto, (max-width: 700px) 100vw, 700px\" \/><\/a><\/p>\n<p>Belkin gibt die Ladeleistung \u00fcber MagSafe mit maximal 15 Watt an, dementsprechend wird die Schnellladeoption der mit MagSafe kompatiblen iPhone-Modelle unterst\u00fctzt. Die Apple Watch kann ab der Modellreihe Series 7 innerhalb von 45 Minuten auf bis zu 80 Prozent geladen werden und die Apple Watch Ultra ben\u00f6tigt f\u00fcr eine F\u00fcllung von 80 Prozent in der Regel eine Stunde.<\/p>\n<p>Wie bei seinen anderen im Preis h\u00f6her angesetzten Ladeger\u00e4ten legt Belkin auch beim neuen BoostCharge Pro 2-in-1 Dock ein passendes Ladeger\u00e4t bei. Der im Lieferumfang enthaltene USB-C-Adapter stellt eine maximale Leistung von 30 Watt PD bereit.<img loading=\"lazy\" decoding=\"async\" src=\"https:\/\/vg08.met.vgwort.de\/na\/8fe57937544344ae8dfbb27794d6702d\" width=\"1\" height=\"1\" no-lazy class=\"tracking\"><\/p>\n","protected":false},"excerpt":{"rendered":"<a href=\"https:\/\/www.iphone-ticker.de\/boostcharge-pro-2-in-1-dock-neue-design-ladestation-von-belkin-224262\/\"><img width=\"150\" height=\"150\" src=\"https:\/\/images.iphone-ticker.de\/wp-content\/uploads\/2023\/10\/belkin-BoostCharge-Pro-2-in-1-Dock-feature-150x150.jpg\" class=\"alignright tfe wp-post-image\" alt=\"Belkin BoostCharge Pro 2 In 1 Dock Feature\" decoding=\"async\" loading=\"lazy\" \/><\/a><p>Belkin hat mit dem BoostCharge Pro 2-in-1 Dock ein neues MagSafe-Ladeger\u00e4t im Programm, das vorrangig darauf abzielt, eine komfortable Ladem\u00f6glichkeit f\u00fcr das iPhone und die Apple Watch zu bieten. Auf dem Ladesockel f\u00fcr das Telefon lassen sich bei Bedarf aber auch die AirPods kabellos aufladen. Apple hat das neue Belkin-Ladeger\u00e4t bereits in den Farben Kohlegrau [&hellip;]<\/p>\n","protected":false},"author":2,"featured_media":224266,"comment_status":"open","ping_status":"closed","sticky":false,"template":"","format":"standard","meta":{"footnotes":""},"categories":[24],"tags":[28,2196,5239],"class_list":["post-224262","post","type-post","status-publish","format-standard","has-post-thumbnail","hentry","category-zubehor","tag-belkin","tag-magsafe","tag-zubehoer"],"aioseo_notices":[],"featured_image":["https:\/\/images.iphone-ticker.de\/wp-content\/uploads\/2023\/10\/belkin-BoostCharge-Pro-2-in-1-Dock-feature.jpg","https:\/\/images.iphone-ticker.de\/wp-content\/uploads\/2023\/10\/belkin-BoostCharge-Pro-2-in-1-Dock-feature.jpg"],"subheadline":["Mit MagSafe und StandBy kompatibel"],"rest_api_enabler":{"featured_image":["https:\/\/images.iphone-ticker.de\/wp-content\/uploads\/2023\/10\/belkin-BoostCharge-Pro-2-in-1-Dock-feature.jpg","https:\/\/images.iphone-ticker.de\/wp-content\/uploads\/2023\/10\/belkin-BoostCharge-Pro-2-in-1-Dock-feature.jpg"],"subheadline":"Mit MagSafe und StandBy kompatibel"},"_links":{"self":[{"href":"https:\/\/www.iphone-ticker.de\/apiv2\/wp\/v2\/posts\/224262","targetHints":{"allow":["GET"]}}],"collection":[{"href":"https:\/\/www.iphone-ticker.de\/apiv2\/wp\/v2\/posts"}],"about":[{"href":"https:\/\/www.iphone-ticker.de\/apiv2\/wp\/v2\/types\/post"}],"author":[{"embeddable":true,"href":"https:\/\/www.iphone-ticker.de\/apiv2\/wp\/v2\/users\/2"}],"replies":[{"embeddable":true,"href":"https:\/\/www.iphone-ticker.de\/apiv2\/wp\/v2\/comments?post=224262"}],"version-history":[{"count":3,"href":"https:\/\/www.iphone-ticker.de\/apiv2\/wp\/v2\/posts\/224262\/revisions"}],"predecessor-version":[{"id":224269,"href":"https:\/\/www.iphone-ticker.de\/apiv2\/wp\/v2\/posts\/224262\/revisions\/224269"}],"wp:featuredmedia":[{"embeddable":true,"href":"https:\/\/www.iphone-ticker.de\/apiv2\/wp\/v2\/media\/224266"}],"wp:attachment":[{"href":"https:\/\/www.iphone-ticker.de\/apiv2\/wp\/v2\/media?parent=224262"}],"wp:term":[{"taxonomy":"category","embeddable":true,"href":"https:\/\/www.iphone-ticker.de\/apiv2\/wp\/v2\/categories?post=224262"},{"taxonomy":"post_tag","embeddable":true,"href":"https:\/\/www.iphone-ticker.de\/apiv2\/wp\/v2\/tags?post=224262"}],"curies":[{"name":"wp","href":"https:\/\/api.w.org\/{rel}","templated":true}]}}