{"id":222141,"date":"2023-09-25T15:38:31","date_gmt":"2023-09-25T13:38:31","guid":{"rendered":"https:\/\/www.iphone-ticker.de\/?p=222141"},"modified":"2023-09-25T15:50:20","modified_gmt":"2023-09-25T13:50:20","slug":"iphone-15-zerlegt-apples-kamera-trick-und-die-abhaengigkeit-von-qualcomm","status":"publish","type":"post","link":"https:\/\/www.iphone-ticker.de\/iphone-15-zerlegt-apples-kamera-trick-und-die-abhaengigkeit-von-qualcomm-222141\/","title":{"rendered":"iPhone 15 zerlegt: Apples Kamera-Trick und die Abh\u00e4ngigkeit von Qualcomm"},"content":{"rendered":"<p>ifixit hat das iPhone 15 unter die Lupe genommen. Ausf\u00fchrlich l\u00e4sst sich die Analyse der Techniker <a href=\"https:\/\/de.ifixit.com\/News\/82867\/iphone-15-teardown-reveals-software-lockdown\">in diesem Blog-Eintrag<\/a> nachlesen. Die Video-Zusammenfassung haben wir unten eingebunden.<\/p>\n<p><a href=\"https:\/\/images.iphone-ticker.de\/wp-content\/uploads\/2023\/09\/iphone-15-pro-max-kamera.jpg\"><img loading=\"lazy\" decoding=\"async\" src=\"https:\/\/images.iphone-ticker.de\/wp-content\/uploads\/2023\/09\/iphone-15-pro-max-kamera-500x333.jpg\" alt=\"Iphone 15 Pro Max Kamera\" width=\"500\" height=\"333\" class=\"alignnone size-medium wp-image-222145\" srcset=\"https:\/\/images.iphone-ticker.de\/wp-content\/uploads\/2023\/09\/iphone-15-pro-max-kamera-500x333.jpg 500w, https:\/\/images.iphone-ticker.de\/wp-content\/uploads\/2023\/09\/iphone-15-pro-max-kamera-700x467.jpg 700w, https:\/\/images.iphone-ticker.de\/wp-content\/uploads\/2023\/09\/iphone-15-pro-max-kamera.jpg 1200w\" sizes=\"auto, (max-width: 500px) 100vw, 500px\" \/><\/a><\/p>\n<p>Von besonderem Interesse ist nat\u00fcrlich die Kameratechnik des iPhone 15 Pro Max. Auseinandergebaut unterscheidet sich diese nur rudiment\u00e4r vom iPhone-Pro-Max-Modell aus dem vergangenen Jahr. Hardwareseitig f\u00e4llt erstmal nur das neue Periskop-Objektiv ins Gewicht. Apple simuliert hier durch eine Kombination aus Spiegeln ein 120-Millimeter-Objektiv. Abgesehen von dieser optischen Weiterentwicklung sorgt wohl in erster Linie der neuste Apple-Prozessor vom Typ A17 Pro f\u00fcr die sonstigen Verbesserungen beim Fotografieren mit dem neuesten iPhone.<\/p>\n<h2>Apple kann noch keine eigenen Modems fertigen<\/h2>\n<p>Der Blick ins Innere des neuen iPhone-Modells best\u00e4tigt auch, dass Apple bei den im iPhone verbauten Modem-Chips weiterhin auf Qualcomm als externen Zulieferer angewiesen ist. Das <a href=\"https:\/\/www.wsj.com\/tech\/apple-iphone-modem-chip-failure-6fe33d19\">Wall Street Journal<\/a> hatte erst in der vergangenen Woche dar\u00fcber berichtet, dass sich Apple bei seinen Bem\u00fchungen, eigene 5G-Modems zu entwicklen, mit massiven R\u00fcckschl\u00e4gen konfrontiert sah. Apple habe die Komplexit\u00e4t und die mit diesem Vorhaben verbundenen Herausforderungen massiv untersch\u00e4tzt.<\/p>\n<p><a href=\"https:\/\/images.iphone-ticker.de\/wp-content\/uploads\/2023\/09\/iphone-15-qualcomm.jpg\"><img loading=\"lazy\" decoding=\"async\" src=\"https:\/\/images.iphone-ticker.de\/wp-content\/uploads\/2023\/09\/iphone-15-qualcomm-700x278.jpg\" alt=\"Iphone 15 Qualcomm\" width=\"700\" height=\"278\" class=\"alignnone size-large wp-image-222144\" srcset=\"https:\/\/images.iphone-ticker.de\/wp-content\/uploads\/2023\/09\/iphone-15-qualcomm-700x278.jpg 700w, https:\/\/images.iphone-ticker.de\/wp-content\/uploads\/2023\/09\/iphone-15-qualcomm-500x198.jpg 500w, https:\/\/images.iphone-ticker.de\/wp-content\/uploads\/2023\/09\/iphone-15-qualcomm.jpg 1400w\" sizes=\"auto, (max-width: 700px) 100vw, 700px\" \/><\/a><\/p>\n<p>Vor zwei Jahren wurde noch dar\u00fcber spekuliert, dass Apple bereits mit dem iPhone 15 erstmals eigene Modem-Chips verwenden k\u00f6nnte. Unter anderem hat Apple f\u00fcr die Entwicklung in diesem Bereich massiv auch <a href=\"https:\/\/www.ifun.de\/apple-investiert-1-milliarde-in-chip-entwicklung-in-deutschland-167383\/\" title=\"Europ\u00e4ischen Zentrums f\u00fcr Chip-Design\">in Deutschland investiert<\/a>. Mittlerweile habe Apple allerdings einmal mehr die Lizenz- und Liefervereinbarungen mit Qualcomm verl\u00e4ngert. Apple hatte zuletzt 2019 im Anschluss an erbittere Lizenzstreitigkeiten entsprechende Vertr\u00e4ge mit Qualcomm abgeschlossen.<\/p>\n<h2>Reparaturfreundlichkeit: 4 von 10<\/h2>\n<p>In der vorl\u00e4ufigen Gesamteinsch\u00e4tzung stuft ifixit das iPhone 15 Pro Max wie den Vorl\u00e4ufer mit 4 von 10 Punkten als nur m\u00e4\u00dfig reparierbar ein. Kritik erntet auch hier die Tatsache, dass die Verwendung beispielsweise gebrauchter Teile mit Fehler- und Warnmeldungen quittiert wird. Dar\u00fcber hinaus best\u00e4tigt auch ifixit, dass das im Rahmen der Ger\u00e4te verwendete Titan ausgesprochen kratzanf\u00e4llig ist.<\/p>\n<p><div class=\"responsive-video\"><iframe loading=\"lazy\" title=\"iPhone 15 Pro Max Teardown: Big Phone, Microscopic Scratches\" width=\"500\" height=\"281\" src=\"https:\/\/www.youtube-nocookie.com\/embed\/hmQHgWNAg24?feature=oembed\" frameborder=\"0\" allow=\"accelerometer; autoplay; clipboard-write; encrypted-media; gyroscope; picture-in-picture; web-share\" referrerpolicy=\"strict-origin-when-cross-origin\" allowfullscreen><\/iframe><\/div><br \/>\n<img loading=\"lazy\" decoding=\"async\" src=\"https:\/\/vg09.met.vgwort.de\/na\/00c2272ee3c244158afea7cb77fee974\" width=\"1\" height=\"1\" no-lazy class=\"tracking\"><\/p>\n","protected":false},"excerpt":{"rendered":"<a href=\"https:\/\/www.iphone-ticker.de\/iphone-15-zerlegt-apples-kamera-trick-und-die-abhaengigkeit-von-qualcomm-222141\/\"><img width=\"150\" height=\"150\" src=\"https:\/\/images.iphone-ticker.de\/wp-content\/uploads\/2023\/09\/iphone-15-pro-max-kamera-150x150.jpg\" class=\"alignright tfe wp-post-image\" alt=\"Iphone 15 Pro Max Kamera\" decoding=\"async\" loading=\"lazy\" \/><\/a><p>ifixit hat das iPhone 15 unter die Lupe genommen. Ausf\u00fchrlich l\u00e4sst sich die Analyse der Techniker in diesem Blog-Eintrag nachlesen. Die Video-Zusammenfassung haben wir unten eingebunden. Von besonderem Interesse ist nat\u00fcrlich die Kameratechnik des iPhone 15 Pro Max. Auseinandergebaut unterscheidet sich diese nur rudiment\u00e4r vom iPhone-Pro-Max-Modell aus dem vergangenen Jahr. Hardwareseitig f\u00e4llt erstmal nur das [&hellip;]<\/p>\n","protected":false},"author":2,"featured_media":222145,"comment_status":"open","ping_status":"closed","sticky":false,"template":"","format":"standard","meta":{"footnotes":""},"categories":[749],"tags":[3161,344],"class_list":["post-222141","post","type-post","status-publish","format-standard","has-post-thumbnail","hentry","category-iphone-2","tag-ifixit","tag-iphone"],"aioseo_notices":[],"featured_image":["https:\/\/images.iphone-ticker.de\/wp-content\/uploads\/2023\/09\/iphone-15-ifixit-feature.jpg"],"subheadline":["Blick ins Innere der neuen Ger\u00e4te"],"rest_api_enabler":{"featured_image":"https:\/\/images.iphone-ticker.de\/wp-content\/uploads\/2023\/09\/iphone-15-ifixit-feature.jpg","subheadline":"Blick ins Innere der neuen Ger\u00e4te"},"_links":{"self":[{"href":"https:\/\/www.iphone-ticker.de\/apiv2\/wp\/v2\/posts\/222141","targetHints":{"allow":["GET"]}}],"collection":[{"href":"https:\/\/www.iphone-ticker.de\/apiv2\/wp\/v2\/posts"}],"about":[{"href":"https:\/\/www.iphone-ticker.de\/apiv2\/wp\/v2\/types\/post"}],"author":[{"embeddable":true,"href":"https:\/\/www.iphone-ticker.de\/apiv2\/wp\/v2\/users\/2"}],"replies":[{"embeddable":true,"href":"https:\/\/www.iphone-ticker.de\/apiv2\/wp\/v2\/comments?post=222141"}],"version-history":[{"count":6,"href":"https:\/\/www.iphone-ticker.de\/apiv2\/wp\/v2\/posts\/222141\/revisions"}],"predecessor-version":[{"id":222154,"href":"https:\/\/www.iphone-ticker.de\/apiv2\/wp\/v2\/posts\/222141\/revisions\/222154"}],"wp:featuredmedia":[{"embeddable":true,"href":"https:\/\/www.iphone-ticker.de\/apiv2\/wp\/v2\/media\/222145"}],"wp:attachment":[{"href":"https:\/\/www.iphone-ticker.de\/apiv2\/wp\/v2\/media?parent=222141"}],"wp:term":[{"taxonomy":"category","embeddable":true,"href":"https:\/\/www.iphone-ticker.de\/apiv2\/wp\/v2\/categories?post=222141"},{"taxonomy":"post_tag","embeddable":true,"href":"https:\/\/www.iphone-ticker.de\/apiv2\/wp\/v2\/tags?post=222141"}],"curies":[{"name":"wp","href":"https:\/\/api.w.org\/{rel}","templated":true}]}}