{"id":222085,"date":"2023-09-22T20:09:41","date_gmt":"2023-09-22T18:09:41","guid":{"rendered":"https:\/\/www.iphone-ticker.de\/?p=222085"},"modified":"2023-11-20T07:13:48","modified_gmt":"2023-11-20T06:13:48","slug":"airpods-pro-jetzt-mit-usb-c-ladecase-nicht-alleine-erhaeltlich","status":"publish","type":"post","link":"https:\/\/www.iphone-ticker.de\/airpods-pro-jetzt-mit-usb-c-ladecase-nicht-alleine-erhaeltlich-222085\/","title":{"rendered":"AirPods Pro jetzt mit USB-C: Ladecase nicht allein erh\u00e4ltlich"},"content":{"rendered":"<p>Den Verkaufsstart der neuen Modelle von iPhone und Apple Watch vor Augen sind die ebenfalls von heute an erh\u00e4ltlichen \u00fcberarbeiteten <a href=\"https:\/\/apple.sjv.io\/1rgPNB\">AirPods Pro<\/a> beinahe in Vergessenheit geraten. Apple muss sich in diesem Zusammenhang aber auch nachsagen lassen, beim Umbau der Ladeh\u00fclle von Lightning auf USB-C nicht gerade kundenfreundlich zu agieren. Wer auch bei den AirPods auf den neuen Ladestandard umr\u00fcsten will, muss zwingend 279 Euro auf den Tisch legen und ein Komplettset aus Ohrh\u00f6rern und Ladecase kaufen. Die Ladeh\u00fclle mit USB-C-Anschluss ist nicht separat erh\u00e4ltlich.<\/p>\n<p><a href=\"https:\/\/images.iphone-ticker.de\/wp-content\/uploads\/2023\/09\/airpods-pro-usb-c.jpg\"><img loading=\"lazy\" decoding=\"async\" src=\"https:\/\/images.iphone-ticker.de\/wp-content\/uploads\/2023\/09\/airpods-pro-usb-c-700x596.jpg\" alt=\"Airpods Pro Usb C\" width=\"700\" height=\"596\" class=\"alignnone size-large wp-image-222087\" srcset=\"https:\/\/images.iphone-ticker.de\/wp-content\/uploads\/2023\/09\/airpods-pro-usb-c-700x596.jpg 700w, https:\/\/images.iphone-ticker.de\/wp-content\/uploads\/2023\/09\/airpods-pro-usb-c-500x426.jpg 500w, https:\/\/images.iphone-ticker.de\/wp-content\/uploads\/2023\/09\/airpods-pro-usb-c.jpg 1000w\" sizes=\"auto, (max-width: 700px) 100vw, 700px\" \/><\/a><\/p>\n<p>Diese Entscheidung ist umso mehr unverst\u00e4ndlich, da Apple die AirPods selbst \u00e4u\u00dferlich nicht ver\u00e4ndert hat. Wenn wir an den Wechsel vom rein kabelgebundenen Ladecase der AirPods zur Kombination Kabel und MagSafe zur\u00fcckdenken, war es hier problemlos m\u00f6glich, das Ladecase einzeln zu erwerben um von den neuen Ladeoptionen zu profitieren.<\/p>\n<p>Im aktuellen Lineup von Apple werden die AirPods Pro der zweiten Generation jetzt ausschlie\u00dflich mit der neuen USB-C-H\u00fclle und ansonsten unver\u00e4nderten technischen Daten angeboten. Besitzer eines der neuen iPhone-Modelle kommen also, sofern sie die Vorg\u00e4ngergeneration der AirPods Pro besitzen, nicht darum herum, neben USB-C auch ein Lightning-Kabel zu verwenden. Es sei denn, man setzt auf kabelloses Laden \u00fcber MagSafe.<\/p>\n<h2>Lossless Audio mit Vision Pro nur mit den USB-C-AirPods<\/h2>\n<p> Als weiteres \u00c4rgernis betrachten viele Nutzer die Tatsache, dass trotz augenscheinlich identischer Hardware nur die neue USB-C-Version der AirPods Pro 2 im Zusammenspiel mit der Apple Vision die Wiedergabe von Lossless Audio unterst\u00fctzt. F\u00fcr deutsche Anwender mag in diesem Zusammenhang ein St\u00fcck weit beruhigend sein, dass wir die Apple-Brille wohl kaum vor Ende kommenden Jahres zu Gesicht bekommen.<\/p>\n<p>Der Video-Blogger Brian Tong hat diesbez\u00fcglich <a href=\"https:\/\/youtu.be\/Rs6nA1egGWg?si=r9hBetgya6ctG_cN&amp;t=1564\">nachgehakt<\/a> und von Apple die Antwort erhalten, dass es am Ende doch feine technische Differenzen zwischen den Lightning- und USB-C-Varianten gibt, die diesen Einschr\u00e4nkung begr\u00fcnden. Apple zufolge ist mit der USB-C-Version der AirPods Pro eine drahtlose Kommunikation \u00fcber 5 GHz zwischen den Ohrh\u00f6rern und der Brille m\u00f6glich. Die Vorg\u00e4nger w\u00fcrden dagegen nur das st\u00f6rungsanf\u00e4lligere und weniger leistungsf\u00e4higere 2,4-GHz-Band unterst\u00fctzen.<img loading=\"lazy\" decoding=\"async\" src=\"https:\/\/vg09.met.vgwort.de\/na\/301ad3b36d164ceba0fea4af62fe5fe5\" width=\"1\" height=\"1\" no-lazy class=\"tracking\"><\/p>\n","protected":false},"excerpt":{"rendered":"<a href=\"https:\/\/www.iphone-ticker.de\/airpods-pro-jetzt-mit-usb-c-ladecase-nicht-alleine-erhaeltlich-222085\/\"><img width=\"150\" height=\"150\" src=\"https:\/\/images.iphone-ticker.de\/wp-content\/uploads\/2023\/09\/airpods-pro-usb-c-150x150.jpg\" class=\"alignright tfe wp-post-image\" alt=\"Airpods Pro Usb C\" decoding=\"async\" loading=\"lazy\" \/><\/a><p>Den Verkaufsstart der neuen Modelle von iPhone und Apple Watch vor Augen sind die ebenfalls von heute an erh\u00e4ltlichen \u00fcberarbeiteten AirPods Pro beinahe in Vergessenheit geraten. Apple muss sich in diesem Zusammenhang aber auch nachsagen lassen, beim Umbau der Ladeh\u00fclle von Lightning auf USB-C nicht gerade kundenfreundlich zu agieren. Wer auch bei den AirPods auf [&hellip;]<\/p>\n","protected":false},"author":2,"featured_media":222087,"comment_status":"open","ping_status":"closed","sticky":false,"template":"","format":"standard","meta":{"footnotes":""},"categories":[1],"tags":[3567],"class_list":["post-222085","post","type-post","status-publish","format-standard","has-post-thumbnail","hentry","category-news","tag-airpods"],"aioseo_notices":[],"subheadline":["Upgrade nur als Komplettset"],"featured_image":["https:\/\/images.iphone-ticker.de\/wp-content\/uploads\/2022\/09\/airpods-pro-2-feature-3.jpg"],"rest_api_enabler":{"subheadline":"Upgrade nur als Komplettset","featured_image":"https:\/\/images.iphone-ticker.de\/wp-content\/uploads\/2022\/09\/airpods-pro-2-feature-3.jpg"},"_links":{"self":[{"href":"https:\/\/www.iphone-ticker.de\/apiv2\/wp\/v2\/posts\/222085","targetHints":{"allow":["GET"]}}],"collection":[{"href":"https:\/\/www.iphone-ticker.de\/apiv2\/wp\/v2\/posts"}],"about":[{"href":"https:\/\/www.iphone-ticker.de\/apiv2\/wp\/v2\/types\/post"}],"author":[{"embeddable":true,"href":"https:\/\/www.iphone-ticker.de\/apiv2\/wp\/v2\/users\/2"}],"replies":[{"embeddable":true,"href":"https:\/\/www.iphone-ticker.de\/apiv2\/wp\/v2\/comments?post=222085"}],"version-history":[{"count":7,"href":"https:\/\/www.iphone-ticker.de\/apiv2\/wp\/v2\/posts\/222085\/revisions"}],"predecessor-version":[{"id":225307,"href":"https:\/\/www.iphone-ticker.de\/apiv2\/wp\/v2\/posts\/222085\/revisions\/225307"}],"wp:featuredmedia":[{"embeddable":true,"href":"https:\/\/www.iphone-ticker.de\/apiv2\/wp\/v2\/media\/222087"}],"wp:attachment":[{"href":"https:\/\/www.iphone-ticker.de\/apiv2\/wp\/v2\/media?parent=222085"}],"wp:term":[{"taxonomy":"category","embeddable":true,"href":"https:\/\/www.iphone-ticker.de\/apiv2\/wp\/v2\/categories?post=222085"},{"taxonomy":"post_tag","embeddable":true,"href":"https:\/\/www.iphone-ticker.de\/apiv2\/wp\/v2\/tags?post=222085"}],"curies":[{"name":"wp","href":"https:\/\/api.w.org\/{rel}","templated":true}]}}