{"id":22052,"date":"2011-06-15T15:30:57","date_gmt":"2011-06-15T13:30:57","guid":{"rendered":"http:\/\/www.iphone-ticker.de\/?p=22052"},"modified":"2011-06-15T15:40:08","modified_gmt":"2011-06-15T13:40:08","slug":"sonnenstrom-furs-iphone-solar-baumchen-und-fenster-ladegerat","status":"publish","type":"post","link":"https:\/\/www.iphone-ticker.de\/sonnenstrom-furs-iphone-solar-baumchen-und-fenster-ladegerat-22052\/","title":{"rendered":"Sonnenstrom f\u00fcrs iPhone: Solar-B\u00e4umchen und Fenster-Ladeger\u00e4t"},"content":{"rendered":"<p>Richtig gute Erfahrungen mit Solar-Ladeger\u00e4ten konnten wir bislang leider noch nicht sammeln. Den Energiehunger des iPhones k\u00f6nnen die oft langsam ladenden Accessoires nur unzureichend befriedigen, je nach den Begebenheiten der aktuellen Umgebung m\u00fcssen die Photovoltaik-Paneele oft neu ausgerichtet werden und \u00fcberhaupt: meist nehmen die alternativen Energiespender zu viel Platz in Anspruch. <\/p>\n<p><a href=\"http:\/\/www.iphone-ticker.de\/wp-content\/uploads\/2011\/06\/solar-akkus.jpg\"><img loading=\"lazy\" decoding=\"async\" src=\"http:\/\/www.iphone-ticker.de\/wp-content\/uploads\/2011\/06\/solar-akkus.jpg\" alt=\"\" title=\"solar-akkus\" width=\"464\" height=\"224\" class=\"aligncenter size-full wp-image-22053\" srcset=\"https:\/\/images.iphone-ticker.de\/wp-content\/uploads\/2011\/06\/solar-akkus.jpg 464w, https:\/\/images.iphone-ticker.de\/wp-content\/uploads\/2011\/06\/solar-akkus-300x144.jpg 300w\" sizes=\"auto, (max-width: 464px) 100vw, 464px\" \/><\/a><\/p>\n<p>Die beiden Akku-Ladeger\u00e4te des Design-Studios <a href=\"http:\/\/www.xdmodo.com\/\">XDModo<\/a> haben es uns jedoch angetan. <\/p>\n<p><!--more--><\/p>\n<p>So bietet XDModo mit dem &#8222;Solar Tree&#8220; und dem &#8222;Solarladefenster&#8220; zwei ausgefallenere PV-Akkus f\u00fcr Mobilger\u00e4te an. Der &#8222;Solar Tree&#8220; ist 22cm hoch und kommt mit neun einzelnen PV-Modulen die ihren Strom \u00fcber den integrierten USB- bzw. Mini-USB Anschluss an das iPhone weitergeben. Das Solarladefenster kann an der eigenen Auto- oder B\u00fcro-Scheibe befestigt werden und l\u00e4dt so den eingebauten 1400mAh-Akku auf. W\u00e4hrend das &#8222;Solarladefenster&#8220; <a rel=\"noindex, nofollow\" href=\"http:\/\/www.amazon.de\/gp\/product\/B0051DUVAU\/ref=as_li_ss_tl?ie=UTF8&#038;tag=musicweb02&#038;linkCode=as2&#038;camp=1638&#038;creative=19454&#038;creativeASIN=B0051DUVAU\">f\u00fcr 49\u20ac bei Amazon bestellt<\/a> werden kann, scheint der &#8222;Solar Tree&#8220; momentan leider vergriffen. <\/p>\n","protected":false},"excerpt":{"rendered":"<a href=\"https:\/\/www.iphone-ticker.de\/sonnenstrom-furs-iphone-solar-baumchen-und-fenster-ladegerat-22052\/\"><img width=\"150\" height=\"150\" src=\"https:\/\/images.iphone-ticker.de\/wp-content\/uploads\/2011\/06\/solar-akkus-150x150.jpg\" class=\"alignright tfe wp-post-image\" alt=\"\" decoding=\"async\" loading=\"lazy\" \/><\/a><p>Richtig gute Erfahrungen mit Solar-Ladeger\u00e4ten konnten wir bislang leider noch nicht sammeln. Den Energiehunger des iPhones k\u00f6nnen die oft langsam ladenden Accessoires nur unzureichend befriedigen, je nach den Begebenheiten der aktuellen Umgebung m\u00fcssen die Photovoltaik-Paneele oft neu ausgerichtet werden und \u00fcberhaupt: meist nehmen die alternativen Energiespender zu viel Platz in Anspruch. Die beiden Akku-Ladeger\u00e4te des [&hellip;]<\/p>\n","protected":false},"author":1,"featured_media":22053,"comment_status":"open","ping_status":"closed","sticky":false,"template":"","format":"standard","meta":{"footnotes":""},"categories":[24],"tags":[27,724,45,587,549,5239],"class_list":["post-22052","post","type-post","status-publish","format-standard","has-post-thumbnail","hentry","category-zubehor","tag-akku","tag-energizer","tag-ladegerat","tag-ladestation","tag-natur","tag-zubehoer"],"aioseo_notices":[],"rest_api_enabler":[],"_links":{"self":[{"href":"https:\/\/www.iphone-ticker.de\/apiv2\/wp\/v2\/posts\/22052","targetHints":{"allow":["GET"]}}],"collection":[{"href":"https:\/\/www.iphone-ticker.de\/apiv2\/wp\/v2\/posts"}],"about":[{"href":"https:\/\/www.iphone-ticker.de\/apiv2\/wp\/v2\/types\/post"}],"author":[{"embeddable":true,"href":"https:\/\/www.iphone-ticker.de\/apiv2\/wp\/v2\/users\/1"}],"replies":[{"embeddable":true,"href":"https:\/\/www.iphone-ticker.de\/apiv2\/wp\/v2\/comments?post=22052"}],"version-history":[{"count":2,"href":"https:\/\/www.iphone-ticker.de\/apiv2\/wp\/v2\/posts\/22052\/revisions"}],"predecessor-version":[{"id":22055,"href":"https:\/\/www.iphone-ticker.de\/apiv2\/wp\/v2\/posts\/22052\/revisions\/22055"}],"wp:featuredmedia":[{"embeddable":true,"href":"https:\/\/www.iphone-ticker.de\/apiv2\/wp\/v2\/media\/22053"}],"wp:attachment":[{"href":"https:\/\/www.iphone-ticker.de\/apiv2\/wp\/v2\/media?parent=22052"}],"wp:term":[{"taxonomy":"category","embeddable":true,"href":"https:\/\/www.iphone-ticker.de\/apiv2\/wp\/v2\/categories?post=22052"},{"taxonomy":"post_tag","embeddable":true,"href":"https:\/\/www.iphone-ticker.de\/apiv2\/wp\/v2\/tags?post=22052"}],"curies":[{"name":"wp","href":"https:\/\/api.w.org\/{rel}","templated":true}]}}