{"id":220351,"date":"2023-08-31T19:29:39","date_gmt":"2023-08-31T17:29:39","guid":{"rendered":"https:\/\/www.iphone-ticker.de\/?p=220351"},"modified":"2023-08-31T19:30:24","modified_gmt":"2023-08-31T17:30:24","slug":"neues-nano-portfolio-startet-powerbank-und-powerplug","status":"publish","type":"post","link":"https:\/\/www.iphone-ticker.de\/neues-nano-portfolio-startet-powerbank-und-powerplug-220351\/","title":{"rendered":"Neues Nano-Portfolio startet: 30 Watt und vorwiegend USB-C"},"content":{"rendered":"<p>In seinen Werbematerialien zum neuen Nano-Portfolio, die der Zubeh\u00f6ranbieter Anker heute lanciert hat, kokettiert das Unternehmen bereits mit dem erwarteten Wechsel des iPhone 15 vom Lightning- hin zum USB-C-Port.<\/p>\n<p><a href=\"https:\/\/images.iphone-ticker.de\/wp-content\/uploads\/2023\/08\/anker-port-nano.jpg\"><img loading=\"lazy\" decoding=\"async\" class=\"aligncenter size-medium wp-image-220352\" src=\"https:\/\/images.iphone-ticker.de\/wp-content\/uploads\/2023\/08\/anker-port-nano-500x323.jpg\" alt=\"Anker Port Nano\" width=\"500\" height=\"323\" srcset=\"https:\/\/images.iphone-ticker.de\/wp-content\/uploads\/2023\/08\/anker-port-nano-500x323.jpg 500w, https:\/\/images.iphone-ticker.de\/wp-content\/uploads\/2023\/08\/anker-port-nano-700x452.jpg 700w, https:\/\/images.iphone-ticker.de\/wp-content\/uploads\/2023\/08\/anker-port-nano.jpg 1173w\" sizes=\"auto, (max-width: 500px) 100vw, 500px\" \/><\/a><\/p>\n<p>Entsprechend konzentriert man sich bei den neu vorgestellten Accessoires vorwiegend auf den USB-C-Standard und verzichtet fast komplett auf das Angebot zus\u00e4tzlicher Lightning-Varianten.<\/p>\n<p>Heute neu in den Markt gestartet ist die Nano-Familie 2023. Zu dieser geh\u00f6ren zum einen der schon seit einigen Tagen erh\u00e4ltliche <a rel=\"noindex, nofollow\" href=\"http:\/\/www.ifun.de\/amzn\/B0BV5YV836\">Nano-Aufsteckakku<\/a>, zum anderen der neue <a rel=\"noindex, nofollow\" href=\"http:\/\/www.ifun.de\/amzn\/B0C69BDB79\">Nano Charger mit 30 Watt<\/a> und die <a rel=\"noindex, nofollow\" href=\"http:\/\/www.ifun.de\/amzn\/B0C9CJKCH3\">Nano Powerbank mit Display<\/a> und integriertem USB-C-Kabel.<\/p>\n<p><a href=\"https:\/\/images.iphone-ticker.de\/wp-content\/uploads\/2023\/08\/bereit-kabel.jpg\"><img loading=\"lazy\" decoding=\"async\" class=\"aligncenter size-large wp-image-220354\" src=\"https:\/\/images.iphone-ticker.de\/wp-content\/uploads\/2023\/08\/bereit-kabel-700x467.jpg\" alt=\"Bereit Kabel\" width=\"700\" height=\"467\" srcset=\"https:\/\/images.iphone-ticker.de\/wp-content\/uploads\/2023\/08\/bereit-kabel-700x467.jpg 700w, https:\/\/images.iphone-ticker.de\/wp-content\/uploads\/2023\/08\/bereit-kabel-500x333.jpg 500w, https:\/\/images.iphone-ticker.de\/wp-content\/uploads\/2023\/08\/bereit-kabel-1536x1024.jpg 1536w, https:\/\/images.iphone-ticker.de\/wp-content\/uploads\/2023\/08\/bereit-kabel-2048x1365.jpg 2048w\" sizes=\"auto, (max-width: 700px) 100vw, 700px\" \/><\/a><\/p>\n<p>Alle drei Accessoires sind in den Farbvarianten, Wei\u00df, Schwarz, Gr\u00fcn, Pink und Blau erh\u00e4ltlich, wobei Anker auch in diesem Jahr auf sehr zur\u00fcckhaltende Pastellt\u00f6ne setzt.<\/p>\n<h2>Anker Nano Powerbank<\/h2>\n<p>Die neue Anker Nano Powerbank besitzt ein integriertes USB-C-Kabel, ein Display zur Kapazit\u00e4tsanzeige und bringt eine Ladeleistung von 30 Watt mit &#8211; zuf\u00e4lligerweise genau die Leistung, die das iPhone 15 im ausgebauten Schnelllademodus entgegennehmen k\u00f6nnen soll.<\/p>\n<p><a href=\"https:\/\/images.iphone-ticker.de\/wp-content\/uploads\/2023\/08\/speed-laden.jpg\"><img loading=\"lazy\" decoding=\"async\" class=\"aligncenter size-large wp-image-220355\" src=\"https:\/\/images.iphone-ticker.de\/wp-content\/uploads\/2023\/08\/speed-laden-700x467.jpg\" alt=\"Speed Laden\" width=\"700\" height=\"467\" srcset=\"https:\/\/images.iphone-ticker.de\/wp-content\/uploads\/2023\/08\/speed-laden-700x467.jpg 700w, https:\/\/images.iphone-ticker.de\/wp-content\/uploads\/2023\/08\/speed-laden-500x333.jpg 500w, https:\/\/images.iphone-ticker.de\/wp-content\/uploads\/2023\/08\/speed-laden-1536x1024.jpg 1536w, https:\/\/images.iphone-ticker.de\/wp-content\/uploads\/2023\/08\/speed-laden-2048x1365.jpg 2048w\" sizes=\"auto, (max-width: 700px) 100vw, 700px\" \/><\/a><\/p>\n<p>Das integrierte USB-C-Kabel der Nano Powerbank dient gleichzeitig auch als Halteschlaufe. Dar\u00fcber hinaus stellt das Ger\u00e4t einen zus\u00e4tzlichen USB-C- und einen USB-A-Port zur Verf\u00fcgung. Die Kapazit\u00e4t des Akkus liegt bei 10.000 mAh. Selbst l\u00e4sst sich der Stromspender ebenfalls mit maximal 30 Watt aufladen.<\/p>\n<script>\r\n  function open_amazon(link) {\r\n    if (navigator.userAgent.indexOf(\"Firefox\") != -1) {\r\n      window.open(link, '_blank');\r\n    } else {\r\n      var tag = document.createElement('a');\r\n      tag.setAttribute('href', link);\r\n      tag.innerHTML = \"amzn\";\r\n      tag.click();\r\n    }\r\n  }\r\n<\/script>\r\n    <div id=\"article-single-amazon-preview\" onclick=\"return open_amazon('https:\/\/www.amazon.de\/dp\/B0C9CJKCH3?tag=musicweb02&linkCode=ogi&th=1&psc=1');\">\n  <div id=\"article-single-amazon-preview-header\">\n    <span class=\"title\">Produkthinweis<\/span>\n      <\/div>\n  <div id=\"article-single-amazon-preview-content\">\n    <div id=\"article-single-amazon-preview-img\" style=\"background: url('https:\/\/m.media-amazon.com\/images\/I\/31YBCgvXujL.jpg') center center no-repeat; background-size: cover;\"><\/div>\n    <div id=\"article-single-amazon-preview-desc\">\n      <span class=\"bezeichnung\"><a href=\"https:\/\/www.amazon.de\/dp\/B0C9CJKCH3?tag=musicweb02&linkCode=ogi&th=1&psc=1\" style=\"text-decoration: none; border-bottom: 0px; box-shadow: none;\">Anker Nano Powerbank, 10.000mAh Powerbank mit integriertem USB-C Kabel, PD 30W H\u00f6chstleistung mit 1xUSB-C, 1xUSB-A...<\/a><\/span>\n      <span class=\"preis--aktuell\">34,99 EUR<\/span>\n      <span class=\"preis--alt\">49,99 EUR<\/span>\n    <\/div>\n  <\/div>\n<\/div>\n<h2>Anker Nano Powerplug<\/h2>\n<p>In den gleichen Farbvarianten wie die Anker Nano Powerbank ist auch die neueste Generation des Nano-Ladeger\u00e4tes verf\u00fcgbar.<\/p>\n<p><a href=\"https:\/\/images.iphone-ticker.de\/wp-content\/uploads\/2023\/08\/Anker_Nano_Charger_blue_2_2000.jpg\"><img loading=\"lazy\" decoding=\"async\" class=\"aligncenter size-large wp-image-220356\" src=\"https:\/\/images.iphone-ticker.de\/wp-content\/uploads\/2023\/08\/Anker_Nano_Charger_blue_2_2000-700x700.jpg\" alt=\"Anker Nano Charger Blue 2 2000\" width=\"700\" height=\"700\" srcset=\"https:\/\/images.iphone-ticker.de\/wp-content\/uploads\/2023\/08\/Anker_Nano_Charger_blue_2_2000-700x700.jpg 700w, https:\/\/images.iphone-ticker.de\/wp-content\/uploads\/2023\/08\/Anker_Nano_Charger_blue_2_2000-500x500.jpg 500w, https:\/\/images.iphone-ticker.de\/wp-content\/uploads\/2023\/08\/Anker_Nano_Charger_blue_2_2000-150x150.jpg 150w, https:\/\/images.iphone-ticker.de\/wp-content\/uploads\/2023\/08\/Anker_Nano_Charger_blue_2_2000-1536x1536.jpg 1536w, https:\/\/images.iphone-ticker.de\/wp-content\/uploads\/2023\/08\/Anker_Nano_Charger_blue_2_2000.jpg 2000w\" sizes=\"auto, (max-width: 700px) 100vw, 700px\" \/><\/a>Nun ebenfalls f\u00fcr Ladeleistungen bis 30 Watt ausgelegt, verbaut Anker im Geh\u00e4use nun 75 Prozent recyceltes Plastik. Der Anker Nano Charger ist zudem rund 30 Prozent kleiner als Apples hauseigenes 20-Watt-Netzteil.<\/p>\n<script>\r\n  function open_amazon(link) {\r\n    if (navigator.userAgent.indexOf(\"Firefox\") != -1) {\r\n      window.open(link, '_blank');\r\n    } else {\r\n      var tag = document.createElement('a');\r\n      tag.setAttribute('href', link);\r\n      tag.innerHTML = \"amzn\";\r\n      tag.click();\r\n    }\r\n  }\r\n<\/script>\r\n    <div id=\"article-single-amazon-preview\" onclick=\"return open_amazon('https:\/\/www.amazon.de\/dp\/B0C69BDB79?tag=musicweb02&linkCode=ogi&th=1&psc=1');\">\n  <div id=\"article-single-amazon-preview-header\">\n    <span class=\"title\">Produkthinweis<\/span>\n      <\/div>\n  <div id=\"article-single-amazon-preview-content\">\n    <div id=\"article-single-amazon-preview-img\" style=\"background: url('https:\/\/m.media-amazon.com\/images\/I\/31cQ7EQX02L.jpg') center center no-repeat; background-size: cover;\"><\/div>\n    <div id=\"article-single-amazon-preview-desc\">\n      <span class=\"bezeichnung\"><a href=\"https:\/\/www.amazon.de\/dp\/B0C69BDB79?tag=musicweb02&linkCode=ogi&th=1&psc=1\" style=\"text-decoration: none; border-bottom: 0px; box-shadow: none;\">Anker Nano USB C Netzteil, 30W High-Speed USB C Ladeger\u00e4t, PIQ 3.0 und PPS Schnellladeleistung, Kompatibel mit iPhone...<\/a><\/span>\n      <span class=\"preis--aktuell\">19,99 EUR<\/span>\n      <span class=\"preis--alt\"><\/span>\n    <\/div>\n  <\/div>\n<\/div>\n<p><img loading=\"lazy\" decoding=\"async\" src=\"https:\/\/vg06.met.vgwort.de\/na\/152174b223ca4ae3a25438c9042f454c\" width=\"1\" height=\"1\" no-lazy class=\"tracking\"><\/p>\n","protected":false},"excerpt":{"rendered":"<a href=\"https:\/\/www.iphone-ticker.de\/neues-nano-portfolio-startet-powerbank-und-powerplug-220351\/\"><img width=\"150\" height=\"150\" src=\"https:\/\/images.iphone-ticker.de\/wp-content\/uploads\/2023\/08\/Anker_Nano_Charger_blue_2_2000-150x150.jpg\" class=\"alignright tfe wp-post-image\" alt=\"Anker Nano Charger Blue 2 2000\" decoding=\"async\" loading=\"lazy\" srcset=\"https:\/\/images.iphone-ticker.de\/wp-content\/uploads\/2023\/08\/Anker_Nano_Charger_blue_2_2000-150x150.jpg 150w, https:\/\/images.iphone-ticker.de\/wp-content\/uploads\/2023\/08\/Anker_Nano_Charger_blue_2_2000-500x500.jpg 500w, https:\/\/images.iphone-ticker.de\/wp-content\/uploads\/2023\/08\/Anker_Nano_Charger_blue_2_2000-700x700.jpg 700w, https:\/\/images.iphone-ticker.de\/wp-content\/uploads\/2023\/08\/Anker_Nano_Charger_blue_2_2000-1536x1536.jpg 1536w, https:\/\/images.iphone-ticker.de\/wp-content\/uploads\/2023\/08\/Anker_Nano_Charger_blue_2_2000.jpg 2000w\" sizes=\"auto, (max-width: 150px) 100vw, 150px\" \/><\/a><p>In seinen Werbematerialien zum neuen Nano-Portfolio, die der Zubeh\u00f6ranbieter Anker heute lanciert hat, kokettiert das Unternehmen bereits mit dem erwarteten Wechsel des iPhone 15 vom Lightning- hin zum USB-C-Port. Entsprechend konzentriert man sich bei den neu vorgestellten Accessoires vorwiegend auf den USB-C-Standard und verzichtet fast komplett auf das Angebot zus\u00e4tzlicher Lightning-Varianten. Heute neu in den [&hellip;]<\/p>\n","protected":false},"author":1,"featured_media":220356,"comment_status":"open","ping_status":"closed","sticky":false,"template":"","format":"standard","meta":{"footnotes":""},"categories":[1],"tags":[27,2357,5239],"class_list":["post-220351","post","type-post","status-publish","format-standard","has-post-thumbnail","hentry","category-news","tag-akku","tag-anker","tag-zubehoer"],"aioseo_notices":[],"featured_image":["https:\/\/images.iphone-ticker.de\/wp-content\/uploads\/2023\/08\/nano-familie.jpg"],"subheadline":["Powerbank und Powerplug"],"rest_api_enabler":{"featured_image":"https:\/\/images.iphone-ticker.de\/wp-content\/uploads\/2023\/08\/nano-familie.jpg","subheadline":"Powerbank und Powerplug"},"_links":{"self":[{"href":"https:\/\/www.iphone-ticker.de\/apiv2\/wp\/v2\/posts\/220351","targetHints":{"allow":["GET"]}}],"collection":[{"href":"https:\/\/www.iphone-ticker.de\/apiv2\/wp\/v2\/posts"}],"about":[{"href":"https:\/\/www.iphone-ticker.de\/apiv2\/wp\/v2\/types\/post"}],"author":[{"embeddable":true,"href":"https:\/\/www.iphone-ticker.de\/apiv2\/wp\/v2\/users\/1"}],"replies":[{"embeddable":true,"href":"https:\/\/www.iphone-ticker.de\/apiv2\/wp\/v2\/comments?post=220351"}],"version-history":[{"count":2,"href":"https:\/\/www.iphone-ticker.de\/apiv2\/wp\/v2\/posts\/220351\/revisions"}],"predecessor-version":[{"id":220359,"href":"https:\/\/www.iphone-ticker.de\/apiv2\/wp\/v2\/posts\/220351\/revisions\/220359"}],"wp:featuredmedia":[{"embeddable":true,"href":"https:\/\/www.iphone-ticker.de\/apiv2\/wp\/v2\/media\/220356"}],"wp:attachment":[{"href":"https:\/\/www.iphone-ticker.de\/apiv2\/wp\/v2\/media?parent=220351"}],"wp:term":[{"taxonomy":"category","embeddable":true,"href":"https:\/\/www.iphone-ticker.de\/apiv2\/wp\/v2\/categories?post=220351"},{"taxonomy":"post_tag","embeddable":true,"href":"https:\/\/www.iphone-ticker.de\/apiv2\/wp\/v2\/tags?post=220351"}],"curies":[{"name":"wp","href":"https:\/\/api.w.org\/{rel}","templated":true}]}}