{"id":219912,"date":"2023-08-28T12:36:13","date_gmt":"2023-08-28T10:36:13","guid":{"rendered":"https:\/\/www.iphone-ticker.de\/?p=219912"},"modified":"2023-08-28T13:32:26","modified_gmt":"2023-08-28T11:32:26","slug":"echo-auto-neue-generation-erstmals-fast-zum-halben-preis","status":"publish","type":"post","link":"https:\/\/www.iphone-ticker.de\/echo-auto-neue-generation-erstmals-fast-zum-halben-preis-219912\/","title":{"rendered":"Echo Auto: Neue Generation erstmals fast zum halben Preis"},"content":{"rendered":"<p><a href=\"https:\/\/www.iphone-ticker.de\/das-ist-der-neue-echo-auto-die-2-generation-ist-kompakter-212945\/\">Erst Mitte Mai vorgestellt<\/a>, bietet der Online-H\u00e4ndler Amazon die zweite Generation des Echo Auto aktuell erstmals fast zum halben Preis an. Statt f\u00fcr 70 Euro wird das kleine Mikrofon f\u00fcr das Fahrzeuginnere aktuell mit einem Preisabzug von 43 Prozent <a rel=\"noindex, nofollow\" href=\"http:\/\/www.ifun.de\/amzn\/B09Y13TCNZ\">f\u00fcr nur noch 39,99 Euro<\/a> angeboten.<\/p>\n<p><a href=\"https:\/\/images.iphone-ticker.de\/wp-content\/uploads\/2022\/09\/echo-auto-iphone.jpg\"><img loading=\"lazy\" decoding=\"async\" class=\"aligncenter size-medium wp-image-199462\" src=\"https:\/\/images.iphone-ticker.de\/wp-content\/uploads\/2022\/09\/echo-auto-iphone-500x340.jpg\" alt=\"Echo Auto Iphone\" width=\"500\" height=\"340\" srcset=\"https:\/\/images.iphone-ticker.de\/wp-content\/uploads\/2022\/09\/echo-auto-iphone-500x340.jpg 500w, https:\/\/images.iphone-ticker.de\/wp-content\/uploads\/2022\/09\/echo-auto-iphone-700x476.jpg 700w, https:\/\/images.iphone-ticker.de\/wp-content\/uploads\/2022\/09\/echo-auto-iphone.jpg 1000w\" sizes=\"auto, (max-width: 500px) 100vw, 500px\" \/><\/a><\/p>\n<p>Noch weiter reduzieren l\u00e4sst sich der Preis, wenn vorhandene Echo- oder Alexa-Ger\u00e4te als Trade-In zu Amazon zur\u00fcckgeschickt werden.<\/p>\n<h2>Externes Mikrofon f\u00fcr die Alexa-App<\/h2>\n<p>Echo Auto ist ein externes Mikrofon f\u00fcr die offizielle Alexa-Applikation und gestattet die komfortable Nutzung der von Amazon Angebotenen Sprachassistenz, ohne daf\u00fcr zwingend den Griff zum eigenen Smartphone vorauszusetzen.<\/p>\n<p><a href=\"https:\/\/images.iphone-ticker.de\/wp-content\/uploads\/2022\/09\/Echo_Auto_1920x1080_302-1400.jpg\"><img loading=\"lazy\" decoding=\"async\" class=\"aligncenter size-large wp-image-199463\" src=\"https:\/\/images.iphone-ticker.de\/wp-content\/uploads\/2022\/09\/Echo_Auto_1920x1080_302-1400-700x394.jpg\" alt=\"Echo Auto 1920x1080 302 1400\" width=\"700\" height=\"394\" srcset=\"https:\/\/images.iphone-ticker.de\/wp-content\/uploads\/2022\/09\/Echo_Auto_1920x1080_302-1400-700x394.jpg 700w, https:\/\/images.iphone-ticker.de\/wp-content\/uploads\/2022\/09\/Echo_Auto_1920x1080_302-1400-500x281.jpg 500w, https:\/\/images.iphone-ticker.de\/wp-content\/uploads\/2022\/09\/Echo_Auto_1920x1080_302-1400.jpg 1400w\" sizes=\"auto, (max-width: 700px) 100vw, 700px\" \/><\/a><\/p>\n<p>Die Fahrzeugerweiterung richtet sich vornehmlich an Anwender, die ihr Smart-Home-Setup eng mit Alexa verkn\u00fcpft haben und die Sprachassistenz auf dem Heimweg zum konfigurieren von Beleuchtung, Temperatur und Schlie\u00dfvorrichtungen nutzen wollen.<\/p>\n<p>Dar\u00fcber hinaus l\u00e4sst sich Echo Auto auch zur Sprachfernbedienung von Musik-Streaming-Diensten nutzen und sollte durch die ausgelagerten Mikrofone und die Alexa-Infrastruktur eine bessere Performance als Siri an den Tag legen.<\/p>\n<p><a href=\"https:\/\/images.iphone-ticker.de\/wp-content\/uploads\/2023\/08\/echo-auto.jpg\"><img loading=\"lazy\" decoding=\"async\" class=\"aligncenter size-large wp-image-219913\" src=\"https:\/\/images.iphone-ticker.de\/wp-content\/uploads\/2023\/08\/echo-auto-700x280.jpg\" alt=\"Echo Auto\" width=\"700\" height=\"280\" srcset=\"https:\/\/images.iphone-ticker.de\/wp-content\/uploads\/2023\/08\/echo-auto-700x280.jpg 700w, https:\/\/images.iphone-ticker.de\/wp-content\/uploads\/2023\/08\/echo-auto-500x200.jpg 500w, https:\/\/images.iphone-ticker.de\/wp-content\/uploads\/2023\/08\/echo-auto.jpg 1500w\" sizes=\"auto, (max-width: 700px) 100vw, 700px\" \/><\/a><\/p>\n<p>Insgesamt hat Amazon f\u00fcnf einzelne Mikrofone in der zweiten Generation von Echo Auto verbaut und hat auf der Vorderseite nicht nur einen Stummschalter sondern auch eine Lichtleiste und eine Action-Taste untergebracht.<\/p>\n<p>Die Audioausgabe im Auto kann wahlweise per AUX-Kabel oder \u00fcber eine Bluetooth-Verbindung erfolgen. Die Befestigung erfolgt \u00fcber eine selbstklebende Autohalterung.<\/p>\n<script>\r\n  function open_amazon(link) {\r\n    if (navigator.userAgent.indexOf(\"Firefox\") != -1) {\r\n      window.open(link, '_blank');\r\n    } else {\r\n      var tag = document.createElement('a');\r\n      tag.setAttribute('href', link);\r\n      tag.innerHTML = \"amzn\";\r\n      tag.click();\r\n    }\r\n  }\r\n<\/script>\r\n    <div id=\"article-single-amazon-preview\" onclick=\"return open_amazon('https:\/\/www.amazon.de\/dp\/B09Y13TCNZ?tag=musicweb02&linkCode=ogi&th=1&psc=1');\">\n  <div id=\"article-single-amazon-preview-header\">\n    <span class=\"title\">Produkthinweis<\/span>\n      <\/div>\n  <div id=\"article-single-amazon-preview-content\">\n    <div id=\"article-single-amazon-preview-img\" style=\"background: url('https:\/\/m.media-amazon.com\/images\/I\/31U0wmTu0GL.jpg') center center no-repeat; background-size: cover;\"><\/div>\n    <div id=\"article-single-amazon-preview-desc\">\n      <span class=\"bezeichnung\"><a href=\"https:\/\/www.amazon.de\/dp\/B09Y13TCNZ?tag=musicweb02&linkCode=ogi&th=1&psc=1\" style=\"text-decoration: none; border-bottom: 0px; box-shadow: none;\">Echo Auto (Neueste Generation) \u2013 Nimm Alexa mit auf die Fahrt<\/a><\/span>\n      <span class=\"preis--aktuell\">39,99 EUR<\/span>\n      <span class=\"preis--alt\"><\/span>\n    <\/div>\n  <\/div>\n<\/div>\n<h2>Auch Echo Dot mit Uhr reduziert<\/h2>\n<p>Neben dem Echo Auto der 2. Generation ist auch <a rel=\"noindex, nofollow\" href=\"http:\/\/www.ifun.de\/amzn\/B09B8RVKGW\">der Echo Dot mit Uhr der 5. Generation<\/a> aktuell f\u00fcr nur noch 45 Euro zu haben. Der Echo Dot mit Uhr ist bei uns in der K\u00fcche aktiv und unserer Meinung nach das Beste Pferd im ger\u00e4umigen Stall der Echo-Ger\u00e4te. Warum dies so ist, haben wir in unserem Text vom vergangenen Oktober notiert:<\/p>\n<ul>\n<li><strong>Der neue Echo Dot im Einsatz:<\/strong> <a title=\"Der neue Echo Dot im Einsatz: Display, Temperatur, Sensoren\" href=\"https:\/\/www.ifun.de\/der-neue-echo-dot-im-einsatz-display-temperatur-sensoren-197085\/\">Display, Temperatur, Sensoren<\/a><\/li>\n<li><strong>F\u00fcr die Wandsteckdose:<\/strong> <a href=\"https:\/\/www.ifun.de\/fuer-die-wandsteckdose-echo-dot-halterung-erhoeht-das-niveau-198905\/\">Echo-Dot-Halterung erh\u00f6ht das Niveau<\/a><\/li>\n<\/ul>\n<script>\r\n  function open_amazon(link) {\r\n    if (navigator.userAgent.indexOf(\"Firefox\") != -1) {\r\n      window.open(link, '_blank');\r\n    } else {\r\n      var tag = document.createElement('a');\r\n      tag.setAttribute('href', link);\r\n      tag.innerHTML = \"amzn\";\r\n      tag.click();\r\n    }\r\n  }\r\n<\/script>\r\n    <div id=\"article-single-amazon-preview\" onclick=\"return open_amazon('https:\/\/www.amazon.de\/dp\/B09B8RVKGW?tag=musicweb02&linkCode=ogi&th=1&psc=1');\">\n  <div id=\"article-single-amazon-preview-header\">\n    <span class=\"title\">Produkthinweis<\/span>\n      <\/div>\n  <div id=\"article-single-amazon-preview-content\">\n    <div id=\"article-single-amazon-preview-img\" style=\"background: url('https:\/\/m.media-amazon.com\/images\/I\/51DyRfAWyAL.jpg') center center no-repeat; background-size: cover;\"><\/div>\n    <div id=\"article-single-amazon-preview-desc\">\n      <span class=\"bezeichnung\"><a href=\"https:\/\/www.amazon.de\/dp\/B09B8RVKGW?tag=musicweb02&linkCode=ogi&th=1&psc=1\" style=\"text-decoration: none; border-bottom: 0px; box-shadow: none;\">Echo Dot mit Uhr (5. Gen., 2022) | Smarter WLAN- und Bluetooth-Lautsprecher mit Uhr und Alexa und mit gigantischem...<\/a><\/span>\n      <span class=\"preis--aktuell\">44,99 EUR<\/span>\n      <span class=\"preis--alt\"><\/span>\n    <\/div>\n  <\/div>\n<\/div>\n<p><img loading=\"lazy\" decoding=\"async\" src=\"https:\/\/vg06.met.vgwort.de\/na\/f6b3ee12b54f4469866b2a6618f69c71\" width=\"1\" height=\"1\" no-lazy class=\"tracking\"><\/p>\n","protected":false},"excerpt":{"rendered":"<a href=\"https:\/\/www.iphone-ticker.de\/echo-auto-neue-generation-erstmals-fast-zum-halben-preis-219912\/\"><img width=\"150\" height=\"150\" src=\"https:\/\/images.iphone-ticker.de\/wp-content\/uploads\/2023\/08\/echo-auto-150x150.jpg\" class=\"alignright tfe wp-post-image\" alt=\"Echo Auto\" decoding=\"async\" loading=\"lazy\" \/><\/a><p>Erst Mitte Mai vorgestellt, bietet der Online-H\u00e4ndler Amazon die zweite Generation des Echo Auto aktuell erstmals fast zum halben Preis an. Statt f\u00fcr 70 Euro wird das kleine Mikrofon f\u00fcr das Fahrzeuginnere aktuell mit einem Preisabzug von 43 Prozent f\u00fcr nur noch 39,99 Euro angeboten. Noch weiter reduzieren l\u00e4sst sich der Preis, wenn vorhandene Echo- [&hellip;]<\/p>\n","protected":false},"author":1,"featured_media":219913,"comment_status":"open","ping_status":"closed","sticky":false,"template":"","format":"standard","meta":{"footnotes":""},"categories":[1],"tags":[254,2895,5335],"class_list":["post-219912","post","type-post","status-publish","format-standard","has-post-thumbnail","hentry","category-news","tag-amazon","tag-echo","tag-echo-auto"],"aioseo_notices":[],"featured_image":["https:\/\/images.iphone-ticker.de\/wp-content\/uploads\/2023\/05\/echo-auto-roadtrip.jpg"],"subheadline":["F\u00fcnf Mikrofone, AUX und Bluetooth"],"rest_api_enabler":{"featured_image":"https:\/\/images.iphone-ticker.de\/wp-content\/uploads\/2023\/05\/echo-auto-roadtrip.jpg","subheadline":"F\u00fcnf Mikrofone, AUX und Bluetooth"},"_links":{"self":[{"href":"https:\/\/www.iphone-ticker.de\/apiv2\/wp\/v2\/posts\/219912","targetHints":{"allow":["GET"]}}],"collection":[{"href":"https:\/\/www.iphone-ticker.de\/apiv2\/wp\/v2\/posts"}],"about":[{"href":"https:\/\/www.iphone-ticker.de\/apiv2\/wp\/v2\/types\/post"}],"author":[{"embeddable":true,"href":"https:\/\/www.iphone-ticker.de\/apiv2\/wp\/v2\/users\/1"}],"replies":[{"embeddable":true,"href":"https:\/\/www.iphone-ticker.de\/apiv2\/wp\/v2\/comments?post=219912"}],"version-history":[{"count":2,"href":"https:\/\/www.iphone-ticker.de\/apiv2\/wp\/v2\/posts\/219912\/revisions"}],"predecessor-version":[{"id":219916,"href":"https:\/\/www.iphone-ticker.de\/apiv2\/wp\/v2\/posts\/219912\/revisions\/219916"}],"wp:featuredmedia":[{"embeddable":true,"href":"https:\/\/www.iphone-ticker.de\/apiv2\/wp\/v2\/media\/219913"}],"wp:attachment":[{"href":"https:\/\/www.iphone-ticker.de\/apiv2\/wp\/v2\/media?parent=219912"}],"wp:term":[{"taxonomy":"category","embeddable":true,"href":"https:\/\/www.iphone-ticker.de\/apiv2\/wp\/v2\/categories?post=219912"},{"taxonomy":"post_tag","embeddable":true,"href":"https:\/\/www.iphone-ticker.de\/apiv2\/wp\/v2\/tags?post=219912"}],"curies":[{"name":"wp","href":"https:\/\/api.w.org\/{rel}","templated":true}]}}